{"id":897,"date":"2019-07-06T06:52:21","date_gmt":"2019-07-06T06:52:21","guid":{"rendered":"http:\/\/antoniopascotto.it\/?p=897"},"modified":"2019-07-06T06:52:56","modified_gmt":"2019-07-06T06:52:56","slug":"il-mondo-senza-internet-connessioni-e-ossessioni-dallo-scandalo-facebook-alla-quiete-digitale","status":"publish","type":"post","link":"https:\/\/antoniopascotto.it\/?p=897","title":{"rendered":"IL MONDO SENZA INTERNET"},"content":{"rendered":"<p><strong>Il 10 luglio a Roma la presentazione ufficiale del nuovo, sorprendente lavoro di Antonio Pascotto sul mondo improvvisamente \u201corfano\u201d della Rete e del Web<\/strong><\/p>\n<p><strong>Roma, Grand Hotel Plaza, via del Corso 126, ore 18.30<\/strong><\/p>\n<p><strong>mercoled\u00ec 10 luglio, ore 18,30<\/strong><\/p>\n<p>Come sarebbe svegliarsi una mattina e scoprire che, per motivi di sicurezza internazionale, Internet \u00e8 stato bloccato per sempre? \u00c8 quello che succede al protagonista di \u201cIl mondo senza internet\u201d di Antonio Pascotto (Male Edizioni di Monica Macchioni, luglio 2019) che, da un giorno all\u2019altro, come tutti, ora si sente straniero in un villaggio che di globale non ha pi\u00f9 niente. La vita di milioni di persone viene sconvolta. Senza Internet vanno in fumo sviluppo tecnologico e digitale, Web, connessioni, applicazioni, domotica, automazione e robotizzazione, streaming, YouTube, WhatsApp, Facebook, Twitter. Niente pi\u00f9 foto su Instagram, niente Cloud, niente e-mail. Per spedire una lettera occorre tornare a fare la fila all\u2019ufficio postale, per un bonifico bisogna recarsi necessariamente in banca. Nessun acquisto online, TripAdvisor \u00e8 solo un ricordo. Tornano ad affollarsi le agenzie di viaggi. Torna la gente davanti alle edicole.<\/p>\n<p>Il libro di Pascotto \u2013 che verr\u00e0 presentato mercoled\u00ec prossimo 10 luglio a Roma, presso il Grand Hotel Plaza di via del Corso, alle 18.30 \u2013 dipinge con maestria uno\u00a0scenario da \u201canno zero\u201d in cui non resta pi\u00f9 nulla della grande rivoluzione digitale e delle trasformazioni socio-economiche e culturali generate con il passaggio dalla tecnologia meccanica ed elettronica di tipo analogico a quella degli elaboratori computerizzati. \u00c8 come un salto indietro nel tempo. L\u2019autore ne approfitta per soffermarsi su un mondo, quello di Internet, fino ad oggi messo in discussione per il pericolo di una eccessiva intossicazione da bit: troppi sms, troppi social, miliardi di dati nelle mani delle big tech. Dallo scandalo Facebook, con la violazione di milioni di profili da parte della societ\u00e0 britannica Cambridge Analytica, alla quiete digitale, Antonio Pascotto si pone una serie di interrogativi sugli effetti della tecnologia e sull\u2019utilizzo di smartphone e social network. Lo fa con uno sguardo rivolto ai pi\u00f9 giovani, che si erano illusi di vivere nel migliore dei mondi possibili. Ma ora devono fare i conti con il mondo senza Internet. Loro sono sconvolti, lui in fondo non \u00e8 poi cos\u00ec disperato.<\/p>\n","protected":false},"excerpt":{"rendered":"<p>Il 10 luglio a Roma la presentazione ufficiale del nuovo, sorprendente lavoro di Antonio Pascotto sul mondo improvvisamente \u201corfano\u201d della Rete e del Web Roma, Grand Hotel Plaza, via del Corso 126, ore 18.30 mercoled\u00ec 10 luglio, ore 18,30 Come sarebbe svegliarsi una mattina e scoprire che, per motivi di sicurezza internazionale, Internet \u00e8 stato [&hellip;]<\/p>\n","protected":false},"author":2,"featured_media":898,"comment_status":"open","ping_status":"open","sticky":false,"template":"","format":"image","meta":{"advanced_seo_description":"","jetpack_seo_html_title":"","jetpack_seo_noindex":false,"jetpack_post_was_ever_published":false,"_jetpack_newsletter_access":"","jetpack_publicize_message":"","jetpack_is_tweetstorm":false,"jetpack_publicize_feature_enabled":true,"jetpack_social_post_already_shared":true,"jetpack_social_options":{"image_generator_settings":{"template":"highway","enabled":false}}},"categories":[262,6,3],"tags":[281,280,151],"jetpack_publicize_connections":[],"jetpack_featured_media_url":"https:\/\/i0.wp.com\/antoniopascotto.it\/wp-content\/uploads\/2019\/07\/2019-07-06_085109.jpg?fit=595%2C389&ssl=1","jetpack_sharing_enabled":true,"jetpack_shortlink":"https:\/\/wp.me\/p8swp8-et","jetpack-related-posts":[{"id":907,"url":"https:\/\/antoniopascotto.it\/?p=907","url_meta":{"origin":897,"position":0},"title":"IL MONDO SENZA INTERNET. IL FOTORACCONTO","author":"Antonio Pascotto","date":"Agosto 3, 2019","format":"image","excerpt":"Alla presentazione del mio libro, IL MONDO SENZA INTERNET, ci siamo proprio divertiti. Si, perch\u00e9 per me la presentazione di un lavoro \u00e8 anche un momento per stare insieme con gli amici, guardandosi negli occhi, interagendo con il fisico e con la mente. Cose che online non si possono fare.\u2026","rel":"","context":"In &quot;Digitale&quot;","block_context":{"text":"Digitale","link":"https:\/\/antoniopascotto.it\/?cat=21"},"img":{"alt_text":"","src":"https:\/\/i0.wp.com\/antoniopascotto.it\/wp-content\/uploads\/2019\/08\/2019-07-12_101142.jpg?fit=1200%2C739&ssl=1&resize=350%2C200","width":350,"height":200},"classes":[]},{"id":1154,"url":"https:\/\/antoniopascotto.it\/?p=1154","url_meta":{"origin":897,"position":1},"title":"UN PREMIO PER IL MONDO SENZA INTERNET","author":"Antonio Pascotto","date":"Ottobre 13, 2019","format":"image","excerpt":"Quando si riceve un premio \u00e8 sempre un momento bellissimo. E' il riconoscimento per il lavoro svolto, per qualcosa su cui hai veramente creduto. Il Mondo Senza Internet \u00e8 il frutto di alcuni mesi di lavoro tra creativit\u00e0, riflessioni, letture, ricerche. E quando ti accorgi che il tempo che hai\u2026","rel":"","context":"In &quot;Cultura&quot;","block_context":{"text":"Cultura","link":"https:\/\/antoniopascotto.it\/?cat=72"},"img":{"alt_text":"","src":"https:\/\/i0.wp.com\/antoniopascotto.it\/wp-content\/uploads\/2019\/10\/FAHO3249.jpg?fit=1200%2C900&ssl=1&resize=350%2C200","width":350,"height":200},"classes":[]},{"id":1210,"url":"https:\/\/antoniopascotto.it\/?p=1210","url_meta":{"origin":897,"position":2},"title":"DA &#8216;SCONNESSI&#8217; ALLA PREFAZIONE DEL MIO LIBRO. GRAZIE CHRISTIAN","author":"Antonio Pascotto","date":"Dicembre 16, 2019","format":"image","excerpt":"Christian Marazziti non \u00e8 solo un regista di successo. Scrive testi teatrali, \u00e8 un ottimo attore, ma soprattutto \u00e8 una persona sensibile, capace di affrontare i temi pi\u00f9 delicati con una professionalit\u00e0 fuori dal comune. Lo dimostra uno dei suoi ultimi lavori, una web serie dove si racconta l'impatto della\u2026","rel":"","context":"In &quot;Cultura&quot;","block_context":{"text":"Cultura","link":"https:\/\/antoniopascotto.it\/?cat=72"},"img":{"alt_text":"","src":"https:\/\/i0.wp.com\/antoniopascotto.it\/wp-content\/uploads\/2019\/12\/Antonio-Pascotto-e-Christian-Marazziti-2.jpg?fit=846%2C423&ssl=1&resize=350%2C200","width":350,"height":200},"classes":[]},{"id":1127,"url":"https:\/\/antoniopascotto.it\/?p=1127","url_meta":{"origin":897,"position":3},"title":"FABRIZIO, I LIBRI E IL LAVORO","author":"Antonio Pascotto","date":"Settembre 30, 2019","format":"image","excerpt":"Uno dei miei scrittori preferiti \u00e8 senza dubbio Fabrizio Falconi, amico e collega di lunga data. Lavoriamo insieme a Mediaset da quasi 27 anni. Un bel po di tempo, non c'\u00e8 che dire. Ho letto quasi tutti i suoi libri. E ho cominciato a sfogliare il suo ultimo lavoro, interessantissimo,\u2026","rel":"","context":"In &quot;Cultura&quot;","block_context":{"text":"Cultura","link":"https:\/\/antoniopascotto.it\/?cat=72"},"img":{"alt_text":"","src":"https:\/\/i0.wp.com\/antoniopascotto.it\/wp-content\/uploads\/2019\/09\/2019-09-30_082847.jpg?fit=467%2C307&ssl=1&resize=350%2C200","width":350,"height":200},"classes":[]},{"id":1454,"url":"https:\/\/antoniopascotto.it\/?p=1454","url_meta":{"origin":897,"position":4},"title":"SENZA INTERNET","author":"Antonio Pascotto","date":"Giugno 9, 2021","format":"image","excerpt":"Un blackout della Rete. Senza Internet per un\u2019ora circa. E sembrava la fine del mondo. Sul Web si sono accavallate voci preoccupanti e per nulla senza fondamento. Alle dieci di mattina eravamo tutti disorientati e impauriti. Nel panico. La causa del crollo, forse, dovuta a un guasto, un problema tecnico\u2026","rel":"","context":"In &quot;Digitale&quot;","block_context":{"text":"Digitale","link":"https:\/\/antoniopascotto.it\/?cat=21"},"img":{"alt_text":"","src":"https:\/\/i0.wp.com\/antoniopascotto.it\/wp-content\/uploads\/2021\/06\/SENZA-INTERNET-COPERTINA.png?fit=879%2C448&ssl=1&resize=350%2C200","width":350,"height":200},"classes":[]},{"id":1058,"url":"https:\/\/antoniopascotto.it\/?p=1058","url_meta":{"origin":897,"position":5},"title":"SCUOTERE IL PUBBLICO DEI SOCIAL. IL FOTORACCONTO DI UNA SERATA SULL&#8217;ISOLA TIBERINA","author":"Antonio Pascotto","date":"Agosto 21, 2019","format":"image","excerpt":"Il pretesto per questo mio post \u00e8 stata una splendida serata sull'Isola Tiberina, che d'estate diventa Isola del Cinema e della Lettura. Ma soprattutto il titolo di un bellissimo articolo di Andrea Gentili sul portale SprayNews. Ringrazio Andrea per le bellissime parole e per l'attenzione che ha voluto dedicare al\u2026","rel":"","context":"In &quot;Internet&quot;","block_context":{"text":"Internet","link":"https:\/\/antoniopascotto.it\/?cat=262"},"img":{"alt_text":"","src":"https:\/\/i0.wp.com\/antoniopascotto.it\/wp-content\/uploads\/2019\/08\/2019-08-21_103445.jpg?fit=1200%2C580&ssl=1&resize=350%2C200","width":350,"height":200},"classes":[]}],"_links":{"self":[{"href":"https:\/\/antoniopascotto.it\/index.php?rest_route=\/wp\/v2\/posts\/897"}],"collection":[{"href":"https:\/\/antoniopascotto.it\/index.php?rest_route=\/wp\/v2\/posts"}],"about":[{"href":"https:\/\/antoniopascotto.it\/index.php?rest_route=\/wp\/v2\/types\/post"}],"author":[{"embeddable":true,"href":"https:\/\/antoniopascotto.it\/index.php?rest_route=\/wp\/v2\/users\/2"}],"replies":[{"embeddable":true,"href":"https:\/\/antoniopascotto.it\/index.php?rest_route=%2Fwp%2Fv2%2Fcomments&post=897"}],"version-history":[{"count":2,"href":"https:\/\/antoniopascotto.it\/index.php?rest_route=\/wp\/v2\/posts\/897\/revisions"}],"predecessor-version":[{"id":900,"href":"https:\/\/antoniopascotto.it\/index.php?rest_route=\/wp\/v2\/posts\/897\/revisions\/900"}],"wp:featuredmedia":[{"embeddable":true,"href":"https:\/\/antoniopascotto.it\/index.php?rest_route=\/wp\/v2\/media\/898"}],"wp:attachment":[{"href":"https:\/\/antoniopascotto.it\/index.php?rest_route=%2Fwp%2Fv2%2Fmedia&parent=897"}],"wp:term":[{"taxonomy":"category","embeddable":true,"href":"https:\/\/antoniopascotto.it\/index.php?rest_route=%2Fwp%2Fv2%2Fcategories&post=897"},{"taxonomy":"post_tag","embeddable":true,"href":"https:\/\/antoniopascotto.it\/index.php?rest_route=%2Fwp%2Fv2%2Ftags&post=897"}],"curies":[{"name":"wp","href":"https:\/\/api.w.org\/{rel}","templated":true}]}}