{"id":874,"date":"2019-04-30T07:07:35","date_gmt":"2019-04-30T07:07:35","guid":{"rendered":"http:\/\/antoniopascotto.it\/?p=874"},"modified":"2020-04-07T16:50:31","modified_gmt":"2020-04-07T16:50:31","slug":"stanlio-ollio-gli-allegri-vagabondi","status":"publish","type":"post","link":"https:\/\/antoniopascotto.it\/?p=874","title":{"rendered":"STANLIO &#038; OLLIO, GLI ALLEGRI VAGABONDI"},"content":{"rendered":"<p>Finalmente un film su Stan Laurel e Oliver Hardy. Stanlio e Ollio. Ci hanno accompagnato per anni, e ancora oggi, su qualche televisione, ammiriamo le loro gag. Forse \u00e8 stata la coppia pi\u00f9 straordinaria di tutti i tempi. Erano fatti l\u2019uno per l\u2019altro. Una miscellanea perfetta. Difficile immaginare Stan senza l\u2019amico Oliver. La pellicola diretta da Jon S.Baird narra l\u2019ultima fase della loro carriera. Siamo nel 1937, Stanlio e Ollio sono ancora sotto contratto, ma Stan si lamenta con il suo produttore. Litiga, viene licenziato. Oliver dovr\u00e0\u00a0 girare da solo per la prima volta dopo i successi internazionali con l\u2019amico. Una macchia indelebile, l\u2019unica, dell\u2019intera storia artistica dei due.<\/p>\n<p>Qualche anno dopo, oramai ultrasessantenni, Laurel e Hardy decidono di partire per una tourn\u00e9e teatrale. Ancora c\u2019\u00e8 la voglia di darsi al pubblico, di creare nuovi progetti. Addirittura si pensa a un film. Ma il sipario \u00e8 oramai pronto per chiudersi. Non si chiude, invece, la loro amicizia. E\u2019 impossibile. Stanlio e Ollio sono una coppia di fatto che nemmeno le mogli possono dividere. Il film \u00e8 delicato, dolce, intenso. E soprattutto ci riporta indietro nel tempo, quando non perdevamo neppure un appuntamento con le loro comiche. Purtroppo Stan e Oliver non hanno mai saputo quanto sarebbero diventati popolari tra quelli della mia generazione. Ancora oggi ricordo pellicole come <em>I due galeotti<\/em>, <em>Fra diavolo<\/em>, <em>Andiamo a lavorare<\/em>, <em>I monelli<\/em>, <em>Lavori in corso<\/em>, <em>I figli del deserto<\/em>, <em>I diavoli volanti<\/em>, <em>Gli allegri imbroglioni<\/em>, <em>I vagabondi<\/em>, il mio preferito, quello girato nella lugubre casa dove sarebbe morto un lontano parente di Stanlio. Ricordo le mie risate a crepapelle. In quell\u2019occasione Stanlio era doppiato da Fiorenzo Fiorentini, mentre Ollio recitava con la voce di Carlo Croccolo, noto per aver lavorato pi\u00f9 volte al fianco del grande Tot\u00f2. Ollio, com\u2019\u00e8 noto, fu doppiato per anni da un altro colosso del cinema italiano, Alberto Sordi.<\/p>\n<p><img decoding=\"async\" loading=\"lazy\" class=\"alignleft size-medium wp-image-877\" src=\"https:\/\/i0.wp.com\/antoniopascotto.it\/wp-content\/uploads\/2019\/04\/2019-04-30_085948-300x148.jpg?resize=300%2C148\" alt=\"\" width=\"300\" height=\"148\" data-recalc-dims=\"1\" \/>I cortometraggi di Stanlio e Ollio furono trasmessi in Italia dalla Rai alla fine degli anni Sessanta. Mi accomodavo sulla poltrona di casa, davanti al vecchio televisore in bianco e nero, quello con il tubo catodico grande quattro volte lo schermo. Al pomeriggio, con i ragazzi del cortile, commentavamo le scene che c\u2019erano piaciute di pi\u00f9. Li chiamavamo, come tanti altri, Cric e Croc. Imitavamo le loro smorfie: Stanlio mentre si grattava la testa quando piagnucolava, oppure Oliver che muoveva la cravatta quando salutava, o quando batteva con i polpastrelli su un tavolo, o quando chiamava l\u2019amico con quella marcata pronuncia anglosassone tipo <em>Mmmmm, Stanlioooo!!!<\/em>. A volte spostando l\u2019accento, come <em>stup\u00ecdo<\/em> al posto di <em>st\u00f9pido<\/em>. Smorfie esilaranti, accompagnate da quel motivetto accattivante dal titolo <em>The cuckoo song,<\/em> composto da Marvin Hatley su ispirazione dello stesso Stan.<\/p>\n<p>Quanti ricordi. E\u2019 stata una bella idea quella di girare un film su Stanlio e Ollio. Lo meritavano, e lo meritiamo noi, che li abbiamo amati anche dopo la loro scomparsa. Perch\u00e9 un attore, anche quando muore, continua a vivere. Forse per questo Stan Laurel avvert\u00ec gli amici che, se avessero pianto al suo funerale, non avrebbe mai pi\u00f9 rivolto loro la parola.<\/p>\n","protected":false},"excerpt":{"rendered":"<p>Finalmente un film su Stan Laurel e Oliver Hardy. Stanlio e Ollio. Ci hanno accompagnato per anni, e ancora oggi, su qualche televisione, ammiriamo le loro gag. Forse \u00e8 stata la coppia pi\u00f9 straordinaria di tutti i tempi. Erano fatti l\u2019uno per l\u2019altro. Una miscellanea perfetta. Difficile immaginare Stan senza l\u2019amico Oliver. La pellicola diretta [&hellip;]<\/p>\n","protected":false},"author":2,"featured_media":875,"comment_status":"open","ping_status":"open","sticky":false,"template":"","format":"image","meta":{"advanced_seo_description":"","jetpack_seo_html_title":"","jetpack_seo_noindex":false,"jetpack_post_was_ever_published":false,"_jetpack_newsletter_access":"","jetpack_publicize_message":"","jetpack_is_tweetstorm":false,"jetpack_publicize_feature_enabled":true,"jetpack_social_post_already_shared":true,"jetpack_social_options":{"image_generator_settings":{"template":"highway","enabled":false}}},"categories":[105],"tags":[108,257,278],"jetpack_publicize_connections":[],"jetpack_featured_media_url":"https:\/\/i0.wp.com\/antoniopascotto.it\/wp-content\/uploads\/2019\/04\/2019-04-30_085906.jpg?fit=612%2C331&ssl=1","jetpack_sharing_enabled":true,"jetpack_shortlink":"https:\/\/wp.me\/p8swp8-e6","jetpack-related-posts":[{"id":1441,"url":"https:\/\/antoniopascotto.it\/?p=1441","url_meta":{"origin":874,"position":0},"title":"LA RIVINCITA DEL VINILE","author":"Antonio Pascotto","date":"Aprile 24, 2021","format":"image","excerpt":"Ho letto che in questi primi mesi del 2021 il vinile ha sorpassato il cd. Cio\u00e9, si sono venduti di pi\u00f9 i dischi tradizionali rispetto ai compact disc, i dischi ottici utilizzati per la memorizzazione di informazioni in formato digitale. E' una specie di ritorno al futuro. Della serie: corsi\u2026","rel":"","context":"In &quot;Canzoni&quot;","block_context":{"text":"Canzoni","link":"https:\/\/antoniopascotto.it\/?cat=196"},"img":{"alt_text":"","src":"https:\/\/i0.wp.com\/antoniopascotto.it\/wp-content\/uploads\/2021\/04\/2021-04-25_013537.png?fit=921%2C440&ssl=1&resize=350%2C200","width":350,"height":200},"classes":[]},{"id":455,"url":"https:\/\/antoniopascotto.it\/?p=455","url_meta":{"origin":874,"position":1},"title":"TORINO VUOL DIRE NAPOLI CHE VA IN MONTAGNA","author":"Antonio Pascotto","date":"Dicembre 19, 2017","format":"image","excerpt":"Torino non \u00e8 soltanto un\u2019illusione. Torino \u00e8 la citt\u00e0 che ti accoglie anche se arrivi da molto lontano. Mi \u00e8 sempre piaciuta, pure in epoca non sospetta, quando era considerata una citt\u00e0 grigia. Sar\u00e0 stata la presenza della Fiat. A me piaceva in particolare per questo, perch\u00e9 aveva dato a\u2026","rel":"","context":"In &quot;Citt\u00e0&quot;","block_context":{"text":"Citt\u00e0","link":"https:\/\/antoniopascotto.it\/?cat=127"},"img":{"alt_text":"","src":"https:\/\/i0.wp.com\/antoniopascotto.it\/wp-content\/uploads\/2017\/12\/IMG_3852.jpg?fit=1200%2C900&ssl=1&resize=350%2C200","width":350,"height":200},"classes":[]},{"id":1463,"url":"https:\/\/antoniopascotto.it\/?p=1463","url_meta":{"origin":874,"position":2},"title":"QUEI GIORNI A NEW YORK, LA CITTA&#8217; DEGLI EROI","author":"Antonio Pascotto","date":"Settembre 10, 2021","format":"image","excerpt":"Fui catapultato\u00a0a New York\u00a0nei giorni immediatamente successivi all'attacco alle Torri Gemelle. L'attesa di 16 ore nell'aeroporto di Fiumicino, poi finalmente il volo Alitalia che ci port\u00f2 nella citt\u00e0 martoriata, da sempre al centro del mondo, ma in quel momento ancora di pi\u00f9. Ci sentivamo tutti cittadini della Grande Mela. Arrivai\u2026","rel":"","context":"In &quot;Celebrazioni&quot;","block_context":{"text":"Celebrazioni","link":"https:\/\/antoniopascotto.it\/?cat=213"},"img":{"alt_text":"","src":"https:\/\/i0.wp.com\/antoniopascotto.it\/wp-content\/uploads\/2021\/09\/20729571_10214025851469130_743593202763141375_n.jpg?fit=460%2C345&ssl=1&resize=350%2C200","width":350,"height":200},"classes":[]},{"id":1284,"url":"https:\/\/antoniopascotto.it\/?p=1284","url_meta":{"origin":874,"position":3},"title":"IL CIELO IN UNA STANZA","author":"Antonio Pascotto","date":"Aprile 15, 2020","format":"image","excerpt":"\u00a0 Mi guardo attorno e osservo con particolare attenzione la mia stanza come mai prima d\u2019ora. I quadri appesi al muro, le foto nelle cornici, i libri, gli appunti sulla scrivania, i computer. Ne ho pi\u00f9 di uno, e spesso sono accesi tutti nello stesso momento. Ho un bel balcone\u2026","rel":"","context":"In &quot;Digitale&quot;","block_context":{"text":"Digitale","link":"https:\/\/antoniopascotto.it\/?cat=21"},"img":{"alt_text":"","src":"https:\/\/i0.wp.com\/antoniopascotto.it\/wp-content\/uploads\/2020\/04\/2020-04-15_101148.jpg?fit=941%2C457&ssl=1&resize=350%2C200","width":350,"height":200},"classes":[]},{"id":405,"url":"https:\/\/antoniopascotto.it\/?p=405","url_meta":{"origin":874,"position":4},"title":"GIORNALISTI E SCOOP. PASSIONE E SENTIMENTO","author":"Antonio Pascotto","date":"Settembre 28, 2017","format":"gallery","excerpt":"Sono le 19 quando ricevo la telefonata, graditissima, di una giornalista che il mestiere lo ha sempre avuto nel sangue, Marina Como. Attualmente lavora per Porta a Porta. Quando si parla della Regina Elisabetta non pu\u00f2 essere che lei a realizzare il servizio. Nella sua lunga carriera ne ha intervistati\u2026","rel":"","context":"In &quot;Cinema&quot;","block_context":{"text":"Cinema","link":"https:\/\/antoniopascotto.it\/?cat=105"},"img":{"alt_text":"","src":"https:\/\/i0.wp.com\/antoniopascotto.it\/wp-content\/uploads\/2017\/09\/Brigitte-e-Marina.jpg?fit=319%2C314&ssl=1&resize=350%2C200","width":350,"height":200},"classes":[]},{"id":1058,"url":"https:\/\/antoniopascotto.it\/?p=1058","url_meta":{"origin":874,"position":5},"title":"SCUOTERE IL PUBBLICO DEI SOCIAL. IL FOTORACCONTO DI UNA SERATA SULL&#8217;ISOLA TIBERINA","author":"Antonio Pascotto","date":"Agosto 21, 2019","format":"image","excerpt":"Il pretesto per questo mio post \u00e8 stata una splendida serata sull'Isola Tiberina, che d'estate diventa Isola del Cinema e della Lettura. Ma soprattutto il titolo di un bellissimo articolo di Andrea Gentili sul portale SprayNews. Ringrazio Andrea per le bellissime parole e per l'attenzione che ha voluto dedicare al\u2026","rel":"","context":"In &quot;Internet&quot;","block_context":{"text":"Internet","link":"https:\/\/antoniopascotto.it\/?cat=262"},"img":{"alt_text":"","src":"https:\/\/i0.wp.com\/antoniopascotto.it\/wp-content\/uploads\/2019\/08\/2019-08-21_103445.jpg?fit=1200%2C580&ssl=1&resize=350%2C200","width":350,"height":200},"classes":[]}],"_links":{"self":[{"href":"https:\/\/antoniopascotto.it\/index.php?rest_route=\/wp\/v2\/posts\/874"}],"collection":[{"href":"https:\/\/antoniopascotto.it\/index.php?rest_route=\/wp\/v2\/posts"}],"about":[{"href":"https:\/\/antoniopascotto.it\/index.php?rest_route=\/wp\/v2\/types\/post"}],"author":[{"embeddable":true,"href":"https:\/\/antoniopascotto.it\/index.php?rest_route=\/wp\/v2\/users\/2"}],"replies":[{"embeddable":true,"href":"https:\/\/antoniopascotto.it\/index.php?rest_route=%2Fwp%2Fv2%2Fcomments&post=874"}],"version-history":[{"count":2,"href":"https:\/\/antoniopascotto.it\/index.php?rest_route=\/wp\/v2\/posts\/874\/revisions"}],"predecessor-version":[{"id":878,"href":"https:\/\/antoniopascotto.it\/index.php?rest_route=\/wp\/v2\/posts\/874\/revisions\/878"}],"wp:featuredmedia":[{"embeddable":true,"href":"https:\/\/antoniopascotto.it\/index.php?rest_route=\/wp\/v2\/media\/875"}],"wp:attachment":[{"href":"https:\/\/antoniopascotto.it\/index.php?rest_route=%2Fwp%2Fv2%2Fmedia&parent=874"}],"wp:term":[{"taxonomy":"category","embeddable":true,"href":"https:\/\/antoniopascotto.it\/index.php?rest_route=%2Fwp%2Fv2%2Fcategories&post=874"},{"taxonomy":"post_tag","embeddable":true,"href":"https:\/\/antoniopascotto.it\/index.php?rest_route=%2Fwp%2Fv2%2Ftags&post=874"}],"curies":[{"name":"wp","href":"https:\/\/api.w.org\/{rel}","templated":true}]}}