{"id":867,"date":"2019-04-15T15:10:12","date_gmt":"2019-04-15T15:10:12","guid":{"rendered":"http:\/\/antoniopascotto.it\/?p=867"},"modified":"2020-03-08T08:39:59","modified_gmt":"2020-03-08T08:39:59","slug":"un-brusco-risveglio","status":"publish","type":"post","link":"https:\/\/antoniopascotto.it\/?p=867","title":{"rendered":"UN BRUSCO RISVEGLIO"},"content":{"rendered":"<blockquote><p><em>Per 3 ore Facebook, Instagram e Whatsapp sono rimasti irraggiungibili in molte parti del mondo. Due miliardi e mezzo di persone isolate. Come un mese fa, quando i social si bloccarono per 14 lunghissime ore. Eppure anche questa volta ho visto gente smarrita, con la testa china sul telefonino, in preda al panico. Proprio come il mio ultimo incubo: svegliarmi la mattina e scoprire che per motivi di sicurezza Internet \u00e8 stato bloccato. E\u2019 partita da qui la mia riflessione su social e tecnologie. Lo spunto per scrivere un racconto, che sar\u00e0 pubblicato tra qualche settimana. Ecco l\u2019inizio.<\/em><\/p><\/blockquote>\n<p>Mi giro, mi rigiro, mi manca l\u2019aria, sono sudato. Cos\u2019\u00e8, un incubo? Forse. La sveglia segna le 7 e 17. Sempre cos\u00ec, la guardo sempre alla stessa ora, anche se non suona. Significher\u00e0 qualcosa? Non lo so, non me lo spiego, ma non \u00e8 certo il momento per pensarci. \u00a0Sono troppo scosso per qualcosa che ho sognato, ma non ricordo cosa. Fisso di nuovo il quadrante dell\u2019orologio. Lampeggia, pare impazzito. Si accende la radio. Sembra un film dell\u2019orrore. Mi colpisce il ritmo con cui lo speaker del giornale radio scandisce la notizia. Non sento quello che dice. O meglio, non ci faccio subito caso. L\u2019attenzione \u00e8 rivolta verso quella voce concitata che sta raccontando qualcosa d\u2019importante, di urgente, di clamoroso. Eppure il mestiere dovrebbe impormi un atteggiamento diverso, un approccio alla notizia insomma. Ma non \u00e8 cos\u00ec. Non mi comporto come dovrei. Mi manca la cognizione giusta, il riflesso che conta quando succede qualcosa. Sono ancora turbato, questo \u00e8 il problema. Ma non posso andare avanti cos\u00ec per tutta la mattinata. Continuo a muovermi in preda a chiss\u00e0 quale panico, per\u00f2 il volume della radio diventa all\u2019improvviso pi\u00f9 stabile, chiaro, senza interferenze, fluido. E riesco finalmente a capire di cosa sta parlando quel cronista, quasi impazzito come me. Dice che il governo ha deciso di interrompere tutte le comunicazioni online. Internet \u00e8 stato bloccato, disabilitato.<\/p>\n<p>Mi stropiccio gli occhi. Poi decido di farlo anche con le orecchie. Cosa? Non sto proprio bene. Vuoi vedere che \u00e8 colpa del fatto che non sto pi\u00f9 fumando da qualche mese? \u00a0Il governo, ma quale governo? Carloooo! Ma cosa succede? Giovanni, ehi Giovanni\u2026.Leonarda, ci siete? Nessuno, non c\u2019\u00e8 nessuno. Alzo il volume, cerco di capire. Cerco di mettere ordine nella mia mente. Ibrida, fino a questo momento. Disconessa, \u00e8 proprio il caso di dire. Perch\u00e9 se quello che ho sentito \u00e8 vero\u2026<\/p>\n","protected":false},"excerpt":{"rendered":"<p>Per 3 ore Facebook, Instagram e Whatsapp sono rimasti irraggiungibili in molte parti del mondo. Due miliardi e mezzo di persone isolate. Come un mese fa, quando i social si bloccarono per 14 lunghissime ore. Eppure anche questa volta ho visto gente smarrita, con la testa china sul telefonino, in preda al panico. Proprio come [&hellip;]<\/p>\n","protected":false},"author":2,"featured_media":868,"comment_status":"open","ping_status":"open","sticky":false,"template":"","format":"image","meta":{"advanced_seo_description":"","jetpack_seo_html_title":"","jetpack_seo_noindex":false,"jetpack_post_was_ever_published":false,"_jetpack_newsletter_access":"","jetpack_publicize_message":"","jetpack_is_tweetstorm":false,"jetpack_publicize_feature_enabled":true,"jetpack_social_post_already_shared":true,"jetpack_social_options":{"image_generator_settings":{"template":"highway","enabled":false}}},"categories":[170,262,6,3],"tags":[],"jetpack_publicize_connections":[],"jetpack_featured_media_url":"https:\/\/i0.wp.com\/antoniopascotto.it\/wp-content\/uploads\/2019\/04\/2019-04-15_170929.jpg?fit=815%2C482&ssl=1","jetpack_sharing_enabled":true,"jetpack_shortlink":"https:\/\/wp.me\/p8swp8-dZ","jetpack-related-posts":[{"id":417,"url":"https:\/\/antoniopascotto.it\/?p=417","url_meta":{"origin":867,"position":0},"title":"UN MONDO SENZA IL WEB. L\u2019INIZIO DI UNA STORIA","author":"Antonio Pascotto","date":"Novembre 7, 2017","format":"image","excerpt":"Proviamo a fare un gioco. L\u2019inizio di una storia. La mattina ci svegliamo e ci accorgiamo che non c\u2019\u00e8 pi\u00f9 Internet. Il Web \u00e8 stato bloccato per motivi di sicurezza internazionale. Rimaniamo senza Rete. Un sogno? Un incubo? Proviamo a scrivere un racconto. Che inizia cos\u00ec: Mi giro, mi rigiro,\u2026","rel":"","context":"In &quot;Digitale&quot;","block_context":{"text":"Digitale","link":"https:\/\/antoniopascotto.it\/?cat=21"},"img":{"alt_text":"","src":"https:\/\/i0.wp.com\/antoniopascotto.it\/wp-content\/uploads\/2017\/11\/2017-11-07_090059.jpg?fit=592%2C360&ssl=1&resize=350%2C200","width":350,"height":200},"classes":[]},{"id":1270,"url":"https:\/\/antoniopascotto.it\/?p=1270","url_meta":{"origin":867,"position":1},"title":"ERAVAMO FELICI MA ASINTOMATICI","author":"Antonio Pascotto","date":"Marzo 28, 2020","format":false,"excerpt":"Mi sembra di vivere in un incubo. Rinchiuso in casa, in piena pandemia. Riscopro le mie cose, riprendo tra le mani libri, fumetti. Rivedo vecchi film. Altri sono nuovi. Molti li avevo persi. Non posso andare a correre, ma ho il tapis roulant, e lo uso. Si che lo uso.\u2026","rel":"","context":"In &quot;Digitale&quot;","block_context":{"text":"Digitale","link":"https:\/\/antoniopascotto.it\/?cat=21"},"img":{"alt_text":"","src":"https:\/\/i0.wp.com\/antoniopascotto.it\/wp-content\/uploads\/2020\/03\/FOTO-DA-PEXELS.jpg?fit=1006%2C496&ssl=1&resize=350%2C200","width":350,"height":200},"classes":[]},{"id":1363,"url":"https:\/\/antoniopascotto.it\/?p=1363","url_meta":{"origin":867,"position":2},"title":"MOMENTI TRASCURABILI. L&#8217;ALTRA RECENSIONE","author":"Antonio Pascotto","date":"Settembre 22, 2020","format":"image","excerpt":"Ho appena finito di leggere l'ultimo libro di Francesco Piccolo, Momenti trascurabili. Un volumetto come sempre nello stile dell'autore, godibile, piacevole, scorrevole. Gli aggettivi si sprecano per un personaggio che ha al suo attivo numerosi scritti, tra cui un Premio Strega, ed \u00e8 sceneggiatore di successo. Ha firmato vari film\u2026","rel":"","context":"In &quot;Libri&quot;","block_context":{"text":"Libri","link":"https:\/\/antoniopascotto.it\/?cat=6"},"img":{"alt_text":"","src":"https:\/\/i0.wp.com\/antoniopascotto.it\/wp-content\/uploads\/2020\/09\/2020-09-22_143639.png?fit=632%2C355&ssl=1&resize=350%2C200","width":350,"height":200},"classes":[]},{"id":609,"url":"https:\/\/antoniopascotto.it\/?p=609","url_meta":{"origin":867,"position":3},"title":"LA BOTTEGA DEI BALOCCHI","author":"Antonio Pascotto","date":"Marzo 15, 2018","format":"image","excerpt":"Negli Stati Uniti chiudono tutti i negozi di giocattoli Toys. Se ne parlava da tempo. In questi casi il gioco di parole \u00e8 drammatico. Perch\u00e9 in gioco c\u2019\u00e8 il futuro di 33mila dipendenti e delle loro famiglie. Il motivo della chiusura \u00e8 la difficolt\u00e0 di competere con i big delle\u2026","rel":"","context":"In &quot;Giocattoli&quot;","block_context":{"text":"Giocattoli","link":"https:\/\/antoniopascotto.it\/?cat=192"},"img":{"alt_text":"","src":"https:\/\/i0.wp.com\/antoniopascotto.it\/wp-content\/uploads\/2018\/03\/giocattoli.jpg?fit=600%2C400&ssl=1&resize=350%2C200","width":350,"height":200},"classes":[]},{"id":639,"url":"https:\/\/antoniopascotto.it\/?p=639","url_meta":{"origin":867,"position":4},"title":"RITORNO AL FUTURO","author":"Antonio Pascotto","date":"Aprile 11, 2018","format":"image","excerpt":"Sin da ragazzi io e i miei amici adoravamo la lettura. Per leggere i giornali gratis ci recavamo dal barbiere, o al bar all\u2019angolo, dove i quotidiani erano poggiati sul frigo dei gelati. Io sono stato fortunato, mio zio mi portava al circolo della stampa, dove sui tavolini c\u2019erano quasi\u2026","rel":"","context":"In &quot;Libri&quot;","block_context":{"text":"Libri","link":"https:\/\/antoniopascotto.it\/?cat=6"},"img":{"alt_text":"","src":"https:\/\/i0.wp.com\/antoniopascotto.it\/wp-content\/uploads\/2018\/04\/libri.jpg?fit=700%2C400&ssl=1&resize=350%2C200","width":350,"height":200},"classes":[]},{"id":1374,"url":"https:\/\/antoniopascotto.it\/?p=1374","url_meta":{"origin":867,"position":5},"title":"I PENTITI DEL WEB","author":"Antonio Pascotto","date":"Ottobre 22, 2020","format":"image","excerpt":"Prima il loro impegno per la costruzione del mondo digitale in cui stiamo vivendo, poi il rimorso per il risultato del lavoro svolto sino ad oggi. Li chiamano i pentiti del Web, quelli che nella Silicon Valley si sono dati da fare per promuovere lo sviluppo tecnologico legato ai social\u2026","rel":"","context":"In &quot;Digitale&quot;","block_context":{"text":"Digitale","link":"https:\/\/antoniopascotto.it\/?cat=21"},"img":{"alt_text":"","src":"https:\/\/i0.wp.com\/antoniopascotto.it\/wp-content\/uploads\/2020\/10\/2020-10-22_102227.jpg?fit=935%2C407&ssl=1&resize=350%2C200","width":350,"height":200},"classes":[]}],"_links":{"self":[{"href":"https:\/\/antoniopascotto.it\/index.php?rest_route=\/wp\/v2\/posts\/867"}],"collection":[{"href":"https:\/\/antoniopascotto.it\/index.php?rest_route=\/wp\/v2\/posts"}],"about":[{"href":"https:\/\/antoniopascotto.it\/index.php?rest_route=\/wp\/v2\/types\/post"}],"author":[{"embeddable":true,"href":"https:\/\/antoniopascotto.it\/index.php?rest_route=\/wp\/v2\/users\/2"}],"replies":[{"embeddable":true,"href":"https:\/\/antoniopascotto.it\/index.php?rest_route=%2Fwp%2Fv2%2Fcomments&post=867"}],"version-history":[{"count":2,"href":"https:\/\/antoniopascotto.it\/index.php?rest_route=\/wp\/v2\/posts\/867\/revisions"}],"predecessor-version":[{"id":885,"href":"https:\/\/antoniopascotto.it\/index.php?rest_route=\/wp\/v2\/posts\/867\/revisions\/885"}],"wp:featuredmedia":[{"embeddable":true,"href":"https:\/\/antoniopascotto.it\/index.php?rest_route=\/wp\/v2\/media\/868"}],"wp:attachment":[{"href":"https:\/\/antoniopascotto.it\/index.php?rest_route=%2Fwp%2Fv2%2Fmedia&parent=867"}],"wp:term":[{"taxonomy":"category","embeddable":true,"href":"https:\/\/antoniopascotto.it\/index.php?rest_route=%2Fwp%2Fv2%2Fcategories&post=867"},{"taxonomy":"post_tag","embeddable":true,"href":"https:\/\/antoniopascotto.it\/index.php?rest_route=%2Fwp%2Fv2%2Ftags&post=867"}],"curies":[{"name":"wp","href":"https:\/\/api.w.org\/{rel}","templated":true}]}}