{"id":819,"date":"2019-02-24T10:29:11","date_gmt":"2019-02-24T10:29:11","guid":{"rendered":"http:\/\/antoniopascotto.it\/?p=819"},"modified":"2021-05-08T05:23:44","modified_gmt":"2021-05-08T05:23:44","slug":"dio-e-il-cinema","status":"publish","type":"post","link":"https:\/\/antoniopascotto.it\/?p=819","title":{"rendered":"DIO E IL CINEMA"},"content":{"rendered":"<p><em><strong><img data-attachment-id=\"821\" data-permalink=\"https:\/\/antoniopascotto.it\/?attachment_id=821\" data-orig-file=\"https:\/\/i0.wp.com\/antoniopascotto.it\/wp-content\/uploads\/2019\/02\/2019-02-24_112629.jpg?fit=316%2C456&amp;ssl=1\" data-orig-size=\"316,456\" data-comments-opened=\"1\" data-image-meta=\"{&quot;aperture&quot;:&quot;0&quot;,&quot;credit&quot;:&quot;&quot;,&quot;camera&quot;:&quot;&quot;,&quot;caption&quot;:&quot;&quot;,&quot;created_timestamp&quot;:&quot;0&quot;,&quot;copyright&quot;:&quot;&quot;,&quot;focal_length&quot;:&quot;0&quot;,&quot;iso&quot;:&quot;0&quot;,&quot;shutter_speed&quot;:&quot;0&quot;,&quot;title&quot;:&quot;&quot;,&quot;orientation&quot;:&quot;0&quot;}\" data-image-title=\"2019-02-24_112629\" data-image-description=\"\" data-image-caption=\"\" data-medium-file=\"https:\/\/i0.wp.com\/antoniopascotto.it\/wp-content\/uploads\/2019\/02\/2019-02-24_112629.jpg?fit=208%2C300&amp;ssl=1\" data-large-file=\"https:\/\/i0.wp.com\/antoniopascotto.it\/wp-content\/uploads\/2019\/02\/2019-02-24_112629.jpg?fit=316%2C456&amp;ssl=1\" decoding=\"async\" loading=\"lazy\" class=\"alignleft size-medium wp-image-821\" src=\"https:\/\/i0.wp.com\/antoniopascotto.it\/wp-content\/uploads\/2019\/02\/2019-02-24_112629.jpg?resize=208%2C300\" alt=\"\" width=\"208\" height=\"300\" srcset=\"https:\/\/i0.wp.com\/antoniopascotto.it\/wp-content\/uploads\/2019\/02\/2019-02-24_112629.jpg?resize=208%2C300&amp;ssl=1 208w, https:\/\/i0.wp.com\/antoniopascotto.it\/wp-content\/uploads\/2019\/02\/2019-02-24_112629.jpg?w=316&amp;ssl=1 316w\" sizes=\"(max-width: 208px) 100vw, 208px\" data-recalc-dims=\"1\" \/>La mia introduzione al libro di Donato Placido e Antonio G D&#8217;Errico &#8216;Dio e il cinema. Una vita maledetta tra cielo e terra&#8217;. Ferrari Editore.<\/strong><\/em><\/p>\n<p>Quella che avete tra le mani non \u00e8 una semplice autobiografia. E\u2019 molto di pi\u00f9. E\u2019 il racconto di una vita, ma anche una riflessione su quello che ci succede intorno, sulle cose che ci capitano, sul quotidiano. E\u2019 come aprire un libro dei sentimenti, una finestra sulle immagini che pi\u00f9 di altre sono rimaste impresse nella mente e nell\u2019animo. Donato Placido si racconta all\u2019amico e allo scrittore. A colui con il quale ha condiviso in passato una serie di esperienze professionali. E forse \u00e8 proprio per questo che passa in rassegna molti momenti della sua esistenza senza timori, senza nascondere aspetti che potrebbero sembrare troppo personali ma che invece coinvolgono tutti e fanno pensare. Perch\u00e9 scoprire il passato ma anche il presente di un personaggio pu\u00f2 essere utile a tutti.<\/p>\n<p>Mentre scorrevo le pagine intrise di significati mi sono guardato indietro e ho ricordato anche le mie esperienze, il lavoro, la fatica per raggiungere dei risultati. Poi mi sono immedesimato nella storia di un uomo che ha vissuto la propria infanzia in un piccolo centro come ce ne sono tanti nella mia provincia, l\u2019Irpinia. C\u2019\u00e8 un filo sottile che unisce la mia terra a quella di Donato Placido. Nelle sue parole, sembra incredibile, ho ripercorso anche la storia di tanta gente delle mie parti. Uomini semplici ma vividi, pieni di speranze, che si rimboccano le maniche a ogni occasione e si danno da fare per un bene comune. Proprio come Beniamino, il pap\u00e0 di Donato e di Michele. il figlio prediletto, come lui stesso lo definisce.<\/p>\n<p>Quando Donato descrive Michele Placido lo fa con un atteggiamento di meraviglia, come quando ci si trova dinanzi a qualcosa di bello, di affascinante. Ad esempio un quadro o un\u2019opera d\u2019arte. E lui, Donato, prima di altri, aveva capito che quella passione per il cinema da parte del fratello un giorno si sarebbe concretizzata in un\u2019attivit\u00e0 vera e propria. Forse l\u2019attore, forse il regista, forse altro. Ma sicuramente Michele Placido, che sin da giovane aveva cominciato a imparare a memoria i lunghi dialoghi di film famosi, avrebbe avuto a che fare con il cinema. E cos\u00ec \u00e8 stato.<\/p>\n<p>Donato provava affetto nell\u2019ascoltare in silenzio, nel salone di casa, il fratello Michele mentre recitava i versi di alcune famose poesie. Avrebbe voluto stringerlo forte a s\u00e9 quando c\u2019era chi gli diceva di lasciar perdere, di pensare ad altro, di non insistere con quella storia del cinema. Ma lui aveva gi\u00e0 capito e pesato il valore di quel ragazzo affascinante che riusciva a catturare l\u2019attenzione dei propri familiari e che, un giorno, avrebbe catturato quella di un pubblico pi\u00f9 vasto.<\/p>\n<p>Anche Donato ha calcato il legno del palcoscenico. Ne descrive l\u2019odore, l\u2019emozione che si prova quando si ha a che fare con autori del calibro di Shakespeare o di Goldoni.\u00a0 Racconta le sue esperienze cinematografiche e la gioia per aver recitato al fianco di grandi professionisti. Ma confessa che la fama del nome Placido, a un certo punto, lo ha perseguitato. Non per colpa di Michele e nemmeno per colpa sua. Non si pu\u00f2 chiedere a qualcuno di essere un altro. E\u2019 impossibile.<\/p>\n<p>Donato si \u00e8 sempre posto dalla parte dei pi\u00f9 deboli. Schivo a modo suo, lontano dalle luci della falsa ribalta, quella che rappresenta solo un\u2019illusione ed ha poco a che fare con la vita vera. Estasiato, come lui stesso confida all\u2019amico Antonio G. D\u2019Errico, che ha tradotto fedelmente il suo stato d\u2019animo, da chi \u00e8 bisognoso d\u2019amore. Questo lo ha spinto a prendere le distanze da tutte le cose inutili che invece regnano nel nostro mondo. Ammette, senza remore, che ha passato momenti difficili, ricevendo conforto dagli uomini pi\u00f9 poveri della terra, come il barbone seduto accanto a lui al tavolo della mensa della Caritas.<\/p>\n<p>Ma Donato, dalla sua parte, ha sempre avuto un alleato impareggiabile e superiore a qualsiasi altra cosa o persona. Quell\u2019alleato \u00e8 Nostro Signore, e lui ha sempre confidato nella forza e nella vicinanza di Dio.<\/p>\n<p>E\u2019 stata proprio la fede a sostenerlo nei momenti pi\u00f9 critici, quando le condizioni di vita erano precarie, quando ci si doveva accontentare di poco. Ma quel poco bastava. Perch\u00e9 c\u2019era Dio. E ancora oggi, nonostante le delusioni e le miserie di un mondo ingiusto che lascia poche speranze, dove prevalgono il potere della forza e l\u2019arroganza, \u00e8 solo Dio l\u2019unica ancora di salvezza.<\/p>\n<p>Antonio Pascotto<\/p>\n","protected":false},"excerpt":{"rendered":"<p>La mia introduzione al libro di Donato Placido e Antonio G D&#8217;Errico &#8216;Dio e il cinema. Una vita maledetta tra cielo e terra&#8217;. Ferrari Editore. Quella che avete tra le mani non \u00e8 una semplice autobiografia. E\u2019 molto di pi\u00f9. E\u2019 il racconto di una vita, ma anche una riflessione su quello che ci succede [&hellip;]<\/p>\n","protected":false},"author":2,"featured_media":820,"comment_status":"open","ping_status":"open","sticky":false,"template":"","format":"image","meta":{"advanced_seo_description":"","jetpack_seo_html_title":"","jetpack_seo_noindex":false,"jetpack_post_was_ever_published":false,"_jetpack_newsletter_access":"","jetpack_publicize_message":"","jetpack_is_tweetstorm":false,"jetpack_publicize_feature_enabled":true,"jetpack_social_post_already_shared":true,"jetpack_social_options":{"image_generator_settings":{"template":"highway","enabled":false}}},"categories":[6],"tags":[267,265,266,151],"jetpack_publicize_connections":[],"jetpack_featured_media_url":"https:\/\/i0.wp.com\/antoniopascotto.it\/wp-content\/uploads\/2019\/02\/2019-02-24_112607.jpg?fit=601%2C327&ssl=1","jetpack_sharing_enabled":true,"jetpack_shortlink":"https:\/\/wp.me\/p8swp8-dd","jetpack-related-posts":[{"id":655,"url":"https:\/\/antoniopascotto.it\/?p=655","url_meta":{"origin":819,"position":0},"title":"LA LOCOMOTIVA","author":"Antonio Pascotto","date":"Maggio 1, 2018","format":"image","excerpt":"INTRODUZIONE AL LIBRO \"LA LOCOMOTIVA\". LA CANZONE D'AUTORE ITALIANA. DA FRANCESCO GUCCINI A ENRICO RUGGERI E ZUCCHERO. VENT'ANNI\u00a0 DI POESIA E RIBELLIONE. Ho molte cose in comune con D\u2019Errico. A partire dal nome, certo, ma anche dalle passioni, in primo luogo la musica. Come sua mamma, anche la mia cantava\u2026","rel":"","context":"In &quot;Libri&quot;","block_context":{"text":"Libri","link":"https:\/\/antoniopascotto.it\/?cat=6"},"img":{"alt_text":"","src":"https:\/\/i0.wp.com\/antoniopascotto.it\/wp-content\/uploads\/2018\/05\/2018-05-01_204734.jpg?fit=583%2C313&ssl=1&resize=350%2C200","width":350,"height":200},"classes":[]},{"id":493,"url":"https:\/\/antoniopascotto.it\/?p=493","url_meta":{"origin":819,"position":1},"title":"COME CONQUISTARE IL MONDO CON UNA BUATTA","author":"Antonio Pascotto","date":"Gennaio 20, 2018","format":"image","excerpt":"La passione per la musica l\u2019ho sempre avuta. A partire dai tempi della radio. Conducevo un programma mattutino. Non avevo l\u2019auto, e da casa mi muovevo con una borsa carica di dischi diretto verso la sede dell\u2019emittente, piuttosto lontana dalla mia abitazione. Ero animato dalla voglia di comunicare e di\u2026","rel":"","context":"In &quot;Libri&quot;","block_context":{"text":"Libri","link":"https:\/\/antoniopascotto.it\/?cat=6"},"img":{"alt_text":"","src":"https:\/\/i0.wp.com\/antoniopascotto.it\/wp-content\/uploads\/2018\/01\/Tony_Cercola.jpg?fit=530%2C421&ssl=1&resize=350%2C200","width":350,"height":200},"classes":[]},{"id":1210,"url":"https:\/\/antoniopascotto.it\/?p=1210","url_meta":{"origin":819,"position":2},"title":"DA &#8216;SCONNESSI&#8217; ALLA PREFAZIONE DEL MIO LIBRO. GRAZIE CHRISTIAN","author":"Antonio Pascotto","date":"Dicembre 16, 2019","format":"image","excerpt":"Christian Marazziti non \u00e8 solo un regista di successo. Scrive testi teatrali, \u00e8 un ottimo attore, ma soprattutto \u00e8 una persona sensibile, capace di affrontare i temi pi\u00f9 delicati con una professionalit\u00e0 fuori dal comune. Lo dimostra uno dei suoi ultimi lavori, una web serie dove si racconta l'impatto della\u2026","rel":"","context":"In &quot;Cultura&quot;","block_context":{"text":"Cultura","link":"https:\/\/antoniopascotto.it\/?cat=72"},"img":{"alt_text":"","src":"https:\/\/i0.wp.com\/antoniopascotto.it\/wp-content\/uploads\/2019\/12\/Antonio-Pascotto-e-Christian-Marazziti-2.jpg?fit=846%2C423&ssl=1&resize=350%2C200","width":350,"height":200},"classes":[]},{"id":1058,"url":"https:\/\/antoniopascotto.it\/?p=1058","url_meta":{"origin":819,"position":3},"title":"SCUOTERE IL PUBBLICO DEI SOCIAL. IL FOTORACCONTO DI UNA SERATA SULL&#8217;ISOLA TIBERINA","author":"Antonio Pascotto","date":"Agosto 21, 2019","format":"image","excerpt":"Il pretesto per questo mio post \u00e8 stata una splendida serata sull'Isola Tiberina, che d'estate diventa Isola del Cinema e della Lettura. Ma soprattutto il titolo di un bellissimo articolo di Andrea Gentili sul portale SprayNews. Ringrazio Andrea per le bellissime parole e per l'attenzione che ha voluto dedicare al\u2026","rel":"","context":"In &quot;Internet&quot;","block_context":{"text":"Internet","link":"https:\/\/antoniopascotto.it\/?cat=262"},"img":{"alt_text":"","src":"https:\/\/i0.wp.com\/antoniopascotto.it\/wp-content\/uploads\/2019\/08\/2019-08-21_103445.jpg?fit=1200%2C580&ssl=1&resize=350%2C200","width":350,"height":200},"classes":[]},{"id":2069,"url":"https:\/\/antoniopascotto.it\/?p=2069","url_meta":{"origin":819,"position":4},"title":"INTELLIGENZA ARTIFICIALE, A POMPEI CONVEGNO SU GIORNALISMO E NUOVE TECNOLOGIE","author":"Antonio Pascotto","date":"Gennaio 26, 2026","format":"image","excerpt":"Confronto sul futuro della professione: l\u2019IA sar\u00e0 una risorsa o un rischio? L\u2019evento \u00e8 stato organizzato dall\u2019Associazione Giornalisti Vesuviani \u201cIntelligenza artificiale: risorsa o pericolo per il giornalismo?\u201d. Su questo tema si sono confrontati giornalisti e sociologi in un incontro organizzato a Pompei questo il tema dall\u2019Associazione giornalisti vesuviani intitolata a\u2026","rel":"","context":"In &quot;Digitale&quot;","block_context":{"text":"Digitale","link":"https:\/\/antoniopascotto.it\/?cat=21"},"img":{"alt_text":"","src":"https:\/\/i0.wp.com\/antoniopascotto.it\/wp-content\/uploads\/2024\/06\/2024-06-02_111321.jpg?fit=912%2C383&ssl=1&resize=350%2C200","width":350,"height":200},"classes":[]},{"id":1154,"url":"https:\/\/antoniopascotto.it\/?p=1154","url_meta":{"origin":819,"position":5},"title":"UN PREMIO PER IL MONDO SENZA INTERNET","author":"Antonio Pascotto","date":"Ottobre 13, 2019","format":"image","excerpt":"Quando si riceve un premio \u00e8 sempre un momento bellissimo. E' il riconoscimento per il lavoro svolto, per qualcosa su cui hai veramente creduto. Il Mondo Senza Internet \u00e8 il frutto di alcuni mesi di lavoro tra creativit\u00e0, riflessioni, letture, ricerche. E quando ti accorgi che il tempo che hai\u2026","rel":"","context":"In &quot;Cultura&quot;","block_context":{"text":"Cultura","link":"https:\/\/antoniopascotto.it\/?cat=72"},"img":{"alt_text":"","src":"https:\/\/i0.wp.com\/antoniopascotto.it\/wp-content\/uploads\/2019\/10\/FAHO3249.jpg?fit=1200%2C900&ssl=1&resize=350%2C200","width":350,"height":200},"classes":[]}],"_links":{"self":[{"href":"https:\/\/antoniopascotto.it\/index.php?rest_route=\/wp\/v2\/posts\/819"}],"collection":[{"href":"https:\/\/antoniopascotto.it\/index.php?rest_route=\/wp\/v2\/posts"}],"about":[{"href":"https:\/\/antoniopascotto.it\/index.php?rest_route=\/wp\/v2\/types\/post"}],"author":[{"embeddable":true,"href":"https:\/\/antoniopascotto.it\/index.php?rest_route=\/wp\/v2\/users\/2"}],"replies":[{"embeddable":true,"href":"https:\/\/antoniopascotto.it\/index.php?rest_route=%2Fwp%2Fv2%2Fcomments&post=819"}],"version-history":[{"count":2,"href":"https:\/\/antoniopascotto.it\/index.php?rest_route=\/wp\/v2\/posts\/819\/revisions"}],"predecessor-version":[{"id":858,"href":"https:\/\/antoniopascotto.it\/index.php?rest_route=\/wp\/v2\/posts\/819\/revisions\/858"}],"wp:featuredmedia":[{"embeddable":true,"href":"https:\/\/antoniopascotto.it\/index.php?rest_route=\/wp\/v2\/media\/820"}],"wp:attachment":[{"href":"https:\/\/antoniopascotto.it\/index.php?rest_route=%2Fwp%2Fv2%2Fmedia&parent=819"}],"wp:term":[{"taxonomy":"category","embeddable":true,"href":"https:\/\/antoniopascotto.it\/index.php?rest_route=%2Fwp%2Fv2%2Fcategories&post=819"},{"taxonomy":"post_tag","embeddable":true,"href":"https:\/\/antoniopascotto.it\/index.php?rest_route=%2Fwp%2Fv2%2Ftags&post=819"}],"curies":[{"name":"wp","href":"https:\/\/api.w.org\/{rel}","templated":true}]}}