{"id":815,"date":"2019-02-15T22:50:05","date_gmt":"2019-02-15T22:50:05","guid":{"rendered":"http:\/\/antoniopascotto.it\/?p=815"},"modified":"2020-06-01T14:28:04","modified_gmt":"2020-06-01T14:28:04","slug":"le-notti-bianche","status":"publish","type":"post","link":"https:\/\/antoniopascotto.it\/?p=815","title":{"rendered":"LE NOTTI BIANCHE"},"content":{"rendered":"<p>Un sognatore. Ma anche un uomo profondamente solo, che non ha molti contatti, n\u00e9 amici. Anzi, per lui gli amici sono i palazzi che vede intorno. E quando arrivano le vacanze quel senso di solitudine si fa sentire ancora di pi\u00f9. Pietroburgo \u00e8 una citt\u00e0 vuota, e lui si sente ancor di pi\u00f9 a disagio. Lui \u00e8 il protagonista di <em>Le notti bianche<\/em> di Dostoevskij. Un capolavoro. Che nell\u2019adattamento di Francesco Giuffr\u00e8, figlio del grande Carlo, che ha diretto egregiamente due ottimi attori, Giorgio Marchesi e Camilla Diana, diventa di estrema attualit\u00e0.<\/p>\n<p>Il sognatore si \u00e8 costruito un mondo tutto suo, un mondo solitario. Il rapporto che ha con le persone \u00e8 immaginario, perch\u00e9 non ha mai parlato con nessuno. Dostoevskij\u00a0ha pubblicato Le notti bianche per la prima volta nel 1848. Eppure, nel 2019, possiamo considerarci tutti un po\u2019 sognatori. Sempre immersi in un mondo parallelo, quello di Internet, quello dei social, dove parliamo con tutti ma in realt\u00e0 non parliamo con nessuno.<\/p>\n<p>A salvare il protagonista ci pensa una giovane donna in lacrime. Con lei nasce un dialogo intimo, come non era mai successo. Lui non \u00e8 abituato, non ha mai parlato con una donna. Eppure con lei ci riesce. L\u2019accompagna fino a casa, si incontrano la sera successiva, la aiuta nel difficile rapporto con il suo innamorato, anche se non nasconde il sentimento che al contempo prova per lei. Tra i due non ci sar\u00e0 futuro. Solo il ringraziamento di lui per i bellissimi istanti trascorsi insieme. Il ringraziamento per aver goduto quei pochi attimi di felicit\u00e0 riuscendo a guardare finalmente negli occhi una donna.<\/p>\n<p>Oggi nemmeno noi riusciamo pi\u00f9 a guardarci negli occhi. Siamo troppo presi dalla routine, dagli oggetti digitali, dagli smartphone, dai computer. Socializziamo su Facebook, nell\u2019oltremondo. Come quello immaginato dal protagonista de <em>Le notti bianche<\/em>. Bianche come la luce che domina le notti estive. Anche noi, come lui, rischiamo di vagare per le strade senza meta. Allora cerchiamo di sollevare lo sguardo, torniamo a dialogare nella vita vera, apriamo le finestre, non solo quelle di Windows.<\/p>\n","protected":false},"excerpt":{"rendered":"<p>Un sognatore. Ma anche un uomo profondamente solo, che non ha molti contatti, n\u00e9 amici. Anzi, per lui gli amici sono i palazzi che vede intorno. E quando arrivano le vacanze quel senso di solitudine si fa sentire ancora di pi\u00f9. Pietroburgo \u00e8 una citt\u00e0 vuota, e lui si sente ancor di pi\u00f9 a disagio. [&hellip;]<\/p>\n","protected":false},"author":2,"featured_media":816,"comment_status":"open","ping_status":"open","sticky":false,"template":"","format":"image","meta":{"advanced_seo_description":"","jetpack_seo_html_title":"","jetpack_seo_noindex":false,"jetpack_post_was_ever_published":false,"_jetpack_newsletter_access":"","jetpack_publicize_message":"","jetpack_is_tweetstorm":false,"jetpack_publicize_feature_enabled":true,"jetpack_social_post_already_shared":true,"jetpack_social_options":{"image_generator_settings":{"template":"highway","enabled":false}}},"categories":[72,170,262,231,109,3,5],"tags":[264,65,263],"jetpack_publicize_connections":[],"jetpack_featured_media_url":"https:\/\/i0.wp.com\/antoniopascotto.it\/wp-content\/uploads\/2019\/02\/2019-02-15_234647.jpg?fit=835%2C380&ssl=1","jetpack_sharing_enabled":true,"jetpack_shortlink":"https:\/\/wp.me\/p8swp8-d9","jetpack-related-posts":[{"id":2137,"url":"https:\/\/antoniopascotto.it\/?p=2137","url_meta":{"origin":815,"position":0},"title":"IL RICORDO DI PIPPO BAUDO","author":"Antonio Pascotto","date":"Agosto 18, 2025","format":"image","excerpt":"Non avevo mai visto sui social tanta partecipazione. E cos\u00ec ho scoperto, se pure ce ne fosse stato bisogno, che Pippo Baudo era ovunque. Scattava foto con tutti, sorrideva sempre, era uno del popolo, insomma. Era l\u2019espressione vera di quello che viene definito nazionalpopolare. Nel senso buono del termine. Nelle\u2026","rel":"","context":"In &quot;Cultura&quot;","block_context":{"text":"Cultura","link":"https:\/\/antoniopascotto.it\/?cat=72"},"img":{"alt_text":"","src":"https:\/\/i0.wp.com\/antoniopascotto.it\/wp-content\/uploads\/2025\/08\/2025-08-18_103724.jpg?fit=853%2C451&ssl=1&resize=350%2C200","width":350,"height":200},"classes":[]},{"id":1298,"url":"https:\/\/antoniopascotto.it\/?p=1298","url_meta":{"origin":815,"position":1},"title":"LA REALTA&#8217; NON PUO&#8217; ESSERE QUESTA","author":"Antonio Pascotto","date":"Maggio 3, 2020","format":"image","excerpt":"Siamo passati dai discorsi sulla sicurezza di Internet a quelli sulla sicurezza personale e di tutto il mondo. La pandemia ha trasformato il nostro modo di pensare. E il luogo dove si annidavano pericoli ad ogni angolo, il Web, \u00e8 diventato quello dove si vive meglio, senza la paura di\u2026","rel":"","context":"In &quot;Digitale&quot;","block_context":{"text":"Digitale","link":"https:\/\/antoniopascotto.it\/?cat=21"},"img":{"alt_text":"","src":"https:\/\/i0.wp.com\/antoniopascotto.it\/wp-content\/uploads\/2020\/05\/2020-05-03_101208.png?fit=815%2C417&ssl=1&resize=350%2C200","width":350,"height":200},"classes":[]},{"id":819,"url":"https:\/\/antoniopascotto.it\/?p=819","url_meta":{"origin":815,"position":2},"title":"DIO E IL CINEMA","author":"Antonio Pascotto","date":"Febbraio 24, 2019","format":"image","excerpt":"La mia introduzione al libro di Donato Placido e Antonio G D'Errico 'Dio e il cinema. Una vita maledetta tra cielo e terra'. Ferrari Editore. Quella che avete tra le mani non \u00e8 una semplice autobiografia. E\u2019 molto di pi\u00f9. E\u2019 il racconto di una vita, ma anche una riflessione\u2026","rel":"","context":"In &quot;Libri&quot;","block_context":{"text":"Libri","link":"https:\/\/antoniopascotto.it\/?cat=6"},"img":{"alt_text":"","src":"https:\/\/i0.wp.com\/antoniopascotto.it\/wp-content\/uploads\/2019\/02\/2019-02-24_112607.jpg?fit=601%2C327&ssl=1&resize=350%2C200","width":350,"height":200},"classes":[]},{"id":1315,"url":"https:\/\/antoniopascotto.it\/?p=1315","url_meta":{"origin":815,"position":3},"title":"RICORDI DEL LOCKDOWN","author":"Antonio Pascotto","date":"Maggio 23, 2020","format":"image","excerpt":"Facciamo in modo che rimangano solo dei ricordi. Lo dico ora. Lo far\u00f2 anche alla fine di questo mio post. Il lockdown \u00e8 finito. Si riparte. Riaprono le attivit\u00e0. Ma queste settimane di isolamento non le dimenticheremo mai. Per una serie di motivi. Tra i tanti, anche per la nostra\u2026","rel":"","context":"In &quot;Attualit\u00e0&quot;","block_context":{"text":"Attualit\u00e0","link":"https:\/\/antoniopascotto.it\/?cat=37"},"img":{"alt_text":"","src":"https:\/\/i0.wp.com\/antoniopascotto.it\/wp-content\/uploads\/2020\/05\/2020-05-23_133243.jpg?fit=686%2C362&ssl=1&resize=350%2C200","width":350,"height":200},"classes":[]},{"id":789,"url":"https:\/\/antoniopascotto.it\/?p=789","url_meta":{"origin":815,"position":4},"title":"SOCIAL E SOCIETA&#8217;","author":"Antonio Pascotto","date":"Dicembre 3, 2018","format":"image","excerpt":"La sensazione \u00e8 che qualcosa stia cambiando. C\u2019\u00e8 chi comincia a prendere le distanze da un certo tipo di controllo da parte dei social. Sar\u00e0 per lo scandalo sull\u2019utilizzo delle informazioni da parte di Cambridge Analytica, o per evitare di essere spiati dai genitori, che pi\u00f9 dei figli si collegano\u2026","rel":"","context":"In &quot;Digitale&quot;","block_context":{"text":"Digitale","link":"https:\/\/antoniopascotto.it\/?cat=21"},"img":{"alt_text":"","src":"https:\/\/i0.wp.com\/antoniopascotto.it\/wp-content\/uploads\/2018\/12\/2018-12-03_164252.jpg?fit=753%2C455&ssl=1&resize=350%2C200","width":350,"height":200},"classes":[]},{"id":1210,"url":"https:\/\/antoniopascotto.it\/?p=1210","url_meta":{"origin":815,"position":5},"title":"DA &#8216;SCONNESSI&#8217; ALLA PREFAZIONE DEL MIO LIBRO. GRAZIE CHRISTIAN","author":"Antonio Pascotto","date":"Dicembre 16, 2019","format":"image","excerpt":"Christian Marazziti non \u00e8 solo un regista di successo. Scrive testi teatrali, \u00e8 un ottimo attore, ma soprattutto \u00e8 una persona sensibile, capace di affrontare i temi pi\u00f9 delicati con una professionalit\u00e0 fuori dal comune. Lo dimostra uno dei suoi ultimi lavori, una web serie dove si racconta l'impatto della\u2026","rel":"","context":"In &quot;Cultura&quot;","block_context":{"text":"Cultura","link":"https:\/\/antoniopascotto.it\/?cat=72"},"img":{"alt_text":"","src":"https:\/\/i0.wp.com\/antoniopascotto.it\/wp-content\/uploads\/2019\/12\/Antonio-Pascotto-e-Christian-Marazziti-2.jpg?fit=846%2C423&ssl=1&resize=350%2C200","width":350,"height":200},"classes":[]}],"_links":{"self":[{"href":"https:\/\/antoniopascotto.it\/index.php?rest_route=\/wp\/v2\/posts\/815"}],"collection":[{"href":"https:\/\/antoniopascotto.it\/index.php?rest_route=\/wp\/v2\/posts"}],"about":[{"href":"https:\/\/antoniopascotto.it\/index.php?rest_route=\/wp\/v2\/types\/post"}],"author":[{"embeddable":true,"href":"https:\/\/antoniopascotto.it\/index.php?rest_route=\/wp\/v2\/users\/2"}],"replies":[{"embeddable":true,"href":"https:\/\/antoniopascotto.it\/index.php?rest_route=%2Fwp%2Fv2%2Fcomments&post=815"}],"version-history":[{"count":1,"href":"https:\/\/antoniopascotto.it\/index.php?rest_route=\/wp\/v2\/posts\/815\/revisions"}],"predecessor-version":[{"id":817,"href":"https:\/\/antoniopascotto.it\/index.php?rest_route=\/wp\/v2\/posts\/815\/revisions\/817"}],"wp:featuredmedia":[{"embeddable":true,"href":"https:\/\/antoniopascotto.it\/index.php?rest_route=\/wp\/v2\/media\/816"}],"wp:attachment":[{"href":"https:\/\/antoniopascotto.it\/index.php?rest_route=%2Fwp%2Fv2%2Fmedia&parent=815"}],"wp:term":[{"taxonomy":"category","embeddable":true,"href":"https:\/\/antoniopascotto.it\/index.php?rest_route=%2Fwp%2Fv2%2Fcategories&post=815"},{"taxonomy":"post_tag","embeddable":true,"href":"https:\/\/antoniopascotto.it\/index.php?rest_route=%2Fwp%2Fv2%2Ftags&post=815"}],"curies":[{"name":"wp","href":"https:\/\/api.w.org\/{rel}","templated":true}]}}