{"id":798,"date":"2019-01-01T16:20:08","date_gmt":"2019-01-01T16:20:08","guid":{"rendered":"http:\/\/antoniopascotto.it\/?p=798"},"modified":"2020-02-17T07:19:56","modified_gmt":"2020-02-17T07:19:56","slug":"diamo-tempo-al-tempo","status":"publish","type":"post","link":"https:\/\/antoniopascotto.it\/?p=798","title":{"rendered":"DIAMO TEMPO AL TEMPO"},"content":{"rendered":"<p>Un altro anno \u00e8 alle spalle. Come auspicio siamo soliti dire: speriamo che quello appena arrivato sia migliore del precedente. Se le cose non sono andate per il meglio diciamo: il tempo sar\u00e0 galantuomo. Oppure: arriveranno tempi migliori. O ancora: diamo tempo al tempo. E se fa freddo? Diciamo: \u00e8 un tempo da lupi. E se una cosa ci lascia indifferenti? Facile: lascia il tempo che trova. Insomma, di mezzo c\u2019\u00e8 sempre il tempo. Quello trascorso e quello che verr\u00e0. E anche se \u00e8 difficile definire il tempo, visto che si tratta di una convenzione, c\u2019\u00e8 comunque qualcosa che ci siamo lasciati alle spalle. C\u2019\u00e8 comunque un pezzo di vita che abbiamo vissuto. Bello o meno bello, poi, dipende da quello che \u00e8 successo.<\/p>\n<p><img data-attachment-id=\"800\" data-permalink=\"https:\/\/antoniopascotto.it\/?attachment_id=800\" data-orig-file=\"https:\/\/i0.wp.com\/antoniopascotto.it\/wp-content\/uploads\/2019\/01\/2019-01-01_171941.jpg?fit=761%2C462&amp;ssl=1\" data-orig-size=\"761,462\" data-comments-opened=\"1\" data-image-meta=\"{&quot;aperture&quot;:&quot;0&quot;,&quot;credit&quot;:&quot;&quot;,&quot;camera&quot;:&quot;&quot;,&quot;caption&quot;:&quot;&quot;,&quot;created_timestamp&quot;:&quot;0&quot;,&quot;copyright&quot;:&quot;&quot;,&quot;focal_length&quot;:&quot;0&quot;,&quot;iso&quot;:&quot;0&quot;,&quot;shutter_speed&quot;:&quot;0&quot;,&quot;title&quot;:&quot;&quot;,&quot;orientation&quot;:&quot;0&quot;}\" data-image-title=\"2019-01-01_171941\" data-image-description=\"\" data-image-caption=\"\" data-medium-file=\"https:\/\/i0.wp.com\/antoniopascotto.it\/wp-content\/uploads\/2019\/01\/2019-01-01_171941.jpg?fit=300%2C182&amp;ssl=1\" data-large-file=\"https:\/\/i0.wp.com\/antoniopascotto.it\/wp-content\/uploads\/2019\/01\/2019-01-01_171941.jpg?fit=761%2C462&amp;ssl=1\" decoding=\"async\" loading=\"lazy\" class=\"alignleft size-medium wp-image-800\" src=\"https:\/\/i0.wp.com\/antoniopascotto.it\/wp-content\/uploads\/2019\/01\/2019-01-01_171941.jpg?resize=300%2C182\" alt=\"\" width=\"300\" height=\"182\" srcset=\"https:\/\/i0.wp.com\/antoniopascotto.it\/wp-content\/uploads\/2019\/01\/2019-01-01_171941.jpg?resize=300%2C182&amp;ssl=1 300w, https:\/\/i0.wp.com\/antoniopascotto.it\/wp-content\/uploads\/2019\/01\/2019-01-01_171941.jpg?w=761&amp;ssl=1 761w\" sizes=\"(max-width: 300px) 100vw, 300px\" data-recalc-dims=\"1\" \/>Allora facciamo cos\u00ec: per stabilire l\u2019ordine del tempo pensiamo alle cose buone che ci sono capitate, se ci sono capitate. In questo caso sicuramente il tempo sar\u00e0 passato velocemente. Ora pensiamo alle cose brutte, se ci sono capitate cose brutte: in questo caso il tempo sar\u00e0 passato pi\u00f9 lentamente. Si tratta di concetti relativi, ma pur sempre concetti. Il tempo \u00e8 un\u2019illusione, \u00e8 vero. Ma queste rughe che ora vedo sulla pelle sono il segno del tempo che scorre. Ma se il tempo \u00e8 un\u2019invenzione dell\u2019uomo, queste rughe che ora vedo cosa misurano? Guardo l\u2019orologio, ho impiegato due minuti per scrivere queste poche righe. Ma non ci ho fatto caso. E\u2019 come se il tempo si fosse fermato. Ma in realt\u00e0 cos\u2019\u00e8 che si \u00e8 fermato? Non lo so, non le rughe, sicuramente. Buon Anno a tutti.<\/p>\n","protected":false},"excerpt":{"rendered":"<p>Un altro anno \u00e8 alle spalle. Come auspicio siamo soliti dire: speriamo che quello appena arrivato sia migliore del precedente. Se le cose non sono andate per il meglio diciamo: il tempo sar\u00e0 galantuomo. Oppure: arriveranno tempi migliori. O ancora: diamo tempo al tempo. E se fa freddo? Diciamo: \u00e8 un tempo da lupi. E [&hellip;]<\/p>\n","protected":false},"author":2,"featured_media":799,"comment_status":"open","ping_status":"open","sticky":false,"template":"","format":"image","meta":{"advanced_seo_description":"","jetpack_seo_html_title":"","jetpack_seo_noindex":false,"jetpack_post_was_ever_published":false,"_jetpack_newsletter_access":"","jetpack_publicize_message":"","jetpack_is_tweetstorm":false,"jetpack_publicize_feature_enabled":true,"jetpack_social_post_already_shared":true,"jetpack_social_options":{"image_generator_settings":{"template":"highway","enabled":false}}},"categories":[231],"tags":[],"jetpack_publicize_connections":[],"jetpack_featured_media_url":"https:\/\/i0.wp.com\/antoniopascotto.it\/wp-content\/uploads\/2019\/01\/2019-01-01_171749.jpg?fit=770%2C433&ssl=1","jetpack_sharing_enabled":true,"jetpack_shortlink":"https:\/\/wp.me\/p8swp8-cS","jetpack-related-posts":[{"id":1429,"url":"https:\/\/antoniopascotto.it\/?p=1429","url_meta":{"origin":798,"position":0},"title":"IL TEMPO SOSPESO","author":"Antonio Pascotto","date":"Aprile 1, 2021","format":false,"excerpt":"Il tempo, cos\u00ec misterioso. Il tempo, che misura ore, giorni, settimane, anni. Il tempo che non passa mai, o che passa troppo veloce. Il tempo libero, e quello occupato dal lavoro. Il tempo come ritmo frenetico della vita, accompagnato dallo stress e dagli orologi. La vita che scorre segnata dalla\u2026","rel":"","context":"In &quot;Attualit\u00e0&quot;","block_context":{"text":"Attualit\u00e0","link":"https:\/\/antoniopascotto.it\/?cat=37"},"img":{"alt_text":"","src":"https:\/\/i0.wp.com\/antoniopascotto.it\/wp-content\/uploads\/2021\/04\/LA-PERSISTENZA-DELLA-MEMORIA.png?fit=763%2C464&ssl=1&resize=350%2C200","width":350,"height":200},"classes":[]},{"id":501,"url":"https:\/\/antoniopascotto.it\/?p=501","url_meta":{"origin":798,"position":1},"title":"IL PRESENTE SENZA TEMPO","author":"Antonio Pascotto","date":"Gennaio 29, 2018","format":false,"excerpt":"Dai tempo al tempo. Oppure: il tempo \u00e8 galantuomo. E ancora: a tempo perso, avere tempo da perdere, tempo da lupi, lascia il tempo che trova, guadagnare tempo. Potrei continuare cos\u00ec all\u2019infinito. I modi di dire che contengono la parola tempo sono innumerevoli. Anche il numero di saggi sull\u2019argomento \u00e8\u2026","rel":"","context":"In &quot;Scienza&quot;","block_context":{"text":"Scienza","link":"https:\/\/antoniopascotto.it\/?cat=152"},"img":{"alt_text":"","src":"https:\/\/i0.wp.com\/antoniopascotto.it\/wp-content\/uploads\/2018\/01\/orologi2.jpg?fit=600%2C300&ssl=1&resize=350%2C200","width":350,"height":200},"classes":[]},{"id":1332,"url":"https:\/\/antoniopascotto.it\/?p=1332","url_meta":{"origin":798,"position":2},"title":"IL POST DEI POST","author":"Antonio Pascotto","date":"Giugno 30, 2020","format":"image","excerpt":"Il termine post \u00e8 entrato gi\u00e0 da tempo in maniera preponderante nelle nostre vite. Per lo pi\u00f9 indica la posteriorit\u00e0 nel tempo, nel senso di \u201cpoi, pi\u00f9 tardi, dopo, ecc.\u201d. Oggi lo utilizziamo soprattutto riferendoci a un messaggio, una pubblicazione su un blog o su un social, o come commento\u2026","rel":"","context":"In &quot;Digitale&quot;","block_context":{"text":"Digitale","link":"https:\/\/antoniopascotto.it\/?cat=21"},"img":{"alt_text":"","src":"https:\/\/i0.wp.com\/antoniopascotto.it\/wp-content\/uploads\/2020\/06\/2020-06-30_110446.jpg?fit=881%2C423&ssl=1&resize=350%2C200","width":350,"height":200},"classes":[]},{"id":1284,"url":"https:\/\/antoniopascotto.it\/?p=1284","url_meta":{"origin":798,"position":3},"title":"IL CIELO IN UNA STANZA","author":"Antonio Pascotto","date":"Aprile 15, 2020","format":"image","excerpt":"\u00a0 Mi guardo attorno e osservo con particolare attenzione la mia stanza come mai prima d\u2019ora. I quadri appesi al muro, le foto nelle cornici, i libri, gli appunti sulla scrivania, i computer. Ne ho pi\u00f9 di uno, e spesso sono accesi tutti nello stesso momento. Ho un bel balcone\u2026","rel":"","context":"In &quot;Digitale&quot;","block_context":{"text":"Digitale","link":"https:\/\/antoniopascotto.it\/?cat=21"},"img":{"alt_text":"","src":"https:\/\/i0.wp.com\/antoniopascotto.it\/wp-content\/uploads\/2020\/04\/2020-04-15_101148.jpg?fit=941%2C457&ssl=1&resize=350%2C200","width":350,"height":200},"classes":[]},{"id":1378,"url":"https:\/\/antoniopascotto.it\/?p=1378","url_meta":{"origin":798,"position":4},"title":"LA VERITA&#8217;","author":"Antonio Pascotto","date":"Novembre 11, 2020","format":"image","excerpt":"Le cose bisogna sempre dirle, costi quel che costi. O no? Dobbiamo sempre gridare al vento la verit\u00e0 oppure, quando \u00e8 il caso, fare finta di niente e rimanere in un sordo silenzio? Da giovane ho avuto pi\u00f9 di qualche rimprovero perch\u00e9, secondo molti, avevo un grosso difetto: dire sempre\u2026","rel":"","context":"In &quot;Libri&quot;","block_context":{"text":"Libri","link":"https:\/\/antoniopascotto.it\/?cat=6"},"img":{"alt_text":"","src":"","width":0,"height":0},"classes":[]},{"id":1270,"url":"https:\/\/antoniopascotto.it\/?p=1270","url_meta":{"origin":798,"position":5},"title":"ERAVAMO FELICI MA ASINTOMATICI","author":"Antonio Pascotto","date":"Marzo 28, 2020","format":false,"excerpt":"Mi sembra di vivere in un incubo. Rinchiuso in casa, in piena pandemia. Riscopro le mie cose, riprendo tra le mani libri, fumetti. Rivedo vecchi film. Altri sono nuovi. Molti li avevo persi. Non posso andare a correre, ma ho il tapis roulant, e lo uso. Si che lo uso.\u2026","rel":"","context":"In &quot;Digitale&quot;","block_context":{"text":"Digitale","link":"https:\/\/antoniopascotto.it\/?cat=21"},"img":{"alt_text":"","src":"https:\/\/i0.wp.com\/antoniopascotto.it\/wp-content\/uploads\/2020\/03\/FOTO-DA-PEXELS.jpg?fit=1006%2C496&ssl=1&resize=350%2C200","width":350,"height":200},"classes":[]}],"_links":{"self":[{"href":"https:\/\/antoniopascotto.it\/index.php?rest_route=\/wp\/v2\/posts\/798"}],"collection":[{"href":"https:\/\/antoniopascotto.it\/index.php?rest_route=\/wp\/v2\/posts"}],"about":[{"href":"https:\/\/antoniopascotto.it\/index.php?rest_route=\/wp\/v2\/types\/post"}],"author":[{"embeddable":true,"href":"https:\/\/antoniopascotto.it\/index.php?rest_route=\/wp\/v2\/users\/2"}],"replies":[{"embeddable":true,"href":"https:\/\/antoniopascotto.it\/index.php?rest_route=%2Fwp%2Fv2%2Fcomments&post=798"}],"version-history":[{"count":1,"href":"https:\/\/antoniopascotto.it\/index.php?rest_route=\/wp\/v2\/posts\/798\/revisions"}],"predecessor-version":[{"id":801,"href":"https:\/\/antoniopascotto.it\/index.php?rest_route=\/wp\/v2\/posts\/798\/revisions\/801"}],"wp:featuredmedia":[{"embeddable":true,"href":"https:\/\/antoniopascotto.it\/index.php?rest_route=\/wp\/v2\/media\/799"}],"wp:attachment":[{"href":"https:\/\/antoniopascotto.it\/index.php?rest_route=%2Fwp%2Fv2%2Fmedia&parent=798"}],"wp:term":[{"taxonomy":"category","embeddable":true,"href":"https:\/\/antoniopascotto.it\/index.php?rest_route=%2Fwp%2Fv2%2Fcategories&post=798"},{"taxonomy":"post_tag","embeddable":true,"href":"https:\/\/antoniopascotto.it\/index.php?rest_route=%2Fwp%2Fv2%2Ftags&post=798"}],"curies":[{"name":"wp","href":"https:\/\/api.w.org\/{rel}","templated":true}]}}