{"id":793,"date":"2018-12-30T23:15:14","date_gmt":"2018-12-30T23:15:14","guid":{"rendered":"http:\/\/antoniopascotto.it\/?p=793"},"modified":"2020-01-26T08:23:28","modified_gmt":"2020-01-26T08:23:28","slug":"in-punta-di-penna","status":"publish","type":"post","link":"https:\/\/antoniopascotto.it\/?p=793","title":{"rendered":"IN PUNTA DI PENNA"},"content":{"rendered":"<p><img data-attachment-id=\"794\" data-permalink=\"https:\/\/antoniopascotto.it\/?attachment_id=794\" data-orig-file=\"https:\/\/i0.wp.com\/antoniopascotto.it\/wp-content\/uploads\/2018\/12\/IMG_20181230_210914.jpg?fit=2432%2C3836&amp;ssl=1\" data-orig-size=\"2432,3836\" data-comments-opened=\"1\" data-image-meta=\"{&quot;aperture&quot;:&quot;1.8&quot;,&quot;credit&quot;:&quot;&quot;,&quot;camera&quot;:&quot;HMA-L09&quot;,&quot;caption&quot;:&quot;nor_soft&quot;,&quot;created_timestamp&quot;:&quot;1546204126&quot;,&quot;copyright&quot;:&quot;&quot;,&quot;focal_length&quot;:&quot;3.95&quot;,&quot;iso&quot;:&quot;500&quot;,&quot;shutter_speed&quot;:&quot;0.038889&quot;,&quot;title&quot;:&quot;nor_soft&quot;,&quot;orientation&quot;:&quot;1&quot;}\" data-image-title=\"\" data-image-description=\"\" data-image-caption=\"\" data-medium-file=\"https:\/\/i0.wp.com\/antoniopascotto.it\/wp-content\/uploads\/2018\/12\/IMG_20181230_210914.jpg?fit=190%2C300&amp;ssl=1\" data-large-file=\"https:\/\/i0.wp.com\/antoniopascotto.it\/wp-content\/uploads\/2018\/12\/IMG_20181230_210914.jpg?fit=649%2C1024&amp;ssl=1\" decoding=\"async\" loading=\"lazy\" class=\"alignleft size-medium wp-image-794\" src=\"https:\/\/i0.wp.com\/antoniopascotto.it\/wp-content\/uploads\/2018\/12\/IMG_20181230_210914.jpg?resize=190%2C300\" alt=\"\" width=\"190\" height=\"300\" srcset=\"https:\/\/i0.wp.com\/antoniopascotto.it\/wp-content\/uploads\/2018\/12\/IMG_20181230_210914.jpg?resize=190%2C300&amp;ssl=1 190w, https:\/\/i0.wp.com\/antoniopascotto.it\/wp-content\/uploads\/2018\/12\/IMG_20181230_210914.jpg?resize=768%2C1211&amp;ssl=1 768w, https:\/\/i0.wp.com\/antoniopascotto.it\/wp-content\/uploads\/2018\/12\/IMG_20181230_210914.jpg?resize=649%2C1024&amp;ssl=1 649w, https:\/\/i0.wp.com\/antoniopascotto.it\/wp-content\/uploads\/2018\/12\/IMG_20181230_210914.jpg?w=2000 2000w\" sizes=\"(max-width: 190px) 100vw, 190px\" data-recalc-dims=\"1\" \/>Pillole di saggezza, riflessioni, spunti utili per aprire una discussione o per cercare di capire le cose della vita. Umberto Tarsitano non si risparmia in questa sua pubblicazione, dove affronta i temi pi\u00f9 disparati. Parte da lontano quando cita il principe dei giornalisti moderni, Emile De Girardin, paladino della libert\u00e0 di stampa. E come il titolo di una famosa rubrica del giornalista e politico francese, \u2018<em>Un\u2019idea al giorno<\/em>\u2019, punto di riferimento del quotidiano <em>La Presse<\/em>, da lui fondato, Tarsitano propone una serie di considerazioni che, lette periodicamente, rappresentano la spinta, la partenza e quindi l\u2019occasione per affrontare nel migliore dei modi la giornata.<\/p>\n<p>Un pretesto, certo, per rivolgersi al pubblico con toni confidenziali ma allo stesso tempo un\u2019opportunit\u00e0 per il lettore. L\u2019autore \u00e8 capace di scrutare l\u2019animo umano con garbo e maestria, senza mai approfittarne. Dispensa consigli, quelli che si offrono <em>con tanta liberalit\u00e0<\/em>. Invita tutti alla moderazione in un momento non troppo felice per la nostra economia; affronta con estrema delicatezza il tema dei genitori alle prese con la disabilit\u00e0 dei propri figli; definisce le scarpe un\u2019estensione del nostro essere, specchio di pregi e difetti di ciascun individuo.<\/p>\n<p>Pillole di saggezza, dicevamo, sorrette dalla passione di Tarsitano per la politica e la storia. Merita un discorso a parte l\u2019amore per la sua terra, la Calabria, pi\u00f9 volte citata in questo volume. Una terra povera, la pi\u00f9 povera del Paese, come lui stesso ricorda. E nel farlo lancia un accorato appello ai politici di ogni partito, colpevoli di sfornare solo inutili slogan piuttosto che di occuparsi delle sorti di un\u2019Italia messa all\u2019angolo. Una politica priva di qualit\u00e0 e soprattutto di coraggio, quello che servirebbe per uscire dalle secche di una crisi che rischia di spazzare via non solo le regioni del Mezzogiorno ma anche quelle pi\u00f9 industrializzate. Non \u00e8 pi\u00f9 tempo di bagarre e tafferugli nelle aule dei palazzi romani. Che si prenda esempio dai ciclisti, afferma Tarsitano in punta di penna, per recuperare, con un <em>colpo di reni<\/em>, il terreno perduto.<\/p>\n<p>E con lo sguardo rivolto verso i pi\u00f9 giovani l\u2019autore non nasconde che, nonostante tutto, si pu\u00f2 anche essere ottimisti.\u00a0 E\u2019 la forza della speranza che diventa virus benefico, contaminante, un elisir necessario per riappropriarsi del presente e del futuro. Senza mai dimenticare la storia, appunto, e le proprie origini. Quelle dello scrittore hanno profonde radici al Sud. Ma non ci sono distinzioni nelle parole di Tarsitano. Sono indirizzate a tutti, giovani e meno giovani, cittadini del Mezzogiorno o delle regioni pi\u00f9 settentrionali. Perch\u00e9 il cielo, noi lo scriviamo in senso positivo, deve essere pi\u00f9 blu per tutti.<\/p>\n","protected":false},"excerpt":{"rendered":"<p>Pillole di saggezza, riflessioni, spunti utili per aprire una discussione o per cercare di capire le cose della vita. Umberto Tarsitano non si risparmia in questa sua pubblicazione, dove affronta i temi pi\u00f9 disparati. Parte da lontano quando cita il principe dei giornalisti moderni, Emile De Girardin, paladino della libert\u00e0 di stampa. E come il [&hellip;]<\/p>\n","protected":false},"author":2,"featured_media":795,"comment_status":"open","ping_status":"open","sticky":false,"template":"","format":"image","meta":{"advanced_seo_description":"","jetpack_seo_html_title":"","jetpack_seo_noindex":false,"jetpack_post_was_ever_published":false,"_jetpack_newsletter_access":"","jetpack_publicize_message":"","jetpack_is_tweetstorm":false,"jetpack_publicize_feature_enabled":true,"jetpack_social_post_already_shared":true,"jetpack_social_options":{"image_generator_settings":{"template":"highway","enabled":false}}},"categories":[6],"tags":[],"jetpack_publicize_connections":[],"jetpack_featured_media_url":"https:\/\/i0.wp.com\/antoniopascotto.it\/wp-content\/uploads\/2018\/12\/2018-12-31_001237.jpg?fit=958%2C411&ssl=1","jetpack_sharing_enabled":true,"jetpack_shortlink":"https:\/\/wp.me\/p8swp8-cN","jetpack-related-posts":[{"id":380,"url":"https:\/\/antoniopascotto.it\/?p=380","url_meta":{"origin":793,"position":0},"title":"MISS ITALIA E I CRITICI TELEVISIVI. DIFFIDATE, GENTE, DIFFIDATE","author":"Antonio Pascotto","date":"Settembre 13, 2017","format":"gallery","excerpt":"Non mi fido dei critici. Non mi sono mai fidato. Quando leggo le recensioni di un film e sono negative \u00e8 quasi certo che quel film potrebbe piacermi. E forse potrei vederlo. Per non parlare dei critici televisivi. Lingue biforcute capaci di spargere veleno a destra e a manca senza\u2026","rel":"","context":"In &quot;Spettacolo&quot;","block_context":{"text":"Spettacolo","link":"https:\/\/antoniopascotto.it\/?cat=47"},"img":{"alt_text":"","src":"https:\/\/i0.wp.com\/antoniopascotto.it\/wp-content\/uploads\/2017\/09\/miss-italia-2.png?fit=1150%2C235&ssl=1&resize=350%2C200","width":350,"height":200},"classes":[]},{"id":1645,"url":"https:\/\/antoniopascotto.it\/?p=1645","url_meta":{"origin":793,"position":1},"title":"QUEL GIORNO AD ARCORE","author":"Antonio Pascotto","date":"Giugno 18, 2023","format":"image","excerpt":"C\u2019\u00e8 voluto qualche giorno prima che mettessi gi\u00f9 queste due righe. Convinto da sempre che quando scompare qualcuno bisogna restare quanto pi\u00f9 possibile in silenzio per il rispetto della persona e dei suoi familiari. Ogni parola potrebbe essere di troppo. Il silenzio, come scrive Erling Kagge, \u00e8 uno spazio dell\u2019anima.\u2026","rel":"","context":"In &quot;Personaggi&quot;","block_context":{"text":"Personaggi","link":"https:\/\/antoniopascotto.it\/?cat=104"},"img":{"alt_text":"","src":"https:\/\/i0.wp.com\/antoniopascotto.it\/wp-content\/uploads\/2023\/06\/WhatsApp-Image-2023-06-18-at-09.10.25-e1687072314235.jpeg?fit=800%2C400&ssl=1&resize=350%2C200","width":350,"height":200},"classes":[]},{"id":626,"url":"https:\/\/antoniopascotto.it\/?p=626","url_meta":{"origin":793,"position":2},"title":"IL GIORNO IN CUI FACEBOOK NON FU PIU\u2019 LO STESSO","author":"Antonio Pascotto","date":"Marzo 28, 2018","format":"image","excerpt":"E\u2019 il caso Cambridge Analytica ad assestare il colpo finale alla credibilit\u00e0 del social network pi\u00f9 diffuso al mondo. Tutto nasce da un\u2019inchiesta di Guardian e New York Times. Quasi in contemporanea i cronisti delle due testate giornaliste indagano sulla societ\u00e0 britannica di analisi dati che durante la campagna elettorale\u2026","rel":"","context":"In &quot;Facebook&quot;","block_context":{"text":"Facebook","link":"https:\/\/antoniopascotto.it\/?cat=170"},"img":{"alt_text":"","src":"https:\/\/i0.wp.com\/antoniopascotto.it\/wp-content\/uploads\/2018\/03\/facebook-2.jpg?fit=863%2C486&ssl=1&resize=350%2C200","width":350,"height":200},"classes":[]},{"id":609,"url":"https:\/\/antoniopascotto.it\/?p=609","url_meta":{"origin":793,"position":3},"title":"LA BOTTEGA DEI BALOCCHI","author":"Antonio Pascotto","date":"Marzo 15, 2018","format":"image","excerpt":"Negli Stati Uniti chiudono tutti i negozi di giocattoli Toys. Se ne parlava da tempo. In questi casi il gioco di parole \u00e8 drammatico. Perch\u00e9 in gioco c\u2019\u00e8 il futuro di 33mila dipendenti e delle loro famiglie. Il motivo della chiusura \u00e8 la difficolt\u00e0 di competere con i big delle\u2026","rel":"","context":"In &quot;Giocattoli&quot;","block_context":{"text":"Giocattoli","link":"https:\/\/antoniopascotto.it\/?cat=192"},"img":{"alt_text":"","src":"https:\/\/i0.wp.com\/antoniopascotto.it\/wp-content\/uploads\/2018\/03\/giocattoli.jpg?fit=600%2C400&ssl=1&resize=350%2C200","width":350,"height":200},"classes":[]},{"id":1127,"url":"https:\/\/antoniopascotto.it\/?p=1127","url_meta":{"origin":793,"position":4},"title":"FABRIZIO, I LIBRI E IL LAVORO","author":"Antonio Pascotto","date":"Settembre 30, 2019","format":"image","excerpt":"Uno dei miei scrittori preferiti \u00e8 senza dubbio Fabrizio Falconi, amico e collega di lunga data. Lavoriamo insieme a Mediaset da quasi 27 anni. Un bel po di tempo, non c'\u00e8 che dire. Ho letto quasi tutti i suoi libri. E ho cominciato a sfogliare il suo ultimo lavoro, interessantissimo,\u2026","rel":"","context":"In &quot;Cultura&quot;","block_context":{"text":"Cultura","link":"https:\/\/antoniopascotto.it\/?cat=72"},"img":{"alt_text":"","src":"https:\/\/i0.wp.com\/antoniopascotto.it\/wp-content\/uploads\/2019\/09\/2019-09-30_082847.jpg?fit=467%2C307&ssl=1&resize=350%2C200","width":350,"height":200},"classes":[]},{"id":659,"url":"https:\/\/antoniopascotto.it\/?p=659","url_meta":{"origin":793,"position":5},"title":"COSA RESTA DI QUEGLI ANNI NOVANTA","author":"Antonio Pascotto","date":"Maggio 8, 2018","format":"image","excerpt":"Devono passare circa trent\u2019anni prima di celebrare un decennio. E\u2019 gi\u00e0 successo con gli Anni Sessanta, poi con gli Anni Settanta e gli Anni Ottanta. Ora, con un certo anticipo, \u00e8 la volta degli Anni Novanta. Articoli di giornale e libri si moltiplicano. E di cose da dire e da\u2026","rel":"","context":"In &quot;Avvenimenti&quot;","block_context":{"text":"Avvenimenti","link":"https:\/\/antoniopascotto.it\/?cat=211"},"img":{"alt_text":"","src":"https:\/\/i0.wp.com\/antoniopascotto.it\/wp-content\/uploads\/2018\/05\/2018-05-08_090447.jpg?fit=877%2C394&ssl=1&resize=350%2C200","width":350,"height":200},"classes":[]}],"_links":{"self":[{"href":"https:\/\/antoniopascotto.it\/index.php?rest_route=\/wp\/v2\/posts\/793"}],"collection":[{"href":"https:\/\/antoniopascotto.it\/index.php?rest_route=\/wp\/v2\/posts"}],"about":[{"href":"https:\/\/antoniopascotto.it\/index.php?rest_route=\/wp\/v2\/types\/post"}],"author":[{"embeddable":true,"href":"https:\/\/antoniopascotto.it\/index.php?rest_route=\/wp\/v2\/users\/2"}],"replies":[{"embeddable":true,"href":"https:\/\/antoniopascotto.it\/index.php?rest_route=%2Fwp%2Fv2%2Fcomments&post=793"}],"version-history":[{"count":2,"href":"https:\/\/antoniopascotto.it\/index.php?rest_route=\/wp\/v2\/posts\/793\/revisions"}],"predecessor-version":[{"id":797,"href":"https:\/\/antoniopascotto.it\/index.php?rest_route=\/wp\/v2\/posts\/793\/revisions\/797"}],"wp:featuredmedia":[{"embeddable":true,"href":"https:\/\/antoniopascotto.it\/index.php?rest_route=\/wp\/v2\/media\/795"}],"wp:attachment":[{"href":"https:\/\/antoniopascotto.it\/index.php?rest_route=%2Fwp%2Fv2%2Fmedia&parent=793"}],"wp:term":[{"taxonomy":"category","embeddable":true,"href":"https:\/\/antoniopascotto.it\/index.php?rest_route=%2Fwp%2Fv2%2Fcategories&post=793"},{"taxonomy":"post_tag","embeddable":true,"href":"https:\/\/antoniopascotto.it\/index.php?rest_route=%2Fwp%2Fv2%2Ftags&post=793"}],"curies":[{"name":"wp","href":"https:\/\/api.w.org\/{rel}","templated":true}]}}