{"id":789,"date":"2018-12-03T15:44:23","date_gmt":"2018-12-03T15:44:23","guid":{"rendered":"http:\/\/antoniopascotto.it\/?p=789"},"modified":"2019-04-15T15:11:20","modified_gmt":"2019-04-15T15:11:20","slug":"social-e-societa","status":"publish","type":"post","link":"https:\/\/antoniopascotto.it\/?p=789","title":{"rendered":"SOCIAL E SOCIETA&#8217;"},"content":{"rendered":"<p>La sensazione \u00e8 che qualcosa stia cambiando. C\u2019\u00e8 chi comincia a prendere le distanze da un certo tipo di controllo da parte dei social. Sar\u00e0 per lo scandalo sull\u2019utilizzo delle informazioni da parte di Cambridge Analytica, o per evitare di essere spiati dai genitori, che pi\u00f9 dei figli si collegano a Facebook. Sta di fatto che soprattutto i pi\u00f9 giovani sembrano essere sottoposti a uno stress da social che li mette sotto pressione. Da qui la diffidenza verso un certo tipo di comunicazione. Un valore significativo se si considera che si tratta di ragazzi, nati quando i social gi\u00e0 esistevano. Perfino una star come Selena Gomez ha ritenuto opportuno prendersi di nuovo una pausa da Instagram. Lo aveva gi\u00e0 fatto in passato, affermando che in un momento buio della propria esistenza i social non facevano altro che danneggiare la sua autostima. Poi l\u2019ennesimo passo indietro, come lei stessa ha confessato, per vivere la vita reale e godere appieno del tempo a disposizione.<\/p>\n<p>Dalla tecnologia prende le distanze uno dei cantanti pi\u00f9 seguiti dal pubblico giovanile, Ed Sheeran. Aveva gi\u00e0 abbandonato Twitter, dicendo che si era stancato di leggere cose offensive, orribili. Il passo successivo \u00e8 stato quello di buttare lo smartphone per non essere connesso ogni momento, per vedere il mondo con i propri occhi e non solo attraverso uno schermo. Ha confessato di possedere solo un vecchio Nokia 3210 senza display che utilizza solo nei casi di emergenza.<\/p>\n<p>In Italia \u00e8 stata Marzia Bisognin, star di YouTube con 67 milioni di iscritti, a dire addio alla piattaforma. Per lei era arrivato il momento di provare qualcosa di nuovo. In un video ha spiegato i motivi della sua decisione: negli ultimi tempi faticava non poco a trovare le ragioni per continuare. Eppure grazie a YouTube aveva superato la timidezza dando sfogo alla propria creativit\u00e0. Ha girato il mondo insieme al fidanzato, anche lui una star, Felix Kjellberg, meglio conosciuto con il nome PewDiePie. Una favola, quella dei due innamorati, coronata dal successo e da un numero elevato di follower. Poi il passo indietro di entrambi, per non rinchiudersi nella bolla del Web.<\/p>\n<p>Negli Stati Uniti, invece, un quarto degli utilizzatori di Facebook ha rimosso la app dal telefono negli ultimi dodici mesi. Una crisi di rigetto. Che coinvolge addirittura molti manager dello stesso social network. Nomi noti, che si aggiungono a quelli che avevamo definito pentiti del Web. Come Rachel Whetstone, che si occupava del settore comunicazione dell\u2019azienda di Menlo Park. Ha deciso che era meglio dedicarsi al cinema e alle grandi produzioni, ed \u00e8 andata a lavorare per Netflix. Anche Alex Stamos ha fatto le valigie. Oggi fa l\u2019insegnante a Stanford. Con lui ha lasciato pure Colin Stretch, mentre Tavis McGinn, senza peli sulla lingua, ha confessato che sono venuti meno quegli ideali per i quali era nato il social network. Via anche lui. E via Brian Action e Jan Koum, cofondatori di WhatsApp. Meglio morire sulla spiaggia piuttosto che in ufficio, aveva detto Jack Ma annunciando al mondo intero il suo ritiro da Alibaba, il colosso cinese delle vendite online. Parole prese alla lettera da Dan Rose, veterano di Facebook. Ha lasciato tutto per andarsene alle Hawaii. La felicit\u00e0 si misura anche su un lettino al sole.<\/p>\n<p>Si \u00e8 molto parlato dei due fondatori di Instagram , Mike Krieger e Kevin Systrom, che hanno deciso di dire addio alla loro creatura, acquistata nel 2012 da Facebook per un miliardo di dollari. Hanno dichiarato ufficialmente di voler tornare a esplorare la loro curiosit\u00e0 e creativit\u00e0. Ma alla base di questa scelta ci sarebbero divergenze insanabili con Mark Zuckerberg. Forse per una serie di iniziative che avrebbero snaturato la piattaforma social per la condivisione di fotografie.<\/p>\n<p>All\u2019improvviso c\u2019\u00e8 stato il fuggi fuggi. Dai dirigenti del gruppo di Menlo Park ai fondatori delle aziende successivamente acquistate da Zuckerberg. Come Brendan Iribe e Palmer Luckey, creatori di Oculus, marchio leader nella produzione dei visori a realt\u00e0 aumentata. Facebook qualche anno fa aveva comprato la societ\u00e0 per 2 miliardi di dollari.<\/p>\n<p>Si tratta solo di esempi. La tendenza in ogni caso \u00e8 quella di essere maggiormente accorti e di non esporsi pi\u00f9 del necessario su Instagram o su Twitter, troppo invasivi e poco rispettosi dell\u2019immagine delle persone. Un cambio di direzione che non registra numeri elevati, ma \u00e8 pur sempre un\u2019indicazione. Forse la consapevolezza del valore della privacy per riappropriarsi del proprio io potrebbe prevalere su un mondo dove si fa pi\u00f9 affidamento sulle conoscenze degli altri piuttosto che sulle proprie capacit\u00e0.<\/p>\n","protected":false},"excerpt":{"rendered":"<p>La sensazione \u00e8 che qualcosa stia cambiando. C\u2019\u00e8 chi comincia a prendere le distanze da un certo tipo di controllo da parte dei social. Sar\u00e0 per lo scandalo sull\u2019utilizzo delle informazioni da parte di Cambridge Analytica, o per evitare di essere spiati dai genitori, che pi\u00f9 dei figli si collegano a Facebook. Sta di fatto [&hellip;]<\/p>\n","protected":false},"author":2,"featured_media":790,"comment_status":"open","ping_status":"open","sticky":false,"template":"","format":"image","meta":{"advanced_seo_description":"","jetpack_seo_html_title":"","jetpack_seo_noindex":false,"jetpack_post_was_ever_published":false,"_jetpack_newsletter_access":"","jetpack_publicize_message":"","jetpack_is_tweetstorm":false,"jetpack_publicize_feature_enabled":true,"jetpack_social_post_already_shared":true,"jetpack_social_options":{"image_generator_settings":{"template":"highway","enabled":false}}},"categories":[21,170,3],"tags":[69,252,65,66,71,251,70],"jetpack_publicize_connections":[],"jetpack_featured_media_url":"https:\/\/i0.wp.com\/antoniopascotto.it\/wp-content\/uploads\/2018\/12\/2018-12-03_164252.jpg?fit=753%2C455&ssl=1","jetpack_sharing_enabled":true,"jetpack_shortlink":"https:\/\/wp.me\/p8swp8-cJ","jetpack-related-posts":[{"id":1374,"url":"https:\/\/antoniopascotto.it\/?p=1374","url_meta":{"origin":789,"position":0},"title":"I PENTITI DEL WEB","author":"Antonio Pascotto","date":"Ottobre 22, 2020","format":"image","excerpt":"Prima il loro impegno per la costruzione del mondo digitale in cui stiamo vivendo, poi il rimorso per il risultato del lavoro svolto sino ad oggi. Li chiamano i pentiti del Web, quelli che nella Silicon Valley si sono dati da fare per promuovere lo sviluppo tecnologico legato ai social\u2026","rel":"","context":"In &quot;Digitale&quot;","block_context":{"text":"Digitale","link":"https:\/\/antoniopascotto.it\/?cat=21"},"img":{"alt_text":"","src":"https:\/\/i0.wp.com\/antoniopascotto.it\/wp-content\/uploads\/2020\/10\/2020-10-22_102227.jpg?fit=935%2C407&ssl=1&resize=350%2C200","width":350,"height":200},"classes":[]},{"id":626,"url":"https:\/\/antoniopascotto.it\/?p=626","url_meta":{"origin":789,"position":1},"title":"IL GIORNO IN CUI FACEBOOK NON FU PIU\u2019 LO STESSO","author":"Antonio Pascotto","date":"Marzo 28, 2018","format":"image","excerpt":"E\u2019 il caso Cambridge Analytica ad assestare il colpo finale alla credibilit\u00e0 del social network pi\u00f9 diffuso al mondo. Tutto nasce da un\u2019inchiesta di Guardian e New York Times. Quasi in contemporanea i cronisti delle due testate giornaliste indagano sulla societ\u00e0 britannica di analisi dati che durante la campagna elettorale\u2026","rel":"","context":"In &quot;Facebook&quot;","block_context":{"text":"Facebook","link":"https:\/\/antoniopascotto.it\/?cat=170"},"img":{"alt_text":"","src":"https:\/\/i0.wp.com\/antoniopascotto.it\/wp-content\/uploads\/2018\/03\/facebook-2.jpg?fit=863%2C486&ssl=1&resize=350%2C200","width":350,"height":200},"classes":[]},{"id":1517,"url":"https:\/\/antoniopascotto.it\/?p=1517","url_meta":{"origin":789,"position":2},"title":"L\u2019OTTIMISMO","author":"Antonio Pascotto","date":"Gennaio 6, 2022","format":"image","excerpt":"\u201cGianni, l\u2019ottimismo \u00e8 il profumo della vita\u201d. Tonino Guerra, grande poeta, scrittore e sceneggiatore, pronunciava questa frase in un famoso spot di una catena di negozi di elettronica, in onda su tutte le televisioni nei primi anni 2000. Era rivolta al suo amico Gianfranco Giannini, anch\u2019egli sceneggiatore. In quelle parole\u2026","rel":"","context":"In &quot;Attualit\u00e0&quot;","block_context":{"text":"Attualit\u00e0","link":"https:\/\/antoniopascotto.it\/?cat=37"},"img":{"alt_text":"","src":"https:\/\/i0.wp.com\/antoniopascotto.it\/wp-content\/uploads\/2022\/01\/OTTIMISMO-E-PESSIMISMO.png?fit=718%2C337&ssl=1&resize=350%2C200","width":350,"height":200},"classes":[]},{"id":1332,"url":"https:\/\/antoniopascotto.it\/?p=1332","url_meta":{"origin":789,"position":3},"title":"IL POST DEI POST","author":"Antonio Pascotto","date":"Giugno 30, 2020","format":"image","excerpt":"Il termine post \u00e8 entrato gi\u00e0 da tempo in maniera preponderante nelle nostre vite. Per lo pi\u00f9 indica la posteriorit\u00e0 nel tempo, nel senso di \u201cpoi, pi\u00f9 tardi, dopo, ecc.\u201d. Oggi lo utilizziamo soprattutto riferendoci a un messaggio, una pubblicazione su un blog o su un social, o come commento\u2026","rel":"","context":"In &quot;Digitale&quot;","block_context":{"text":"Digitale","link":"https:\/\/antoniopascotto.it\/?cat=21"},"img":{"alt_text":"","src":"https:\/\/i0.wp.com\/antoniopascotto.it\/wp-content\/uploads\/2020\/06\/2020-06-30_110446.jpg?fit=881%2C423&ssl=1&resize=350%2C200","width":350,"height":200},"classes":[]},{"id":380,"url":"https:\/\/antoniopascotto.it\/?p=380","url_meta":{"origin":789,"position":4},"title":"MISS ITALIA E I CRITICI TELEVISIVI. DIFFIDATE, GENTE, DIFFIDATE","author":"Antonio Pascotto","date":"Settembre 13, 2017","format":"gallery","excerpt":"Non mi fido dei critici. Non mi sono mai fidato. Quando leggo le recensioni di un film e sono negative \u00e8 quasi certo che quel film potrebbe piacermi. E forse potrei vederlo. Per non parlare dei critici televisivi. Lingue biforcute capaci di spargere veleno a destra e a manca senza\u2026","rel":"","context":"In &quot;Spettacolo&quot;","block_context":{"text":"Spettacolo","link":"https:\/\/antoniopascotto.it\/?cat=47"},"img":{"alt_text":"","src":"https:\/\/i0.wp.com\/antoniopascotto.it\/wp-content\/uploads\/2017\/09\/miss-italia-2.png?fit=1150%2C235&ssl=1&resize=350%2C200","width":350,"height":200},"classes":[]},{"id":1270,"url":"https:\/\/antoniopascotto.it\/?p=1270","url_meta":{"origin":789,"position":5},"title":"ERAVAMO FELICI MA ASINTOMATICI","author":"Antonio Pascotto","date":"Marzo 28, 2020","format":false,"excerpt":"Mi sembra di vivere in un incubo. Rinchiuso in casa, in piena pandemia. Riscopro le mie cose, riprendo tra le mani libri, fumetti. Rivedo vecchi film. Altri sono nuovi. Molti li avevo persi. Non posso andare a correre, ma ho il tapis roulant, e lo uso. Si che lo uso.\u2026","rel":"","context":"In &quot;Digitale&quot;","block_context":{"text":"Digitale","link":"https:\/\/antoniopascotto.it\/?cat=21"},"img":{"alt_text":"","src":"https:\/\/i0.wp.com\/antoniopascotto.it\/wp-content\/uploads\/2020\/03\/FOTO-DA-PEXELS.jpg?fit=1006%2C496&ssl=1&resize=350%2C200","width":350,"height":200},"classes":[]}],"_links":{"self":[{"href":"https:\/\/antoniopascotto.it\/index.php?rest_route=\/wp\/v2\/posts\/789"}],"collection":[{"href":"https:\/\/antoniopascotto.it\/index.php?rest_route=\/wp\/v2\/posts"}],"about":[{"href":"https:\/\/antoniopascotto.it\/index.php?rest_route=\/wp\/v2\/types\/post"}],"author":[{"embeddable":true,"href":"https:\/\/antoniopascotto.it\/index.php?rest_route=\/wp\/v2\/users\/2"}],"replies":[{"embeddable":true,"href":"https:\/\/antoniopascotto.it\/index.php?rest_route=%2Fwp%2Fv2%2Fcomments&post=789"}],"version-history":[{"count":1,"href":"https:\/\/antoniopascotto.it\/index.php?rest_route=\/wp\/v2\/posts\/789\/revisions"}],"predecessor-version":[{"id":791,"href":"https:\/\/antoniopascotto.it\/index.php?rest_route=\/wp\/v2\/posts\/789\/revisions\/791"}],"wp:featuredmedia":[{"embeddable":true,"href":"https:\/\/antoniopascotto.it\/index.php?rest_route=\/wp\/v2\/media\/790"}],"wp:attachment":[{"href":"https:\/\/antoniopascotto.it\/index.php?rest_route=%2Fwp%2Fv2%2Fmedia&parent=789"}],"wp:term":[{"taxonomy":"category","embeddable":true,"href":"https:\/\/antoniopascotto.it\/index.php?rest_route=%2Fwp%2Fv2%2Fcategories&post=789"},{"taxonomy":"post_tag","embeddable":true,"href":"https:\/\/antoniopascotto.it\/index.php?rest_route=%2Fwp%2Fv2%2Ftags&post=789"}],"curies":[{"name":"wp","href":"https:\/\/api.w.org\/{rel}","templated":true}]}}