{"id":783,"date":"2018-09-18T23:34:07","date_gmt":"2018-09-18T23:34:07","guid":{"rendered":"http:\/\/antoniopascotto.it\/?p=783"},"modified":"2022-01-18T16:57:45","modified_gmt":"2022-01-18T16:57:45","slug":"chiara-e-il-disimpegno-morale","status":"publish","type":"post","link":"https:\/\/antoniopascotto.it\/?p=783","title":{"rendered":"CHIARA E IL DISIMPEGNO MORALE"},"content":{"rendered":"<p><img data-attachment-id=\"785\" data-permalink=\"https:\/\/antoniopascotto.it\/?attachment_id=785\" data-orig-file=\"https:\/\/i0.wp.com\/antoniopascotto.it\/wp-content\/uploads\/2018\/09\/757-e1537313548425.jpg?fit=960%2C1280&amp;ssl=1\" data-orig-size=\"960,1280\" data-comments-opened=\"1\" data-image-meta=\"{&quot;aperture&quot;:&quot;2.2&quot;,&quot;credit&quot;:&quot;&quot;,&quot;camera&quot;:&quot;iPhone 6 Plus&quot;,&quot;caption&quot;:&quot;&quot;,&quot;created_timestamp&quot;:&quot;1537238494&quot;,&quot;copyright&quot;:&quot;&quot;,&quot;focal_length&quot;:&quot;2.65&quot;,&quot;iso&quot;:&quot;320&quot;,&quot;shutter_speed&quot;:&quot;0.058823529411765&quot;,&quot;title&quot;:&quot;&quot;,&quot;orientation&quot;:&quot;6&quot;}\" data-image-title=\"757\" data-image-description=\"\" data-image-caption=\"\" data-medium-file=\"https:\/\/i0.wp.com\/antoniopascotto.it\/wp-content\/uploads\/2018\/09\/757-e1537313548425.jpg?fit=225%2C300&amp;ssl=1\" data-large-file=\"https:\/\/i0.wp.com\/antoniopascotto.it\/wp-content\/uploads\/2018\/09\/757-e1537313548425.jpg?fit=768%2C1024&amp;ssl=1\" decoding=\"async\" loading=\"lazy\" class=\"alignleft size-medium wp-image-785\" src=\"https:\/\/i0.wp.com\/antoniopascotto.it\/wp-content\/uploads\/2018\/09\/757-e1537313548425-225x300.jpg?resize=225%2C300\" alt=\"\" width=\"225\" height=\"300\" srcset=\"https:\/\/i0.wp.com\/antoniopascotto.it\/wp-content\/uploads\/2018\/09\/757-e1537313548425.jpg?resize=225%2C300&amp;ssl=1 225w, https:\/\/i0.wp.com\/antoniopascotto.it\/wp-content\/uploads\/2018\/09\/757-e1537313548425.jpg?resize=768%2C1024&amp;ssl=1 768w, https:\/\/i0.wp.com\/antoniopascotto.it\/wp-content\/uploads\/2018\/09\/757-e1537313548425.jpg?w=960&amp;ssl=1 960w\" sizes=\"(max-width: 225px) 100vw, 225px\" data-recalc-dims=\"1\" \/>Umberto Eco diceva che con i social viene data la parola a legioni di imbecilli. Non aveva tutti i torti. Di sicuro sono imbecilli coloro che hanno insultato questa bravissima ragazza il cui nome \u00e8 Chiara Bordi. E\u2019 arrivata terza a Miss Italia. E\u2019 stata insultata. Le hanno detto di andare a casa e che gli italiani l\u2019avevano votata perch\u00e9 era storpia. Imbecilli, davvero. Chiara \u00e8 una ragazza dolce, simpatica, coraggiosa. Nonostante l\u2019incidente che l\u2019ha costretta a indossare una protesi alla gamba sinistra, con coraggio ha affrontato la vita e si \u00e8 dedicata allo studio e allo sport con dedizione. Pratica canoa, windsurf e pattinaggio a rotelle. Per guadagnare qualche soldo lavora come barista. E\u2019 una ragazza volenterosa e coraggiosa. Ha ragione Francesco Facchinetti che ha definito deficienti quelli che l\u2019hanno insultata. Aveva forse ragione Umberto Eco. Oggi sui social tutti possono dire tutto quello che vogliono, anche insultare. In psicologia questo modo di fare viene definito con il termine \u2018disimpegno morale\u2019, cio\u00e8 il mezzo che consente a un individuo di disinnescare la sua coscienza personale mettendo in atto comportamenti inumani, lesivi, senza per questo sentirsi in colpa. Io, al posto dei cretini che hanno insultato Chiara, mi sentirei assai in colpa, altroch\u00e9.<\/p>\n","protected":false},"excerpt":{"rendered":"<p>Umberto Eco diceva che con i social viene data la parola a legioni di imbecilli. Non aveva tutti i torti. Di sicuro sono imbecilli coloro che hanno insultato questa bravissima ragazza il cui nome \u00e8 Chiara Bordi. E\u2019 arrivata terza a Miss Italia. E\u2019 stata insultata. Le hanno detto di andare a casa e che [&hellip;]<\/p>\n","protected":false},"author":2,"featured_media":784,"comment_status":"open","ping_status":"open","sticky":false,"template":"","format":"standard","meta":{"advanced_seo_description":"","jetpack_seo_html_title":"","jetpack_seo_noindex":false,"jetpack_post_was_ever_published":false,"_jetpack_newsletter_access":"","jetpack_publicize_message":"","jetpack_is_tweetstorm":false,"jetpack_publicize_feature_enabled":true,"jetpack_social_post_already_shared":true,"jetpack_social_options":{"image_generator_settings":{"template":"highway","enabled":false}}},"categories":[211,170,104,206,231,47,3],"tags":[247,250,248,85,249],"jetpack_publicize_connections":[],"jetpack_featured_media_url":"https:\/\/i0.wp.com\/antoniopascotto.it\/wp-content\/uploads\/2018\/09\/2018-09-19_004739.jpg?fit=856%2C520&ssl=1","jetpack_sharing_enabled":true,"jetpack_shortlink":"https:\/\/wp.me\/p8swp8-cD","jetpack-related-posts":[{"id":808,"url":"https:\/\/antoniopascotto.it\/?p=808","url_meta":{"origin":783,"position":0},"title":"IL MONDO A COLPI DI LIKE","author":"Antonio Pascotto","date":"Febbraio 9, 2019","format":"image","excerpt":"Misuriamo il consenso a colpi di like. Quanti amici abbiamo? Ci vogliono bene, approvano quello che facciamo? Vediamo quanti mi piace otteniamo su Facebook, Instagram o Twitter. E i commenti? Beh, a volte \u00e8 meglio non leggerli. Ci scappa sempre quello che usa un linguaggio poco prudente, tra male parole,\u2026","rel":"","context":"In &quot;Digitale&quot;","block_context":{"text":"Digitale","link":"https:\/\/antoniopascotto.it\/?cat=21"},"img":{"alt_text":"","src":"https:\/\/i0.wp.com\/antoniopascotto.it\/wp-content\/uploads\/2019\/02\/2019-02-09_085415.jpg?fit=893%2C437&ssl=1&resize=350%2C200","width":350,"height":200},"classes":[]},{"id":380,"url":"https:\/\/antoniopascotto.it\/?p=380","url_meta":{"origin":783,"position":1},"title":"MISS ITALIA E I CRITICI TELEVISIVI. DIFFIDATE, GENTE, DIFFIDATE","author":"Antonio Pascotto","date":"Settembre 13, 2017","format":"gallery","excerpt":"Non mi fido dei critici. Non mi sono mai fidato. Quando leggo le recensioni di un film e sono negative \u00e8 quasi certo che quel film potrebbe piacermi. E forse potrei vederlo. Per non parlare dei critici televisivi. Lingue biforcute capaci di spargere veleno a destra e a manca senza\u2026","rel":"","context":"In &quot;Spettacolo&quot;","block_context":{"text":"Spettacolo","link":"https:\/\/antoniopascotto.it\/?cat=47"},"img":{"alt_text":"","src":"https:\/\/i0.wp.com\/antoniopascotto.it\/wp-content\/uploads\/2017\/09\/miss-italia-2.png?fit=1150%2C235&ssl=1&resize=350%2C200","width":350,"height":200},"classes":[]},{"id":1332,"url":"https:\/\/antoniopascotto.it\/?p=1332","url_meta":{"origin":783,"position":2},"title":"IL POST DEI POST","author":"Antonio Pascotto","date":"Giugno 30, 2020","format":"image","excerpt":"Il termine post \u00e8 entrato gi\u00e0 da tempo in maniera preponderante nelle nostre vite. Per lo pi\u00f9 indica la posteriorit\u00e0 nel tempo, nel senso di \u201cpoi, pi\u00f9 tardi, dopo, ecc.\u201d. Oggi lo utilizziamo soprattutto riferendoci a un messaggio, una pubblicazione su un blog o su un social, o come commento\u2026","rel":"","context":"In &quot;Digitale&quot;","block_context":{"text":"Digitale","link":"https:\/\/antoniopascotto.it\/?cat=21"},"img":{"alt_text":"","src":"https:\/\/i0.wp.com\/antoniopascotto.it\/wp-content\/uploads\/2020\/06\/2020-06-30_110446.jpg?fit=881%2C423&ssl=1&resize=350%2C200","width":350,"height":200},"classes":[]},{"id":600,"url":"https:\/\/antoniopascotto.it\/?p=600","url_meta":{"origin":783,"position":3},"title":"BELLEZZA, MIMOSE E MISS","author":"Antonio Pascotto","date":"Marzo 8, 2018","format":"image","excerpt":"Non mi sono mai piaciute le critiche ai concorsi di bellezza. Mi sono sempre chiesto: che male c\u2019\u00e8? In giro si vedono tanti spettacoli di cattivo gusto, spesso volgari, e pure un tantino presuntuosetti. Per non parlare di alcune pubblicit\u00e0 che secondo me sviliscono la figura della donna.\u00a0 Invece qualche\u2026","rel":"","context":"In &quot;Attualit\u00e0&quot;","block_context":{"text":"Attualit\u00e0","link":"https:\/\/antoniopascotto.it\/?cat=37"},"img":{"alt_text":"","src":"https:\/\/i0.wp.com\/antoniopascotto.it\/wp-content\/uploads\/2018\/03\/MIMOSE.jpg?fit=600%2C336&ssl=1&resize=350%2C200","width":350,"height":200},"classes":[]},{"id":331,"url":"https:\/\/antoniopascotto.it\/?p=331","url_meta":{"origin":783,"position":4},"title":"FELICITA&#8217; E COINCIDENZE","author":"Antonio Pascotto","date":"Luglio 6, 2017","format":"gallery","excerpt":"Sono coincidenze, solo coincidenze. Eppure succede che nel giro di poche ore ho visto il docufilm di Walter Veltroni \u201cIndizi di felicit\u00e0\u201d. Poi ho letto sul Venerd\u00ec di Repubblica un\u2019intervista a Claudio Lolli, un cantautore che ho amato. I pi\u00f9 giovani non lo conoscono, ma quelli della mia generazione ricorderanno\u2026","rel":"","context":"In &quot;Attualit\u00e0&quot;","block_context":{"text":"Attualit\u00e0","link":"https:\/\/antoniopascotto.it\/?cat=37"},"img":{"alt_text":"","src":"https:\/\/i0.wp.com\/antoniopascotto.it\/wp-content\/uploads\/2017\/07\/LOLLI.jpg?fit=800%2C800&ssl=1&resize=350%2C200","width":350,"height":200},"classes":[]},{"id":604,"url":"https:\/\/antoniopascotto.it\/?p=604","url_meta":{"origin":783,"position":5},"title":"QUELLE STORIE MALEDETTE","author":"Antonio Pascotto","date":"Marzo 12, 2018","format":"image","excerpt":"Non c\u2019era bisogno di conferme. Franca Leosini ancora una volta ha saputo indagare nell\u2019animo dei protagonisti di una vicenda di cronaca della quale si era gi\u00e0 parlato tanto. Ha studiato le carte, gli atti processuali, faldoni di oltre diecimila pagine. E non si \u00e8 risparmiata davanti al volto della giovane\u2026","rel":"","context":"In &quot;Giornalismo&quot;","block_context":{"text":"Giornalismo","link":"https:\/\/antoniopascotto.it\/?cat=22"},"img":{"alt_text":"","src":"https:\/\/i0.wp.com\/antoniopascotto.it\/wp-content\/uploads\/2018\/03\/2018-03-12_180941.jpg?fit=742%2C431&ssl=1&resize=350%2C200","width":350,"height":200},"classes":[]}],"_links":{"self":[{"href":"https:\/\/antoniopascotto.it\/index.php?rest_route=\/wp\/v2\/posts\/783"}],"collection":[{"href":"https:\/\/antoniopascotto.it\/index.php?rest_route=\/wp\/v2\/posts"}],"about":[{"href":"https:\/\/antoniopascotto.it\/index.php?rest_route=\/wp\/v2\/types\/post"}],"author":[{"embeddable":true,"href":"https:\/\/antoniopascotto.it\/index.php?rest_route=\/wp\/v2\/users\/2"}],"replies":[{"embeddable":true,"href":"https:\/\/antoniopascotto.it\/index.php?rest_route=%2Fwp%2Fv2%2Fcomments&post=783"}],"version-history":[{"count":2,"href":"https:\/\/antoniopascotto.it\/index.php?rest_route=\/wp\/v2\/posts\/783\/revisions"}],"predecessor-version":[{"id":787,"href":"https:\/\/antoniopascotto.it\/index.php?rest_route=\/wp\/v2\/posts\/783\/revisions\/787"}],"wp:featuredmedia":[{"embeddable":true,"href":"https:\/\/antoniopascotto.it\/index.php?rest_route=\/wp\/v2\/media\/784"}],"wp:attachment":[{"href":"https:\/\/antoniopascotto.it\/index.php?rest_route=%2Fwp%2Fv2%2Fmedia&parent=783"}],"wp:term":[{"taxonomy":"category","embeddable":true,"href":"https:\/\/antoniopascotto.it\/index.php?rest_route=%2Fwp%2Fv2%2Fcategories&post=783"},{"taxonomy":"post_tag","embeddable":true,"href":"https:\/\/antoniopascotto.it\/index.php?rest_route=%2Fwp%2Fv2%2Ftags&post=783"}],"curies":[{"name":"wp","href":"https:\/\/api.w.org\/{rel}","templated":true}]}}