{"id":730,"date":"2018-06-29T07:39:26","date_gmt":"2018-06-29T07:39:26","guid":{"rendered":"http:\/\/antoniopascotto.it\/?p=730"},"modified":"2019-05-08T07:27:27","modified_gmt":"2019-05-08T07:27:27","slug":"le-eta-del-paradiso","status":"publish","type":"post","link":"https:\/\/antoniopascotto.it\/?p=730","title":{"rendered":"LE ETA&#8217; DEL PARADISO"},"content":{"rendered":"<p>Mi sono sempre chiesto che et\u00e0 hanno le persone in paradiso. Cio\u00e9, se uno muore a 90 anni, in paradiso avr\u00e0 90 anni? Oppure, se muore prima, in paradiso sar\u00e0 pi\u00f9 giovane? Quindi sar\u00e0 ricompensato rispetto al minor tempo trascorso\u00a0durante la vita terrena?<\/p>\n<p>Un&#8217;idea di paradiso, in qualche modo, me la sono fatta, ed \u00e8 un&#8217;idea, come tutte le\u00a0supposizioni a tal proposito, molto personale. In paradiso forse sono tutti bambini. L&#8217;et\u00e0 dei pi\u00f9 piccoli potrebbe essere tipica di un luogo speciale, incontaminato, lontano da ogni incomprensione, attriti, convenienze, disaccordi, giochi di parte, malintesi, equivoci. Insomma, in un luogo puro ci vedrei bene i bambini con il loro sorriso, la spontaneit\u00e0, la gioia di apprendere e di stare con gli altri. I bambini con la loro creativit\u00e0. Un mondo fatto su misura per pi\u00f9 piccoli sarebbe certamente un mondo migliore. Dove, come dice mio nipote Francesco, non si far\u00e0 n\u00e9 la cacca n\u00e9 la pip\u00ec.<\/p>\n<p>Oppure il tempo potrebbe trascorrere come quello della vita di Benjamin Button, il personaggio del film di David Fincher basato su un breve racconto del 1922 di Francis Scott Fitzgerald. Benjamin nasce gi\u00e0 anziano, ma con il trascorrere del tempo vede svanire i segni della vecchiaia, le rughe scompaiono dal suo viso, non ha pi\u00f9 bisogno degli occhiali e i capelli diventano biondi. Quindi, in paradiso potrebbero avere tutti i capelli biondi. Per la felicit\u00e0 di mio cognato Antonio, che di capelli ne ha pochi e bruni o bianchi.<\/p>\n<p>Mi hanno sempre detto che in paradiso non esiste l&#8217;et\u00e0. Saranno tutti bei ragazzi di 25 anni. Faccio un giro su Google, che risponde sempre a tutte le nostre domande. I veggenti di Medjugorie che sono stati portati in paradiso hanno detto che l\u00ec sono tutti adulti ma giovani, n\u00e9 grassi n\u00e9 magri, e non si vede alcuna differenza.<\/p>\n<p>Sant&#8217;Agostino diceva che in paradiso tutti avranno il corpo che Dio ha pensato da sempre per ogni singola persona, senza difetti, senza malattie o deformit\u00e0. Sull&#8217;et\u00e0 nessuna ipotesi. Non ci sar\u00e0 sessualit\u00e0, perch\u00e9 non ci sar\u00e0 pi\u00f9 nessuna riproduzione. Non \u00e8 un problema di anima, insomma, ma di estetica. I martiri conserveranno le ferite del martirio, ma non faranno male. Sar\u00e0 tre volte Natale, come canta Lucio Dalla, e festa tutto il giorno.<\/p>\n<p>In paradiso tutti saranno come gli angeli, e gli angeli, questo si sa, non hanno et\u00e0. O tutti saranno solo energia, perch\u00e9 in paradiso ci sar\u00e0 solo lo spirito delle persone. Poi mi sono fatto un altro tipo di idea. Nel giardino dell&#8217;Eden ciascuno trascorrer\u00e0 il tempo proprio come nella vita terrena. In pratica, se una persona ha vissuto 80 anni, vivr\u00e0 lo stesso periodo di tempo anche in paradiso. Poi, alla fine, ricomincer\u00e0 daccapo. Cio\u00e8, da principio. E, per il vangelo secondo Giovanni, in principio era il Verbo. E il Verbo era Dio. Tutto torna.<\/p>\n<p>IMMAGINE DEL POST: Il paradiso all&#8217;improvviso di Severino Elia<\/p>\n","protected":false},"excerpt":{"rendered":"<p>Mi sono sempre chiesto che et\u00e0 hanno le persone in paradiso. Cio\u00e9, se uno muore a 90 anni, in paradiso avr\u00e0 90 anni? Oppure, se muore prima, in paradiso sar\u00e0 pi\u00f9 giovane? Quindi sar\u00e0 ricompensato rispetto al minor tempo trascorso\u00a0durante la vita terrena? Un&#8217;idea di paradiso, in qualche modo, me la sono fatta, ed \u00e8 [&hellip;]<\/p>\n","protected":false},"author":2,"featured_media":731,"comment_status":"open","ping_status":"open","sticky":false,"template":"","format":"image","meta":{"advanced_seo_description":"","jetpack_seo_html_title":"","jetpack_seo_noindex":false,"jetpack_post_was_ever_published":false,"_jetpack_newsletter_access":"","jetpack_publicize_message":"","jetpack_is_tweetstorm":false,"jetpack_publicize_feature_enabled":true,"jetpack_social_post_already_shared":true,"jetpack_social_options":{"image_generator_settings":{"template":"highway","enabled":false}}},"categories":[231],"tags":[],"jetpack_publicize_connections":[],"jetpack_featured_media_url":"https:\/\/i0.wp.com\/antoniopascotto.it\/wp-content\/uploads\/2018\/06\/il-paradiso-allimprovviso-200x240cm-101689.jpg?fit=600%2C315&ssl=1","jetpack_sharing_enabled":true,"jetpack_shortlink":"https:\/\/wp.me\/p8swp8-bM","jetpack-related-posts":[{"id":609,"url":"https:\/\/antoniopascotto.it\/?p=609","url_meta":{"origin":730,"position":0},"title":"LA BOTTEGA DEI BALOCCHI","author":"Antonio Pascotto","date":"Marzo 15, 2018","format":"image","excerpt":"Negli Stati Uniti chiudono tutti i negozi di giocattoli Toys. Se ne parlava da tempo. In questi casi il gioco di parole \u00e8 drammatico. Perch\u00e9 in gioco c\u2019\u00e8 il futuro di 33mila dipendenti e delle loro famiglie. Il motivo della chiusura \u00e8 la difficolt\u00e0 di competere con i big delle\u2026","rel":"","context":"In &quot;Giocattoli&quot;","block_context":{"text":"Giocattoli","link":"https:\/\/antoniopascotto.it\/?cat=192"},"img":{"alt_text":"","src":"https:\/\/i0.wp.com\/antoniopascotto.it\/wp-content\/uploads\/2018\/03\/giocattoli.jpg?fit=600%2C400&ssl=1&resize=350%2C200","width":350,"height":200},"classes":[]},{"id":1600,"url":"https:\/\/antoniopascotto.it\/?p=1600","url_meta":{"origin":730,"position":1},"title":"IL BENE E IL MALE","author":"Antonio Pascotto","date":"Giugno 3, 2022","format":"image","excerpt":"Non \u00e8 la solita storia tra il bene e il male. A Bucha abbiamo visto tutto quello che gli uomini sono capaci di fare. Lungo le strade della citt\u00e0, alla periferia di Kiev, i corpi a terra senza vita di tanti civili che con la guerra non avevano nulla a\u2026","rel":"","context":"In &quot;Attualit\u00e0&quot;","block_context":{"text":"Attualit\u00e0","link":"https:\/\/antoniopascotto.it\/?cat=37"},"img":{"alt_text":"","src":"https:\/\/i0.wp.com\/antoniopascotto.it\/wp-content\/uploads\/2022\/06\/2022-06-03_151553.png?fit=802%2C432&ssl=1&resize=350%2C200","width":350,"height":200},"classes":[]},{"id":696,"url":"https:\/\/antoniopascotto.it\/?p=696","url_meta":{"origin":730,"position":2},"title":"A SPASSO NEL TEMPO","author":"Antonio Pascotto","date":"Giugno 6, 2018","format":"image","excerpt":"Mi piace guardare le foto d\u2019epoca. Rimango assorto su quelle immagini in bianco e nero o color ruggine, spesso un po\u2019 sbiadite, ma al contempo ricche di storia e di significati. Le vivo come se fosse il presente. Entro fisicamente negli scatti ed \u00e8 come trovarmi sul posto. Mi immergo\u2026","rel":"","context":"In &quot;Foto&quot;","block_context":{"text":"Foto","link":"https:\/\/antoniopascotto.it\/?cat=228"},"img":{"alt_text":"","src":"https:\/\/i0.wp.com\/antoniopascotto.it\/wp-content\/uploads\/2018\/06\/2018-06-06_001856.jpg?fit=660%2C528&ssl=1&resize=350%2C200","width":350,"height":200},"classes":[]},{"id":659,"url":"https:\/\/antoniopascotto.it\/?p=659","url_meta":{"origin":730,"position":3},"title":"COSA RESTA DI QUEGLI ANNI NOVANTA","author":"Antonio Pascotto","date":"Maggio 8, 2018","format":"image","excerpt":"Devono passare circa trent\u2019anni prima di celebrare un decennio. E\u2019 gi\u00e0 successo con gli Anni Sessanta, poi con gli Anni Settanta e gli Anni Ottanta. Ora, con un certo anticipo, \u00e8 la volta degli Anni Novanta. Articoli di giornale e libri si moltiplicano. E di cose da dire e da\u2026","rel":"","context":"In &quot;Avvenimenti&quot;","block_context":{"text":"Avvenimenti","link":"https:\/\/antoniopascotto.it\/?cat=211"},"img":{"alt_text":"","src":"https:\/\/i0.wp.com\/antoniopascotto.it\/wp-content\/uploads\/2018\/05\/2018-05-08_090447.jpg?fit=877%2C394&ssl=1&resize=350%2C200","width":350,"height":200},"classes":[]},{"id":874,"url":"https:\/\/antoniopascotto.it\/?p=874","url_meta":{"origin":730,"position":4},"title":"STANLIO &#038; OLLIO, GLI ALLEGRI VAGABONDI","author":"Antonio Pascotto","date":"Aprile 30, 2019","format":"image","excerpt":"Finalmente un film su Stan Laurel e Oliver Hardy. Stanlio e Ollio. Ci hanno accompagnato per anni, e ancora oggi, su qualche televisione, ammiriamo le loro gag. Forse \u00e8 stata la coppia pi\u00f9 straordinaria di tutti i tempi. Erano fatti l\u2019uno per l\u2019altro. Una miscellanea perfetta. Difficile immaginare Stan senza\u2026","rel":"","context":"In &quot;Cinema&quot;","block_context":{"text":"Cinema","link":"https:\/\/antoniopascotto.it\/?cat=105"},"img":{"alt_text":"","src":"https:\/\/i0.wp.com\/antoniopascotto.it\/wp-content\/uploads\/2019\/04\/2019-04-30_085906.jpg?fit=612%2C331&ssl=1&resize=350%2C200","width":350,"height":200},"classes":[]},{"id":1481,"url":"https:\/\/antoniopascotto.it\/?p=1481","url_meta":{"origin":730,"position":5},"title":"EVENTI","author":"Antonio Pascotto","date":"Ottobre 10, 2021","format":false,"excerpt":"Penso a una serie di eventi che oramai fanno parte della storia, e sono accaduti durante il secolo scorso. E li abbiamo vissuti. E li ricordiamo quando oramai sono trascorsi oltre vent'anni dall'inizio del nuovo secolo. Sembra strano. E in effetti non capita a tutti vivere abbastanza intensamente una serie\u2026","rel":"","context":"In &quot;Avvenimenti&quot;","block_context":{"text":"Avvenimenti","link":"https:\/\/antoniopascotto.it\/?cat=211"},"img":{"alt_text":"","src":"https:\/\/i0.wp.com\/antoniopascotto.it\/wp-content\/uploads\/2021\/10\/de-chirico.png?fit=686%2C401&ssl=1&resize=350%2C200","width":350,"height":200},"classes":[]}],"_links":{"self":[{"href":"https:\/\/antoniopascotto.it\/index.php?rest_route=\/wp\/v2\/posts\/730"}],"collection":[{"href":"https:\/\/antoniopascotto.it\/index.php?rest_route=\/wp\/v2\/posts"}],"about":[{"href":"https:\/\/antoniopascotto.it\/index.php?rest_route=\/wp\/v2\/types\/post"}],"author":[{"embeddable":true,"href":"https:\/\/antoniopascotto.it\/index.php?rest_route=\/wp\/v2\/users\/2"}],"replies":[{"embeddable":true,"href":"https:\/\/antoniopascotto.it\/index.php?rest_route=%2Fwp%2Fv2%2Fcomments&post=730"}],"version-history":[{"count":6,"href":"https:\/\/antoniopascotto.it\/index.php?rest_route=\/wp\/v2\/posts\/730\/revisions"}],"predecessor-version":[{"id":741,"href":"https:\/\/antoniopascotto.it\/index.php?rest_route=\/wp\/v2\/posts\/730\/revisions\/741"}],"wp:featuredmedia":[{"embeddable":true,"href":"https:\/\/antoniopascotto.it\/index.php?rest_route=\/wp\/v2\/media\/731"}],"wp:attachment":[{"href":"https:\/\/antoniopascotto.it\/index.php?rest_route=%2Fwp%2Fv2%2Fmedia&parent=730"}],"wp:term":[{"taxonomy":"category","embeddable":true,"href":"https:\/\/antoniopascotto.it\/index.php?rest_route=%2Fwp%2Fv2%2Fcategories&post=730"},{"taxonomy":"post_tag","embeddable":true,"href":"https:\/\/antoniopascotto.it\/index.php?rest_route=%2Fwp%2Fv2%2Ftags&post=730"}],"curies":[{"name":"wp","href":"https:\/\/api.w.org\/{rel}","templated":true}]}}