{"id":688,"date":"2018-06-04T04:17:37","date_gmt":"2018-06-04T04:17:37","guid":{"rendered":"http:\/\/antoniopascotto.it\/?p=688"},"modified":"2018-12-03T15:46:44","modified_gmt":"2018-12-03T15:46:44","slug":"lelogio-della-follia","status":"publish","type":"post","link":"https:\/\/antoniopascotto.it\/?p=688","title":{"rendered":"L\u2019ELOGIO DELLA FOLLIA"},"content":{"rendered":"<p><img data-attachment-id=\"689\" data-permalink=\"https:\/\/antoniopascotto.it\/?attachment_id=689\" data-orig-file=\"https:\/\/i0.wp.com\/antoniopascotto.it\/wp-content\/uploads\/2018\/06\/Foto-1-4.jpg?fit=640%2C400&amp;ssl=1\" data-orig-size=\"640,400\" data-comments-opened=\"1\" data-image-meta=\"{&quot;aperture&quot;:&quot;0&quot;,&quot;credit&quot;:&quot;&quot;,&quot;camera&quot;:&quot;&quot;,&quot;caption&quot;:&quot;&quot;,&quot;created_timestamp&quot;:&quot;0&quot;,&quot;copyright&quot;:&quot;&quot;,&quot;focal_length&quot;:&quot;0&quot;,&quot;iso&quot;:&quot;0&quot;,&quot;shutter_speed&quot;:&quot;0&quot;,&quot;title&quot;:&quot;&quot;,&quot;orientation&quot;:&quot;0&quot;}\" data-image-title=\"Foto-1-4\" data-image-description=\"\" data-image-caption=\"\" data-medium-file=\"https:\/\/i0.wp.com\/antoniopascotto.it\/wp-content\/uploads\/2018\/06\/Foto-1-4.jpg?fit=300%2C188&amp;ssl=1\" data-large-file=\"https:\/\/i0.wp.com\/antoniopascotto.it\/wp-content\/uploads\/2018\/06\/Foto-1-4.jpg?fit=640%2C400&amp;ssl=1\" decoding=\"async\" loading=\"lazy\" class=\"alignleft size-medium wp-image-689\" src=\"https:\/\/i0.wp.com\/antoniopascotto.it\/wp-content\/uploads\/2018\/06\/Foto-1-4.jpg?resize=300%2C188\" alt=\"\" width=\"300\" height=\"188\" srcset=\"https:\/\/i0.wp.com\/antoniopascotto.it\/wp-content\/uploads\/2018\/06\/Foto-1-4.jpg?resize=300%2C188&amp;ssl=1 300w, https:\/\/i0.wp.com\/antoniopascotto.it\/wp-content\/uploads\/2018\/06\/Foto-1-4.jpg?w=640&amp;ssl=1 640w\" sizes=\"(max-width: 300px) 100vw, 300px\" data-recalc-dims=\"1\" \/>Il premier mancato Carlo Cottarelli, ospite di Fabio Fazio a \u2018Che tempo che fa\u2019, parla del suo inseparabile trolley. Sul suo contenuto scherza: \u201cporto pc e fogli\u201d. Poi aggiunge: \u201cquando sono salito al Quirinale avevo anche il libro di Erasmo da Rotterdam\u201d.<\/p>\n<p>&nbsp;<\/p>\n<p>&nbsp;<\/p>\n<p>&nbsp;<\/p>\n<p><img data-attachment-id=\"691\" data-permalink=\"https:\/\/antoniopascotto.it\/?attachment_id=691\" data-orig-file=\"https:\/\/i0.wp.com\/antoniopascotto.it\/wp-content\/uploads\/2018\/06\/Hans_Holbein_d._J._-_Erasmus_-_Louvre.jpg?fit=2024%2C2679&amp;ssl=1\" data-orig-size=\"2024,2679\" data-comments-opened=\"1\" data-image-meta=\"{&quot;aperture&quot;:&quot;0&quot;,&quot;credit&quot;:&quot;&quot;,&quot;camera&quot;:&quot;&quot;,&quot;caption&quot;:&quot;&quot;,&quot;created_timestamp&quot;:&quot;0&quot;,&quot;copyright&quot;:&quot;&quot;,&quot;focal_length&quot;:&quot;0&quot;,&quot;iso&quot;:&quot;0&quot;,&quot;shutter_speed&quot;:&quot;0&quot;,&quot;title&quot;:&quot;&quot;,&quot;orientation&quot;:&quot;0&quot;}\" data-image-title=\"Hans_Holbein_d._J._-_Erasmus_-_Louvre\" data-image-description=\"\" data-image-caption=\"\" data-medium-file=\"https:\/\/i0.wp.com\/antoniopascotto.it\/wp-content\/uploads\/2018\/06\/Hans_Holbein_d._J._-_Erasmus_-_Louvre.jpg?fit=227%2C300&amp;ssl=1\" data-large-file=\"https:\/\/i0.wp.com\/antoniopascotto.it\/wp-content\/uploads\/2018\/06\/Hans_Holbein_d._J._-_Erasmus_-_Louvre.jpg?fit=774%2C1024&amp;ssl=1\" decoding=\"async\" loading=\"lazy\" class=\"alignleft size-medium wp-image-691\" src=\"https:\/\/i0.wp.com\/antoniopascotto.it\/wp-content\/uploads\/2018\/06\/Hans_Holbein_d._J._-_Erasmus_-_Louvre.jpg?resize=227%2C300\" alt=\"\" width=\"227\" height=\"300\" srcset=\"https:\/\/i0.wp.com\/antoniopascotto.it\/wp-content\/uploads\/2018\/06\/Hans_Holbein_d._J._-_Erasmus_-_Louvre.jpg?resize=227%2C300&amp;ssl=1 227w, https:\/\/i0.wp.com\/antoniopascotto.it\/wp-content\/uploads\/2018\/06\/Hans_Holbein_d._J._-_Erasmus_-_Louvre.jpg?resize=768%2C1017&amp;ssl=1 768w, https:\/\/i0.wp.com\/antoniopascotto.it\/wp-content\/uploads\/2018\/06\/Hans_Holbein_d._J._-_Erasmus_-_Louvre.jpg?resize=774%2C1024&amp;ssl=1 774w, https:\/\/i0.wp.com\/antoniopascotto.it\/wp-content\/uploads\/2018\/06\/Hans_Holbein_d._J._-_Erasmus_-_Louvre.jpg?w=2024&amp;ssl=1 2024w\" sizes=\"(max-width: 227px) 100vw, 227px\" data-recalc-dims=\"1\" \/>Si tratta di \u2018Elogio della follia\u2019, l\u2019opera, o meglio operetta pi\u00f9 conosciuta di Erasmo. La stessa citata molte volte da Silvio Berlusconi, che ne fece stampare anche un\u2019edizione speciale da regalare ai suoi amici. Si legge della dea Follia, senza la quale nulla nella vita pu\u00f2 essere piacevole.<\/p>\n<p>&nbsp;<\/p>\n<p>&nbsp;<\/p>\n<p>&nbsp;<\/p>\n<p>&nbsp;<\/p>\n<p><img data-attachment-id=\"690\" data-permalink=\"https:\/\/antoniopascotto.it\/?attachment_id=690\" data-orig-file=\"https:\/\/i0.wp.com\/antoniopascotto.it\/wp-content\/uploads\/2018\/06\/2018-06-04_061242.jpg?fit=738%2C390&amp;ssl=1\" data-orig-size=\"738,390\" data-comments-opened=\"1\" data-image-meta=\"{&quot;aperture&quot;:&quot;0&quot;,&quot;credit&quot;:&quot;&quot;,&quot;camera&quot;:&quot;&quot;,&quot;caption&quot;:&quot;&quot;,&quot;created_timestamp&quot;:&quot;0&quot;,&quot;copyright&quot;:&quot;&quot;,&quot;focal_length&quot;:&quot;0&quot;,&quot;iso&quot;:&quot;0&quot;,&quot;shutter_speed&quot;:&quot;0&quot;,&quot;title&quot;:&quot;&quot;,&quot;orientation&quot;:&quot;0&quot;}\" data-image-title=\"2018-06-04_061242\" data-image-description=\"\" data-image-caption=\"\" data-medium-file=\"https:\/\/i0.wp.com\/antoniopascotto.it\/wp-content\/uploads\/2018\/06\/2018-06-04_061242.jpg?fit=300%2C159&amp;ssl=1\" data-large-file=\"https:\/\/i0.wp.com\/antoniopascotto.it\/wp-content\/uploads\/2018\/06\/2018-06-04_061242.jpg?fit=738%2C390&amp;ssl=1\" decoding=\"async\" loading=\"lazy\" class=\"alignleft size-medium wp-image-690\" src=\"https:\/\/i0.wp.com\/antoniopascotto.it\/wp-content\/uploads\/2018\/06\/2018-06-04_061242.jpg?resize=300%2C159\" alt=\"\" width=\"300\" height=\"159\" srcset=\"https:\/\/i0.wp.com\/antoniopascotto.it\/wp-content\/uploads\/2018\/06\/2018-06-04_061242.jpg?resize=300%2C159&amp;ssl=1 300w, https:\/\/i0.wp.com\/antoniopascotto.it\/wp-content\/uploads\/2018\/06\/2018-06-04_061242.jpg?w=738&amp;ssl=1 738w\" sizes=\"(max-width: 300px) 100vw, 300px\" data-recalc-dims=\"1\" \/>Anche il cantautore napoletano Edoardo Bennato prese spunto da Erasmo da Rotterdam per il suo disco pi\u00f9 famoso, \u2018Sono solo canzonette\u2019. Il testo, in effetti, \u00e8 di grande modernit\u00e0. Si criticava in maniera dissacrante la societ\u00e0 corrotta di un\u2019epoca molto lontana, mettendo da parte i falsi miti e le false teologie a favore dei folli e della loro folle visione. Corsi e ricorsi. Come sempre.<\/p>\n","protected":false},"excerpt":{"rendered":"<p>Il premier mancato Carlo Cottarelli, ospite di Fabio Fazio a \u2018Che tempo che fa\u2019, parla del suo inseparabile trolley. Sul suo contenuto scherza: \u201cporto pc e fogli\u201d. Poi aggiunge: \u201cquando sono salito al Quirinale avevo anche il libro di Erasmo da Rotterdam\u201d. &nbsp; &nbsp; &nbsp; Si tratta di \u2018Elogio della follia\u2019, l\u2019opera, o meglio operetta [&hellip;]<\/p>\n","protected":false},"author":2,"featured_media":692,"comment_status":"open","ping_status":"open","sticky":false,"template":"","format":"image","meta":{"advanced_seo_description":"","jetpack_seo_html_title":"","jetpack_seo_noindex":false,"jetpack_post_was_ever_published":false,"_jetpack_newsletter_access":"","jetpack_publicize_message":"","jetpack_is_tweetstorm":false,"jetpack_publicize_feature_enabled":true,"jetpack_social_post_already_shared":true,"jetpack_social_options":{"image_generator_settings":{"template":"highway","enabled":false}}},"categories":[72,6],"tags":[224,226,225,222,227,223],"jetpack_publicize_connections":[],"jetpack_featured_media_url":"https:\/\/i0.wp.com\/antoniopascotto.it\/wp-content\/uploads\/2018\/06\/2018-06-04_061601.jpg?fit=823%2C369&ssl=1","jetpack_sharing_enabled":true,"jetpack_shortlink":"https:\/\/wp.me\/p8swp8-b6","jetpack-related-posts":[{"id":1108,"url":"https:\/\/antoniopascotto.it\/?p=1108","url_meta":{"origin":688,"position":0},"title":"LA CHIOCCIOLA E L\u2019ELOGIO DELLA LENTEZZA","author":"Antonio Pascotto","date":"Agosto 23, 2019","format":"image","excerpt":"Mi piace. Si, mi piace il paragone tra il nostro vivere quotidiano, con i suoi ritmi frenetici, e la chiocciola, una bestiola lenta che, suo malgrado, \u00e8 diventata simbolo dell\u2019email, della posta elettronica, ovvero di una comunicazione rapida, veloce, capace di mettere in collegamento due o pi\u00f9 persone da una\u2026","rel":"","context":"In &quot;Internet&quot;","block_context":{"text":"Internet","link":"https:\/\/antoniopascotto.it\/?cat=262"},"img":{"alt_text":"","src":"https:\/\/i0.wp.com\/antoniopascotto.it\/wp-content\/uploads\/2019\/08\/2019-08-23_091724.jpg?fit=713%2C386&ssl=1&resize=350%2C200","width":350,"height":200},"classes":[]},{"id":1611,"url":"https:\/\/antoniopascotto.it\/?p=1611","url_meta":{"origin":688,"position":1},"title":"LE CRISI","author":"Antonio Pascotto","date":"Ottobre 19, 2022","format":false,"excerpt":"Guerra e inquinamento, clima, allarme energetico, pandemia. Forse non avevamo mai registrato tante crisi tutte insieme. Nulla \u00e8 rassicurante in questo periodo storico della nostra vita. Scienziati e ingegneri si danno da fare e preparano il terreno per un mondo migliore, ma gli eventi ci mettono a dura prova. Da\u2026","rel":"","context":"In &quot;Attualit\u00e0&quot;","block_context":{"text":"Attualit\u00e0","link":"https:\/\/antoniopascotto.it\/?cat=37"},"img":{"alt_text":"","src":"https:\/\/i0.wp.com\/antoniopascotto.it\/wp-content\/uploads\/2022\/10\/2022-10-19_090317.png?fit=926%2C424&ssl=1&resize=350%2C200","width":350,"height":200},"classes":[]},{"id":678,"url":"https:\/\/antoniopascotto.it\/?p=678","url_meta":{"origin":688,"position":2},"title":"CREATIVITA\u2019 E TEMPO LIBERO. L\u2019ELOGIO DELL\u2019OZIO","author":"Antonio Pascotto","date":"Maggio 20, 2018","format":"image","excerpt":"E\u2019 sempre e solo una questione di tempo. La sua concezione cambia a seconda dei periodi, delle persone e delle circostanze. Nel 1969 per andare da Roma a Milano in treno occorrevano circa sei ore.\u00a0 Il treno veniva definito rapido. Oggi, con il Freccia Rossa, ci si impiega meno della\u2026","rel":"","context":"In &quot;Lavoro&quot;","block_context":{"text":"Lavoro","link":"https:\/\/antoniopascotto.it\/?cat=121"},"img":{"alt_text":"","src":"https:\/\/i0.wp.com\/antoniopascotto.it\/wp-content\/uploads\/2018\/05\/ozio-3.jpg?fit=650%2C406&ssl=1&resize=350%2C200","width":350,"height":200},"classes":[]},{"id":327,"url":"https:\/\/antoniopascotto.it\/?p=327","url_meta":{"origin":688,"position":3},"title":"VASCO, BONOLIS, RAI E POLEMICHE","author":"Antonio Pascotto","date":"Luglio 5, 2017","format":"gallery","excerpt":"Torno sul concerto di Vasco Rossi a Modena Park e sulle polemiche per la conduzione di Paolo Bonolis. Giudicata, evidentemente, visto il tenore dei tweet e dei post sui social, un po\u2019 troppo invadente. Ho rivisto su RaiPlay la trasmissione e sinceramente non ho notato questa \u2018invadenza\u2019. Anzi, Bonolis come\u2026","rel":"","context":"In &quot;Musica&quot;","block_context":{"text":"Musica","link":"https:\/\/antoniopascotto.it\/?cat=46"},"img":{"alt_text":"","src":"https:\/\/i0.wp.com\/antoniopascotto.it\/wp-content\/uploads\/2017\/07\/VASCO-MODENA-PARK.jpg?fit=650%2C379&ssl=1&resize=350%2C200","width":350,"height":200},"classes":[]},{"id":646,"url":"https:\/\/antoniopascotto.it\/?p=646","url_meta":{"origin":688,"position":4},"title":"CARO AMICO TI SCRIVO","author":"Antonio Pascotto","date":"Aprile 25, 2018","format":"image","excerpt":"Emozionato, davanti alla televisione,\u00a0guardando uno speciale davvero unico, dedicato a Lucio Dalla. Ho ripercorso, grazie a Giorgio Verdelli e agli autori del programma, momenti incredibili con musiche e canzoni che sono diventate anche colonna sonora di una parte della nostra vita. A cominciare da quella 4 marzo 1943, presentata da\u2026","rel":"","context":"In &quot;Musica&quot;","block_context":{"text":"Musica","link":"https:\/\/antoniopascotto.it\/?cat=46"},"img":{"alt_text":"","src":"https:\/\/i0.wp.com\/antoniopascotto.it\/wp-content\/uploads\/2018\/04\/dalla-1.jpg?fit=805%2C350&ssl=1&resize=350%2C200","width":350,"height":200},"classes":[]},{"id":1706,"url":"https:\/\/antoniopascotto.it\/?p=1706","url_meta":{"origin":688,"position":5},"title":"ROMANZO DIGITALE","author":"Antonio Pascotto","date":"Gennaio 22, 2026","format":"image","excerpt":"Grazie a Fabio Gimignani e alla sua Jolly Roger per la presentazione del mio nuovo libro che uscir\u00e0 il 15 settembre. Spero che piaccia. Io ce l'ho messa tutta. Ecco la presentazione. Chi si ricorda ancora dei calendari a blocchetto? Quelli dai quali tutte le mattine si staccava il foglio\u2026","rel":"","context":"In &quot;Attualit\u00e0&quot;","block_context":{"text":"Attualit\u00e0","link":"https:\/\/antoniopascotto.it\/?cat=37"},"img":{"alt_text":"","src":"https:\/\/i0.wp.com\/antoniopascotto.it\/wp-content\/uploads\/2023\/07\/WhatsApp-Image-2023-07-28-at-11.34.12.jpeg?fit=1022%2C665&ssl=1&resize=350%2C200","width":350,"height":200},"classes":[]}],"_links":{"self":[{"href":"https:\/\/antoniopascotto.it\/index.php?rest_route=\/wp\/v2\/posts\/688"}],"collection":[{"href":"https:\/\/antoniopascotto.it\/index.php?rest_route=\/wp\/v2\/posts"}],"about":[{"href":"https:\/\/antoniopascotto.it\/index.php?rest_route=\/wp\/v2\/types\/post"}],"author":[{"embeddable":true,"href":"https:\/\/antoniopascotto.it\/index.php?rest_route=\/wp\/v2\/users\/2"}],"replies":[{"embeddable":true,"href":"https:\/\/antoniopascotto.it\/index.php?rest_route=%2Fwp%2Fv2%2Fcomments&post=688"}],"version-history":[{"count":1,"href":"https:\/\/antoniopascotto.it\/index.php?rest_route=\/wp\/v2\/posts\/688\/revisions"}],"predecessor-version":[{"id":693,"href":"https:\/\/antoniopascotto.it\/index.php?rest_route=\/wp\/v2\/posts\/688\/revisions\/693"}],"wp:featuredmedia":[{"embeddable":true,"href":"https:\/\/antoniopascotto.it\/index.php?rest_route=\/wp\/v2\/media\/692"}],"wp:attachment":[{"href":"https:\/\/antoniopascotto.it\/index.php?rest_route=%2Fwp%2Fv2%2Fmedia&parent=688"}],"wp:term":[{"taxonomy":"category","embeddable":true,"href":"https:\/\/antoniopascotto.it\/index.php?rest_route=%2Fwp%2Fv2%2Fcategories&post=688"},{"taxonomy":"post_tag","embeddable":true,"href":"https:\/\/antoniopascotto.it\/index.php?rest_route=%2Fwp%2Fv2%2Ftags&post=688"}],"curies":[{"name":"wp","href":"https:\/\/api.w.org\/{rel}","templated":true}]}}