{"id":659,"date":"2018-05-08T07:11:55","date_gmt":"2018-05-08T07:11:55","guid":{"rendered":"http:\/\/antoniopascotto.it\/?p=659"},"modified":"2018-08-11T09:12:55","modified_gmt":"2018-08-11T09:12:55","slug":"cosa-resta-di-quegli-anni-90","status":"publish","type":"post","link":"https:\/\/antoniopascotto.it\/?p=659","title":{"rendered":"COSA RESTA DI QUEGLI ANNI NOVANTA"},"content":{"rendered":"<p><img data-attachment-id=\"661\" data-permalink=\"https:\/\/antoniopascotto.it\/?attachment_id=661\" data-orig-file=\"https:\/\/i0.wp.com\/antoniopascotto.it\/wp-content\/uploads\/2018\/05\/muro_di_berlino.jpg?fit=620%2C350&amp;ssl=1\" data-orig-size=\"620,350\" data-comments-opened=\"1\" data-image-meta=\"{&quot;aperture&quot;:&quot;0&quot;,&quot;credit&quot;:&quot;&quot;,&quot;camera&quot;:&quot;&quot;,&quot;caption&quot;:&quot;&quot;,&quot;created_timestamp&quot;:&quot;0&quot;,&quot;copyright&quot;:&quot;&quot;,&quot;focal_length&quot;:&quot;0&quot;,&quot;iso&quot;:&quot;0&quot;,&quot;shutter_speed&quot;:&quot;0&quot;,&quot;title&quot;:&quot;&quot;,&quot;orientation&quot;:&quot;0&quot;}\" data-image-title=\"muro_di_berlino\" data-image-description=\"\" data-image-caption=\"\" data-medium-file=\"https:\/\/i0.wp.com\/antoniopascotto.it\/wp-content\/uploads\/2018\/05\/muro_di_berlino.jpg?fit=300%2C169&amp;ssl=1\" data-large-file=\"https:\/\/i0.wp.com\/antoniopascotto.it\/wp-content\/uploads\/2018\/05\/muro_di_berlino.jpg?fit=620%2C350&amp;ssl=1\" decoding=\"async\" loading=\"lazy\" class=\"alignleft size-medium wp-image-661\" src=\"https:\/\/i0.wp.com\/antoniopascotto.it\/wp-content\/uploads\/2018\/05\/muro_di_berlino.jpg?resize=300%2C169\" alt=\"\" width=\"300\" height=\"169\" srcset=\"https:\/\/i0.wp.com\/antoniopascotto.it\/wp-content\/uploads\/2018\/05\/muro_di_berlino.jpg?resize=300%2C169&amp;ssl=1 300w, https:\/\/i0.wp.com\/antoniopascotto.it\/wp-content\/uploads\/2018\/05\/muro_di_berlino.jpg?w=620&amp;ssl=1 620w\" sizes=\"(max-width: 300px) 100vw, 300px\" data-recalc-dims=\"1\" \/>Devono passare circa trent\u2019anni prima di celebrare un decennio. E\u2019 gi\u00e0 successo con gli Anni Sessanta, poi con gli Anni Settanta e gli Anni Ottanta. Ora, con un certo anticipo, \u00e8 la volta degli Anni Novanta.<\/p>\n<p>Articoli di giornale e libri si moltiplicano. E di cose da dire e da ricordare ce ne sono. Da <em>Mani pulite<\/em>, che provoc\u00f2 la fine di una classe politica, al crollo del muro di Berlino. Ma sono anche gli anni degli attentati di mafia, con l\u2019uccisione dei giudici Falcone e Borsellino. Non c\u2019erano i social network, i telefonini erano meno sofisticati e senza app e nell\u2019Unione Europea entrava in vigore l\u2019Euro, non ancora nella forma di contante.<\/p>\n<p><img data-attachment-id=\"662\" data-permalink=\"https:\/\/antoniopascotto.it\/?attachment_id=662\" data-orig-file=\"https:\/\/i0.wp.com\/antoniopascotto.it\/wp-content\/uploads\/2018\/05\/fabriziodeandr\u00e9-640x420.jpg?fit=640%2C420&amp;ssl=1\" data-orig-size=\"640,420\" data-comments-opened=\"1\" data-image-meta=\"{&quot;aperture&quot;:&quot;0&quot;,&quot;credit&quot;:&quot;&quot;,&quot;camera&quot;:&quot;&quot;,&quot;caption&quot;:&quot;&quot;,&quot;created_timestamp&quot;:&quot;0&quot;,&quot;copyright&quot;:&quot;&quot;,&quot;focal_length&quot;:&quot;0&quot;,&quot;iso&quot;:&quot;0&quot;,&quot;shutter_speed&quot;:&quot;0&quot;,&quot;title&quot;:&quot;&quot;,&quot;orientation&quot;:&quot;0&quot;}\" data-image-title=\"fabriziodeandr\u00e9-640&#215;420\" data-image-description=\"\" data-image-caption=\"\" data-medium-file=\"https:\/\/i0.wp.com\/antoniopascotto.it\/wp-content\/uploads\/2018\/05\/fabriziodeandr\u00e9-640x420.jpg?fit=300%2C197&amp;ssl=1\" data-large-file=\"https:\/\/i0.wp.com\/antoniopascotto.it\/wp-content\/uploads\/2018\/05\/fabriziodeandr\u00e9-640x420.jpg?fit=640%2C420&amp;ssl=1\" decoding=\"async\" loading=\"lazy\" class=\"alignleft size-medium wp-image-662\" src=\"https:\/\/i0.wp.com\/antoniopascotto.it\/wp-content\/uploads\/2018\/05\/fabriziodeandr\u00e9-640x420.jpg?resize=300%2C197\" alt=\"\" width=\"300\" height=\"197\" srcset=\"https:\/\/i0.wp.com\/antoniopascotto.it\/wp-content\/uploads\/2018\/05\/fabriziodeandr\u00e9-640x420.jpg?resize=300%2C197&amp;ssl=1 300w, https:\/\/i0.wp.com\/antoniopascotto.it\/wp-content\/uploads\/2018\/05\/fabriziodeandr\u00e9-640x420.jpg?resize=640%2C420&amp;ssl=1 640w\" sizes=\"(max-width: 300px) 100vw, 300px\" data-recalc-dims=\"1\" \/>Sono gli anni dell\u2019addio a Freddie Mercury, leader dei Queen, e a tanti artisti italiani come Fabrizio De Andr\u00e9, Mia Martini, Augusto Daolio, leader dei Nomadi, Ivan Graziani, il grande Domenico Modugno, Aldo Stellita, bassista dei Matia Bazar e un\u2019altra icona della nostra musica, Lucio Battisti. Fanno il loro ingresso in scena, invece, musicisti e cantanti come J-Ax, all\u2019epoca in coppia con DJ Jad, insieme erano gli Articolo 31, e Giorgia, che vince anche un Sanremo con una canzone scritta da Eros Ramazzotti, <em>Come saprei<\/em>.<\/p>\n<p>&nbsp;<\/p>\n<p>&nbsp;<\/p>\n<p><img data-attachment-id=\"664\" data-permalink=\"https:\/\/antoniopascotto.it\/?attachment_id=664\" data-orig-file=\"https:\/\/i0.wp.com\/antoniopascotto.it\/wp-content\/uploads\/2018\/05\/2018-05-08_090723.jpg?fit=595%2C367&amp;ssl=1\" data-orig-size=\"595,367\" data-comments-opened=\"1\" data-image-meta=\"{&quot;aperture&quot;:&quot;0&quot;,&quot;credit&quot;:&quot;&quot;,&quot;camera&quot;:&quot;&quot;,&quot;caption&quot;:&quot;&quot;,&quot;created_timestamp&quot;:&quot;0&quot;,&quot;copyright&quot;:&quot;&quot;,&quot;focal_length&quot;:&quot;0&quot;,&quot;iso&quot;:&quot;0&quot;,&quot;shutter_speed&quot;:&quot;0&quot;,&quot;title&quot;:&quot;&quot;,&quot;orientation&quot;:&quot;0&quot;}\" data-image-title=\"2018-05-08_090723\" data-image-description=\"\" data-image-caption=\"\" data-medium-file=\"https:\/\/i0.wp.com\/antoniopascotto.it\/wp-content\/uploads\/2018\/05\/2018-05-08_090723.jpg?fit=300%2C185&amp;ssl=1\" data-large-file=\"https:\/\/i0.wp.com\/antoniopascotto.it\/wp-content\/uploads\/2018\/05\/2018-05-08_090723.jpg?fit=595%2C367&amp;ssl=1\" decoding=\"async\" loading=\"lazy\" class=\"alignleft size-medium wp-image-664\" src=\"https:\/\/i0.wp.com\/antoniopascotto.it\/wp-content\/uploads\/2018\/05\/2018-05-08_090723.jpg?resize=300%2C185\" alt=\"\" width=\"300\" height=\"185\" srcset=\"https:\/\/i0.wp.com\/antoniopascotto.it\/wp-content\/uploads\/2018\/05\/2018-05-08_090723.jpg?resize=300%2C185&amp;ssl=1 300w, https:\/\/i0.wp.com\/antoniopascotto.it\/wp-content\/uploads\/2018\/05\/2018-05-08_090723.jpg?w=595&amp;ssl=1 595w\" sizes=\"(max-width: 300px) 100vw, 300px\" data-recalc-dims=\"1\" \/>Nascono i telegiornali Mediaset e serie tv come <em>Baywatch<\/em>. E la storia, come sempre, si ripete. Le immagini vecchie e nuove, a questo punto, si accavallano. Dal video di Berlusconi, con l\u2019annuncio della sua discesa in campo, a Salvini che gioca a <em>Il pranzo \u00e8 servito<\/em> fino a un giovanissimo Renzi che sfida la buona sorte alla <em>Ruota della fortuna<\/em> di Mike Bongiorno. Sono in prima fila anche oggi. Come J-Ax, che ha lasciato gli Articolo 31 ma \u00e8 sempre in testa alle classifiche. Pure al cinema proiettano il remake di Baywatch. A noi non rimane che giocare al Tamagotchi. Si, anche il pulcino virtuale, con i suoi pigolii e le sue necessit\u00e0, \u00e8 di nuovo tra di noi, in una nuova versione ispirata all\u2019originale del 1996. Corsi e ricorsi.<\/p>\n<p>L\u2019ultimo decennio del XX secolo viene ricordato con libri, articoli e speciali di radio e televisioni che ripercorrono alcuni momenti decisivi e indimenticabili, nel bene e nel male, di un periodo che ha caratterizzato la nostra societ\u00e0.<\/p>\n<p><img data-attachment-id=\"663\" data-permalink=\"https:\/\/antoniopascotto.it\/?attachment_id=663\" data-orig-file=\"https:\/\/i0.wp.com\/antoniopascotto.it\/wp-content\/uploads\/2018\/05\/2018-05-08_090825.jpg?fit=671%2C394&amp;ssl=1\" data-orig-size=\"671,394\" data-comments-opened=\"1\" data-image-meta=\"{&quot;aperture&quot;:&quot;0&quot;,&quot;credit&quot;:&quot;&quot;,&quot;camera&quot;:&quot;&quot;,&quot;caption&quot;:&quot;&quot;,&quot;created_timestamp&quot;:&quot;0&quot;,&quot;copyright&quot;:&quot;&quot;,&quot;focal_length&quot;:&quot;0&quot;,&quot;iso&quot;:&quot;0&quot;,&quot;shutter_speed&quot;:&quot;0&quot;,&quot;title&quot;:&quot;&quot;,&quot;orientation&quot;:&quot;0&quot;}\" data-image-title=\"2018-05-08_090825\" data-image-description=\"\" data-image-caption=\"\" data-medium-file=\"https:\/\/i0.wp.com\/antoniopascotto.it\/wp-content\/uploads\/2018\/05\/2018-05-08_090825.jpg?fit=300%2C176&amp;ssl=1\" data-large-file=\"https:\/\/i0.wp.com\/antoniopascotto.it\/wp-content\/uploads\/2018\/05\/2018-05-08_090825.jpg?fit=671%2C394&amp;ssl=1\" decoding=\"async\" loading=\"lazy\" class=\"alignleft size-medium wp-image-663\" src=\"https:\/\/i0.wp.com\/antoniopascotto.it\/wp-content\/uploads\/2018\/05\/2018-05-08_090825.jpg?resize=300%2C176\" alt=\"\" width=\"300\" height=\"176\" srcset=\"https:\/\/i0.wp.com\/antoniopascotto.it\/wp-content\/uploads\/2018\/05\/2018-05-08_090825.jpg?resize=300%2C176&amp;ssl=1 300w, https:\/\/i0.wp.com\/antoniopascotto.it\/wp-content\/uploads\/2018\/05\/2018-05-08_090825.jpg?w=671&amp;ssl=1 671w\" sizes=\"(max-width: 300px) 100vw, 300px\" data-recalc-dims=\"1\" \/>Uno dei fattori dominanti \u00e8 stato certamente lo sviluppo di Internet. La posta elettronica \u00e8 stata una vera e propria rivoluzione. Ancora oggi l\u2019uso pi\u00f9 diffuso del Web \u00e8 lo scambio di mail. Vi \u00e8 stata una spinta sociale alla base del successo della Rete. Perch\u00e9 nessuna innovazione tecnologica, come spiegava il grande storico francese Fernand Braudel, riesce a imporsi se non in funzione della spinta sociale che la sostiene.<\/p>\n<p>Il momento della svolta digitale avviene tra il 1995 e il 2000. I siti diventano il naturale prolungamento dei giornali e anche delle televisioni. Il Web rivela le sue potenzialit\u00e0 come strumento di lavoro. Grazie ai database, alle informazioni archiviate in Rete, si ha la possibilit\u00e0 di accedere a una serie di dati come mai era stato possibile fare prima. L\u2019informazione d\u2019archivio diventa materia viva.<\/p>\n<p>Col passare del tempo ci si rende conto che Internet non \u00e8 un mondo a parte ma un ambiente di comunicazione. Uno strumento prezioso con il quale veicolare informazioni e contenuti di conoscenza. Internet diventa il luogo della relazione, del confronto e dello scontro di ingenti flussi di opinione. L\u2019opinione pubblica diventa l\u2019opinione del pubblico.<\/p>\n<p>Gli Anni Novanta si chiudono con questa profonda trasformazione che segna anche il futuro prossimo venturo.<\/p>\n<p>Vengono stravolti gli schemi tradizionali dell\u2019audience. L\u2019utente, fino a quel momento passivo ricettore di messaggi, oggi ha la possibilit\u00e0 di commentare, replicare, interagire, pu\u00f2 mettere in piedi un blog. Ognuno pu\u00f2 dialogare sui social, postare filmati su YouTube, esprimere commenti, partecipare alla costruzione delle notizie. Grazie alla tecnologia il pubblico arriva prima dei giornalisti sul luogo di un evento. Perch\u00e9 su quel luogo c\u2019\u00e8 gi\u00e0. Nel caso di un disastro, ad esempio, un terremoto, un\u2019alluvione o l\u2019incendio di un palazzo, chi \u00e8 dotato di un telefonino, e lo sono praticamente tutti, registra un video e lo diffonde. In pratica fa informazione. E in questi casi i media tradizionali non possono fare altro che utilizzare le stesse immagini girate dagli utenti per documentare gli avvenimenti.<\/p>\n<p>Il pubblico diventa interattivo, dunque. Il concetto di cultura di massa viene messo in discussione. I nuovi media sono sempre meno mass media e sempre pi\u00f9 people media. E la Rete diventa il nuovo luogo d\u2019incontro e di confronto. E\u2019 una delle principali eredit\u00e0 degli Anni Novanta che segna, per\u00f2, un passaggio delicato. Da una parte la tecnologia ci offre delle opportunit\u00e0, dall\u2019altra ci coinvolge in un ecosistema dove ci confrontiamo con software e intelligenza artificiale. Con il rischio di essere oltremodo manipolati dai giganti del Web. Dobbiamo essere capaci di saper interagire nel nuovo mondo e saper governare questa rivoluzione che non ha precedenti.<\/p>\n","protected":false},"excerpt":{"rendered":"<p>Devono passare circa trent\u2019anni prima di celebrare un decennio. E\u2019 gi\u00e0 successo con gli Anni Sessanta, poi con gli Anni Settanta e gli Anni Ottanta. Ora, con un certo anticipo, \u00e8 la volta degli Anni Novanta. Articoli di giornale e libri si moltiplicano. E di cose da dire e da ricordare ce ne sono. Da [&hellip;]<\/p>\n","protected":false},"author":2,"featured_media":660,"comment_status":"open","ping_status":"open","sticky":false,"template":"","format":"image","meta":{"advanced_seo_description":"","jetpack_seo_html_title":"","jetpack_seo_noindex":false,"jetpack_post_was_ever_published":false,"_jetpack_newsletter_access":"","jetpack_publicize_message":"","jetpack_is_tweetstorm":false,"jetpack_publicize_feature_enabled":true,"jetpack_social_post_already_shared":true,"jetpack_social_options":{"image_generator_settings":{"template":"highway","enabled":false}}},"categories":[211,213,46,104,212,3],"tags":[214,217,215,65,150,218,133,216],"jetpack_publicize_connections":[],"jetpack_featured_media_url":"https:\/\/i0.wp.com\/antoniopascotto.it\/wp-content\/uploads\/2018\/05\/2018-05-08_090447.jpg?fit=877%2C394&ssl=1","jetpack_sharing_enabled":true,"jetpack_shortlink":"https:\/\/wp.me\/p8swp8-aD","jetpack-related-posts":[{"id":1401,"url":"https:\/\/antoniopascotto.it\/?p=1401","url_meta":{"origin":659,"position":0},"title":"COME SI CAMBIA. ANCHE IL GIOCO","author":"Antonio Pascotto","date":"Dicembre 29, 2020","format":"image","excerpt":"Come si cambia. Anche il gioco. Anche la Lotteria Italia. Per anni \u00e8 stata un evento, atteso tutto l'anno, nella speranza che uno di noi, il pi\u00f9 fortunato, potesse diventare un supermilionario. Eravamo tutti incollati davanti al televisore, la sera del 6 gennaio, per guardare Canzonissima o Fantastico o Carramba\u2026","rel":"","context":"In &quot;Giochi&quot;","block_context":{"text":"Giochi","link":"https:\/\/antoniopascotto.it\/?cat=232"},"img":{"alt_text":"","src":"https:\/\/i0.wp.com\/antoniopascotto.it\/wp-content\/uploads\/2020\/12\/2020-12-29_103157.png?fit=952%2C452&ssl=1&resize=350%2C200","width":350,"height":200},"classes":[]},{"id":405,"url":"https:\/\/antoniopascotto.it\/?p=405","url_meta":{"origin":659,"position":1},"title":"GIORNALISTI E SCOOP. PASSIONE E SENTIMENTO","author":"Antonio Pascotto","date":"Settembre 28, 2017","format":"gallery","excerpt":"Sono le 19 quando ricevo la telefonata, graditissima, di una giornalista che il mestiere lo ha sempre avuto nel sangue, Marina Como. Attualmente lavora per Porta a Porta. Quando si parla della Regina Elisabetta non pu\u00f2 essere che lei a realizzare il servizio. Nella sua lunga carriera ne ha intervistati\u2026","rel":"","context":"In &quot;Cinema&quot;","block_context":{"text":"Cinema","link":"https:\/\/antoniopascotto.it\/?cat=105"},"img":{"alt_text":"","src":"https:\/\/i0.wp.com\/antoniopascotto.it\/wp-content\/uploads\/2017\/09\/Brigitte-e-Marina.jpg?fit=319%2C314&ssl=1&resize=350%2C200","width":350,"height":200},"classes":[]},{"id":1343,"url":"https:\/\/antoniopascotto.it\/?p=1343","url_meta":{"origin":659,"position":2},"title":"VOCI INCONTROLLATE","author":"Antonio Pascotto","date":"Agosto 10, 2020","format":"image","excerpt":"Quando mi sento solo parlo con Alexa. Le dico: Alexa, buongiono\u201d. E lei mi risponde: \u201cCiao. E\u2019 San Lorenzo, e stanotte tutti gli occhi saranno puntati verso il cielo, alla ricerca di stelle cadenti a cui affidare i propri desideri\u201d. Penso, su suggerimento, che stasera \u00e8 una buona occasione per\u2026","rel":"","context":"In &quot;Digitale&quot;","block_context":{"text":"Digitale","link":"https:\/\/antoniopascotto.it\/?cat=21"},"img":{"alt_text":"","src":"https:\/\/i0.wp.com\/antoniopascotto.it\/wp-content\/uploads\/2020\/08\/2020-08-10_081634.jpg?fit=836%2C453&ssl=1&resize=350%2C200","width":350,"height":200},"classes":[]},{"id":730,"url":"https:\/\/antoniopascotto.it\/?p=730","url_meta":{"origin":659,"position":3},"title":"LE ETA&#8217; DEL PARADISO","author":"Antonio Pascotto","date":"Giugno 29, 2018","format":"image","excerpt":"Mi sono sempre chiesto che et\u00e0 hanno le persone in paradiso. Cio\u00e9, se uno muore a 90 anni, in paradiso avr\u00e0 90 anni? Oppure, se muore prima, in paradiso sar\u00e0 pi\u00f9 giovane? Quindi sar\u00e0 ricompensato rispetto al minor tempo trascorso\u00a0durante la vita terrena? Un'idea di paradiso, in qualche modo, me\u2026","rel":"","context":"In &quot;Riflessioni&quot;","block_context":{"text":"Riflessioni","link":"https:\/\/antoniopascotto.it\/?cat=231"},"img":{"alt_text":"","src":"https:\/\/i0.wp.com\/antoniopascotto.it\/wp-content\/uploads\/2018\/06\/il-paradiso-allimprovviso-200x240cm-101689.jpg?fit=600%2C315&ssl=1&resize=350%2C200","width":350,"height":200},"classes":[]},{"id":1424,"url":"https:\/\/antoniopascotto.it\/?p=1424","url_meta":{"origin":659,"position":4},"title":"LA RESISTENZA","author":"Antonio Pascotto","date":"Febbraio 28, 2021","format":false,"excerpt":"Ci sono parole ricorrenti in questo momento particolare della nostra vita. Termini che ricordano battaglie all'ultimo sangue, conflitti, scontri. Il clima bellico pervade le nostre giornate, alle prese col tentativo di evitare contagi, tra consigli, non pochi, dei virologi, oracoli dei nostri tempi, e la speranza di poter fare al\u2026","rel":"","context":"In &quot;Attualit\u00e0&quot;","block_context":{"text":"Attualit\u00e0","link":"https:\/\/antoniopascotto.it\/?cat=37"},"img":{"alt_text":"","src":"https:\/\/i0.wp.com\/antoniopascotto.it\/wp-content\/uploads\/2021\/02\/2021-02-28_103009.png?fit=968%2C555&ssl=1&resize=350%2C200","width":350,"height":200},"classes":[]},{"id":1127,"url":"https:\/\/antoniopascotto.it\/?p=1127","url_meta":{"origin":659,"position":5},"title":"FABRIZIO, I LIBRI E IL LAVORO","author":"Antonio Pascotto","date":"Settembre 30, 2019","format":"image","excerpt":"Uno dei miei scrittori preferiti \u00e8 senza dubbio Fabrizio Falconi, amico e collega di lunga data. Lavoriamo insieme a Mediaset da quasi 27 anni. Un bel po di tempo, non c'\u00e8 che dire. Ho letto quasi tutti i suoi libri. E ho cominciato a sfogliare il suo ultimo lavoro, interessantissimo,\u2026","rel":"","context":"In &quot;Cultura&quot;","block_context":{"text":"Cultura","link":"https:\/\/antoniopascotto.it\/?cat=72"},"img":{"alt_text":"","src":"https:\/\/i0.wp.com\/antoniopascotto.it\/wp-content\/uploads\/2019\/09\/2019-09-30_082847.jpg?fit=467%2C307&ssl=1&resize=350%2C200","width":350,"height":200},"classes":[]}],"_links":{"self":[{"href":"https:\/\/antoniopascotto.it\/index.php?rest_route=\/wp\/v2\/posts\/659"}],"collection":[{"href":"https:\/\/antoniopascotto.it\/index.php?rest_route=\/wp\/v2\/posts"}],"about":[{"href":"https:\/\/antoniopascotto.it\/index.php?rest_route=\/wp\/v2\/types\/post"}],"author":[{"embeddable":true,"href":"https:\/\/antoniopascotto.it\/index.php?rest_route=\/wp\/v2\/users\/2"}],"replies":[{"embeddable":true,"href":"https:\/\/antoniopascotto.it\/index.php?rest_route=%2Fwp%2Fv2%2Fcomments&post=659"}],"version-history":[{"count":2,"href":"https:\/\/antoniopascotto.it\/index.php?rest_route=\/wp\/v2\/posts\/659\/revisions"}],"predecessor-version":[{"id":666,"href":"https:\/\/antoniopascotto.it\/index.php?rest_route=\/wp\/v2\/posts\/659\/revisions\/666"}],"wp:featuredmedia":[{"embeddable":true,"href":"https:\/\/antoniopascotto.it\/index.php?rest_route=\/wp\/v2\/media\/660"}],"wp:attachment":[{"href":"https:\/\/antoniopascotto.it\/index.php?rest_route=%2Fwp%2Fv2%2Fmedia&parent=659"}],"wp:term":[{"taxonomy":"category","embeddable":true,"href":"https:\/\/antoniopascotto.it\/index.php?rest_route=%2Fwp%2Fv2%2Fcategories&post=659"},{"taxonomy":"post_tag","embeddable":true,"href":"https:\/\/antoniopascotto.it\/index.php?rest_route=%2Fwp%2Fv2%2Ftags&post=659"}],"curies":[{"name":"wp","href":"https:\/\/api.w.org\/{rel}","templated":true}]}}