{"id":646,"date":"2018-04-25T23:09:10","date_gmt":"2018-04-25T23:09:10","guid":{"rendered":"http:\/\/antoniopascotto.it\/?p=646"},"modified":"2019-02-24T10:31:40","modified_gmt":"2019-02-24T10:31:40","slug":"caro-amico-ti-scrivo","status":"publish","type":"post","link":"https:\/\/antoniopascotto.it\/?p=646","title":{"rendered":"CARO AMICO TI SCRIVO"},"content":{"rendered":"<p>Emozionato, davanti alla televisione,\u00a0guardando uno speciale davvero unico, dedicato a Lucio Dalla. Ho ripercorso, grazie a Giorgio Verdelli e agli autori del programma, momenti incredibili con musiche e canzoni che sono diventate anche colonna sonora di una parte della nostra vita.<\/p>\n<p><img data-attachment-id=\"648\" data-permalink=\"https:\/\/antoniopascotto.it\/?attachment_id=648\" data-orig-file=\"https:\/\/i0.wp.com\/antoniopascotto.it\/wp-content\/uploads\/2018\/04\/dalla-4.jpg?fit=543%2C390&amp;ssl=1\" data-orig-size=\"543,390\" data-comments-opened=\"1\" data-image-meta=\"{&quot;aperture&quot;:&quot;0&quot;,&quot;credit&quot;:&quot;&quot;,&quot;camera&quot;:&quot;&quot;,&quot;caption&quot;:&quot;&quot;,&quot;created_timestamp&quot;:&quot;0&quot;,&quot;copyright&quot;:&quot;&quot;,&quot;focal_length&quot;:&quot;0&quot;,&quot;iso&quot;:&quot;0&quot;,&quot;shutter_speed&quot;:&quot;0&quot;,&quot;title&quot;:&quot;&quot;,&quot;orientation&quot;:&quot;0&quot;}\" data-image-title=\"dalla 4\" data-image-description=\"\" data-image-caption=\"\" data-medium-file=\"https:\/\/i0.wp.com\/antoniopascotto.it\/wp-content\/uploads\/2018\/04\/dalla-4.jpg?fit=300%2C215&amp;ssl=1\" data-large-file=\"https:\/\/i0.wp.com\/antoniopascotto.it\/wp-content\/uploads\/2018\/04\/dalla-4.jpg?fit=543%2C390&amp;ssl=1\" decoding=\"async\" loading=\"lazy\" class=\"alignleft size-medium wp-image-648\" src=\"https:\/\/i0.wp.com\/antoniopascotto.it\/wp-content\/uploads\/2018\/04\/dalla-4.jpg?resize=300%2C215\" alt=\"\" width=\"300\" height=\"215\" srcset=\"https:\/\/i0.wp.com\/antoniopascotto.it\/wp-content\/uploads\/2018\/04\/dalla-4.jpg?resize=300%2C215&amp;ssl=1 300w, https:\/\/i0.wp.com\/antoniopascotto.it\/wp-content\/uploads\/2018\/04\/dalla-4.jpg?w=543&amp;ssl=1 543w\" sizes=\"(max-width: 300px) 100vw, 300px\" data-recalc-dims=\"1\" \/>A cominciare da quella <em>4 marzo 1943<\/em>, presentata da un omino con la barba vestito di bianco sul palcoscenico di Sanremo. Piacque subito anche alla mia mamma, che compr\u00f2 il 45 giri. Nei miei vari traslochi \u00e8 andato perduto. L\u2019ho ricomprato a Porta Portese, ed \u00e8 uno dei pezzi che conservo con maggiore cura nella mia collezione di dischi in vinile.<\/p>\n<p><strong>Unici<\/strong>, dedicata a Lucio Dalla, ha proposto stralci di concerti, filmati, foto d\u2019epoca, registrazioni inedite. Ho vissuto in prima persona alcuni di quei momenti. Come il tour <em>Banana Republic<\/em> con De Gregori. Ero giovanissimo, lavoravo alla radio locale, e organizzavo pullman per accompagnare i giovanissimi come me in giro per l\u2019Italia in occasione degli eventi musicali pi\u00f9 importanti. La tappa di Banana Republic allo stadio San Paolo era una bella occasione. Fu una serata magica, straordinaria.<\/p>\n<p><img data-attachment-id=\"649\" data-permalink=\"https:\/\/antoniopascotto.it\/?attachment_id=649\" data-orig-file=\"https:\/\/i0.wp.com\/antoniopascotto.it\/wp-content\/uploads\/2018\/04\/dalla-2.jpg?fit=540%2C337&amp;ssl=1\" data-orig-size=\"540,337\" data-comments-opened=\"1\" data-image-meta=\"{&quot;aperture&quot;:&quot;0&quot;,&quot;credit&quot;:&quot;&quot;,&quot;camera&quot;:&quot;&quot;,&quot;caption&quot;:&quot;&quot;,&quot;created_timestamp&quot;:&quot;0&quot;,&quot;copyright&quot;:&quot;&quot;,&quot;focal_length&quot;:&quot;0&quot;,&quot;iso&quot;:&quot;0&quot;,&quot;shutter_speed&quot;:&quot;0&quot;,&quot;title&quot;:&quot;&quot;,&quot;orientation&quot;:&quot;0&quot;}\" data-image-title=\"dalla 2\" data-image-description=\"\" data-image-caption=\"\" data-medium-file=\"https:\/\/i0.wp.com\/antoniopascotto.it\/wp-content\/uploads\/2018\/04\/dalla-2.jpg?fit=300%2C187&amp;ssl=1\" data-large-file=\"https:\/\/i0.wp.com\/antoniopascotto.it\/wp-content\/uploads\/2018\/04\/dalla-2.jpg?fit=540%2C337&amp;ssl=1\" decoding=\"async\" loading=\"lazy\" class=\"alignleft size-medium wp-image-649\" src=\"https:\/\/i0.wp.com\/antoniopascotto.it\/wp-content\/uploads\/2018\/04\/dalla-2.jpg?resize=300%2C187\" alt=\"\" width=\"300\" height=\"187\" srcset=\"https:\/\/i0.wp.com\/antoniopascotto.it\/wp-content\/uploads\/2018\/04\/dalla-2.jpg?resize=300%2C187&amp;ssl=1 300w, https:\/\/i0.wp.com\/antoniopascotto.it\/wp-content\/uploads\/2018\/04\/dalla-2.jpg?w=540&amp;ssl=1 540w\" sizes=\"(max-width: 300px) 100vw, 300px\" data-recalc-dims=\"1\" \/>Ho rivisto pi\u00f9 volte Lucio Dalla in concerto. Sempre a Napoli, in piazza Plebiscito, era il 1995. Il prezioso scrigno del cantautore bolognese si era arricchito di titoli come <em>La sera dei miracoli<\/em>, <em>Futura<\/em> e <em>Caruso<\/em>. Un frammento di quel concerto \u00e8 stato riproposto in tv e per me \u00e8 stato come fare un salto indietro negli anni, a bordo di\u00a0una macchina del tempo. Un viaggio nella storia della musica italiana, in compagnia di personaggi come Renato Zero, Luca Carboni, Francesco De Gregori, Samuele Bersani. E ancora Pupi Avati,\u00a0gli ex giocatori della Virtus Basket di Bologna, che hanno raccontato la passione di Lucio Dalla per il basket, e Carlo Verdone, alias Manuel Fantoni. Credo che nelle prossime ore rivedr\u00f2 quel capolavoro di commedia italiana che si chiama Borotalco.<\/p>\n<p>Lucio Dalla era un artista poliedrico, versatile, geniale e pieno di creativit\u00e0. Attraverso le parole di un amico, che era anche il suo avvocato, abbiamo scoperto che a modo suo era anche credente. Un grande bolognese, ma anche un po\u2019 siciliano, pugliese e soprattutto napoletano. Durante quel concerto a piazza Plebiscito disse che un canale sotterraneo univa Bologna e Napoli. E Caruso, forse, \u00e8 stata l\u2019incarnazione pi\u00f9 autentica della sua napoletanit\u00e0.<\/p>\n<p>Le sue canzoni non tramonteranno mai, e ha fatto bene Claudio Baglioni a proporre a Ron di cantare un inedito di Lucio Dalla all\u2019ultimo Sanremo. <em>Almeno pensami<\/em> \u00e8 una canzone bellissima, testamento di un personaggio che rimarr\u00e0 sempre nei nostri cuori. Unico.<\/p>\n<p>&nbsp;<\/p>\n","protected":false},"excerpt":{"rendered":"<p>Emozionato, davanti alla televisione,\u00a0guardando uno speciale davvero unico, dedicato a Lucio Dalla. Ho ripercorso, grazie a Giorgio Verdelli e agli autori del programma, momenti incredibili con musiche e canzoni che sono diventate anche colonna sonora di una parte della nostra vita. A cominciare da quella 4 marzo 1943, presentata da un omino con la barba [&hellip;]<\/p>\n","protected":false},"author":2,"featured_media":647,"comment_status":"open","ping_status":"open","sticky":false,"template":"","format":"image","meta":{"advanced_seo_description":"","jetpack_seo_html_title":"","jetpack_seo_noindex":false,"jetpack_post_was_ever_published":false,"_jetpack_newsletter_access":"","jetpack_publicize_message":"","jetpack_is_tweetstorm":false,"jetpack_publicize_feature_enabled":true,"jetpack_social_post_already_shared":true,"jetpack_social_options":{"image_generator_settings":{"template":"highway","enabled":false}}},"categories":[46,104,20],"tags":[],"jetpack_publicize_connections":[],"jetpack_featured_media_url":"https:\/\/i0.wp.com\/antoniopascotto.it\/wp-content\/uploads\/2018\/04\/dalla-1.jpg?fit=805%2C350&ssl=1","jetpack_sharing_enabled":true,"jetpack_shortlink":"https:\/\/wp.me\/p8swp8-aq","jetpack-related-posts":[{"id":621,"url":"https:\/\/antoniopascotto.it\/?p=621","url_meta":{"origin":646,"position":0},"title":"L\u2019ITALIA DI FABRIZIO","author":"Antonio Pascotto","date":"Marzo 26, 2018","format":false,"excerpt":"Quando scompare un personaggio noto se ne va anche un pezzetto della nostra vita. E\u2019 successo con artisti come Lucio Dalla, Pino Daniele e altri, che ci hanno accompagnato per tanto tempo con le loro splendide canzoni. Ancora oggi continuiamo ad ascoltare brani come Napul\u2019\u00e8 o Caro amico ti scrivo.\u2026","rel":"","context":"In &quot;Personaggi&quot;","block_context":{"text":"Personaggi","link":"https:\/\/antoniopascotto.it\/?cat=104"},"img":{"alt_text":"","src":"https:\/\/i0.wp.com\/antoniopascotto.it\/wp-content\/uploads\/2018\/03\/2018-03-26_231825.jpg?fit=747%2C431&ssl=1&resize=350%2C200","width":350,"height":200},"classes":[]},{"id":2137,"url":"https:\/\/antoniopascotto.it\/?p=2137","url_meta":{"origin":646,"position":1},"title":"IL RICORDO DI PIPPO BAUDO","author":"Antonio Pascotto","date":"Agosto 18, 2025","format":"image","excerpt":"Non avevo mai visto sui social tanta partecipazione. E cos\u00ec ho scoperto, se pure ce ne fosse stato bisogno, che Pippo Baudo era ovunque. Scattava foto con tutti, sorrideva sempre, era uno del popolo, insomma. Era l\u2019espressione vera di quello che viene definito nazionalpopolare. Nel senso buono del termine. Nelle\u2026","rel":"","context":"In &quot;Cultura&quot;","block_context":{"text":"Cultura","link":"https:\/\/antoniopascotto.it\/?cat=72"},"img":{"alt_text":"","src":"https:\/\/i0.wp.com\/antoniopascotto.it\/wp-content\/uploads\/2025\/08\/2025-08-18_103724.jpg?fit=853%2C451&ssl=1&resize=350%2C200","width":350,"height":200},"classes":[]},{"id":1363,"url":"https:\/\/antoniopascotto.it\/?p=1363","url_meta":{"origin":646,"position":2},"title":"MOMENTI TRASCURABILI. L&#8217;ALTRA RECENSIONE","author":"Antonio Pascotto","date":"Settembre 22, 2020","format":"image","excerpt":"Ho appena finito di leggere l'ultimo libro di Francesco Piccolo, Momenti trascurabili. Un volumetto come sempre nello stile dell'autore, godibile, piacevole, scorrevole. Gli aggettivi si sprecano per un personaggio che ha al suo attivo numerosi scritti, tra cui un Premio Strega, ed \u00e8 sceneggiatore di successo. Ha firmato vari film\u2026","rel":"","context":"In &quot;Libri&quot;","block_context":{"text":"Libri","link":"https:\/\/antoniopascotto.it\/?cat=6"},"img":{"alt_text":"","src":"https:\/\/i0.wp.com\/antoniopascotto.it\/wp-content\/uploads\/2020\/09\/2020-09-22_143639.png?fit=632%2C355&ssl=1&resize=350%2C200","width":350,"height":200},"classes":[]},{"id":331,"url":"https:\/\/antoniopascotto.it\/?p=331","url_meta":{"origin":646,"position":3},"title":"FELICITA&#8217; E COINCIDENZE","author":"Antonio Pascotto","date":"Luglio 6, 2017","format":"gallery","excerpt":"Sono coincidenze, solo coincidenze. Eppure succede che nel giro di poche ore ho visto il docufilm di Walter Veltroni \u201cIndizi di felicit\u00e0\u201d. Poi ho letto sul Venerd\u00ec di Repubblica un\u2019intervista a Claudio Lolli, un cantautore che ho amato. I pi\u00f9 giovani non lo conoscono, ma quelli della mia generazione ricorderanno\u2026","rel":"","context":"In &quot;Attualit\u00e0&quot;","block_context":{"text":"Attualit\u00e0","link":"https:\/\/antoniopascotto.it\/?cat=37"},"img":{"alt_text":"","src":"https:\/\/i0.wp.com\/antoniopascotto.it\/wp-content\/uploads\/2017\/07\/LOLLI.jpg?fit=800%2C800&ssl=1&resize=350%2C200","width":350,"height":200},"classes":[]},{"id":655,"url":"https:\/\/antoniopascotto.it\/?p=655","url_meta":{"origin":646,"position":4},"title":"LA LOCOMOTIVA","author":"Antonio Pascotto","date":"Maggio 1, 2018","format":"image","excerpt":"INTRODUZIONE AL LIBRO \"LA LOCOMOTIVA\". LA CANZONE D'AUTORE ITALIANA. DA FRANCESCO GUCCINI A ENRICO RUGGERI E ZUCCHERO. VENT'ANNI\u00a0 DI POESIA E RIBELLIONE. Ho molte cose in comune con D\u2019Errico. A partire dal nome, certo, ma anche dalle passioni, in primo luogo la musica. Come sua mamma, anche la mia cantava\u2026","rel":"","context":"In &quot;Libri&quot;","block_context":{"text":"Libri","link":"https:\/\/antoniopascotto.it\/?cat=6"},"img":{"alt_text":"","src":"https:\/\/i0.wp.com\/antoniopascotto.it\/wp-content\/uploads\/2018\/05\/2018-05-01_204734.jpg?fit=583%2C313&ssl=1&resize=350%2C200","width":350,"height":200},"classes":[]},{"id":1645,"url":"https:\/\/antoniopascotto.it\/?p=1645","url_meta":{"origin":646,"position":5},"title":"QUEL GIORNO AD ARCORE","author":"Antonio Pascotto","date":"Giugno 18, 2023","format":"image","excerpt":"C\u2019\u00e8 voluto qualche giorno prima che mettessi gi\u00f9 queste due righe. Convinto da sempre che quando scompare qualcuno bisogna restare quanto pi\u00f9 possibile in silenzio per il rispetto della persona e dei suoi familiari. Ogni parola potrebbe essere di troppo. Il silenzio, come scrive Erling Kagge, \u00e8 uno spazio dell\u2019anima.\u2026","rel":"","context":"In &quot;Personaggi&quot;","block_context":{"text":"Personaggi","link":"https:\/\/antoniopascotto.it\/?cat=104"},"img":{"alt_text":"","src":"https:\/\/i0.wp.com\/antoniopascotto.it\/wp-content\/uploads\/2023\/06\/WhatsApp-Image-2023-06-18-at-09.10.25-e1687072314235.jpeg?fit=800%2C400&ssl=1&resize=350%2C200","width":350,"height":200},"classes":[]}],"_links":{"self":[{"href":"https:\/\/antoniopascotto.it\/index.php?rest_route=\/wp\/v2\/posts\/646"}],"collection":[{"href":"https:\/\/antoniopascotto.it\/index.php?rest_route=\/wp\/v2\/posts"}],"about":[{"href":"https:\/\/antoniopascotto.it\/index.php?rest_route=\/wp\/v2\/types\/post"}],"author":[{"embeddable":true,"href":"https:\/\/antoniopascotto.it\/index.php?rest_route=\/wp\/v2\/users\/2"}],"replies":[{"embeddable":true,"href":"https:\/\/antoniopascotto.it\/index.php?rest_route=%2Fwp%2Fv2%2Fcomments&post=646"}],"version-history":[{"count":4,"href":"https:\/\/antoniopascotto.it\/index.php?rest_route=\/wp\/v2\/posts\/646\/revisions"}],"predecessor-version":[{"id":654,"href":"https:\/\/antoniopascotto.it\/index.php?rest_route=\/wp\/v2\/posts\/646\/revisions\/654"}],"wp:featuredmedia":[{"embeddable":true,"href":"https:\/\/antoniopascotto.it\/index.php?rest_route=\/wp\/v2\/media\/647"}],"wp:attachment":[{"href":"https:\/\/antoniopascotto.it\/index.php?rest_route=%2Fwp%2Fv2%2Fmedia&parent=646"}],"wp:term":[{"taxonomy":"category","embeddable":true,"href":"https:\/\/antoniopascotto.it\/index.php?rest_route=%2Fwp%2Fv2%2Fcategories&post=646"},{"taxonomy":"post_tag","embeddable":true,"href":"https:\/\/antoniopascotto.it\/index.php?rest_route=%2Fwp%2Fv2%2Ftags&post=646"}],"curies":[{"name":"wp","href":"https:\/\/api.w.org\/{rel}","templated":true}]}}