{"id":604,"date":"2018-03-12T17:16:37","date_gmt":"2018-03-12T17:16:37","guid":{"rendered":"http:\/\/antoniopascotto.it\/?p=604"},"modified":"2018-09-10T21:01:46","modified_gmt":"2018-09-10T21:01:46","slug":"quelle-storie-maledette","status":"publish","type":"post","link":"https:\/\/antoniopascotto.it\/?p=604","title":{"rendered":"QUELLE STORIE MALEDETTE"},"content":{"rendered":"<p>Non c\u2019era bisogno di conferme. Franca Leosini ancora una volta ha saputo indagare nell\u2019animo dei protagonisti di una vicenda di cronaca della quale si era gi\u00e0 parlato tanto.<\/p>\n<p>Ha studiato le carte, gli atti processuali, faldoni di oltre diecimila pagine. E non si \u00e8 risparmiata davanti al volto della giovane Sabrina, condannata all\u2019ergastolo. Ha definito il suo amato ragazzo \u2018un incauto giovanotto che s\u2019inforcava le mutande frenando i suoi ardori lombari\u2019. Quello stesso giovanotto che, secondo i giudici, sarebbe stato l\u2019origine della tragedia. Il caso di Sarah Scazzi, noto come il giallo di Avetrana, nonostante l\u2019enorme risalto mediatico, non era mai stato affrontato con una simile professionalit\u00e0. Il programma \u00e8 scivolato via nei tempi giusti di una trasmissione televisiva, senza il supporto di immagini e musiche ad effetto o ricostruzioni video che ricordano i migliori thriller.<\/p>\n<p>Leosini chiede a Sabrina di quegli sms scambiati con la cugina e con l\u2019amica Mariangela negli stessi minuti in cui \u00e8 stato consumato l\u2019omicidio. Messaggi che, secondo i giudici, sarebbero la prova di un tentativo di depistaggio da parte della ragazza. Che respinge ogni accusa. \u2018Mi hanno dipinta come un serial killer\u2019, dice piangendo.<\/p>\n<p><img data-attachment-id=\"607\" data-permalink=\"https:\/\/antoniopascotto.it\/?attachment_id=607\" data-orig-file=\"https:\/\/i0.wp.com\/antoniopascotto.it\/wp-content\/uploads\/2018\/03\/13059874_10208682547838099_1423961962_n.jpg?fit=960%2C639&amp;ssl=1\" data-orig-size=\"960,639\" data-comments-opened=\"1\" data-image-meta=\"{&quot;aperture&quot;:&quot;0&quot;,&quot;credit&quot;:&quot;&quot;,&quot;camera&quot;:&quot;&quot;,&quot;caption&quot;:&quot;&quot;,&quot;created_timestamp&quot;:&quot;0&quot;,&quot;copyright&quot;:&quot;&quot;,&quot;focal_length&quot;:&quot;0&quot;,&quot;iso&quot;:&quot;0&quot;,&quot;shutter_speed&quot;:&quot;0&quot;,&quot;title&quot;:&quot;&quot;,&quot;orientation&quot;:&quot;0&quot;}\" data-image-title=\"13059874_10208682547838099_1423961962_n\" data-image-description=\"\" data-image-caption=\"\" data-medium-file=\"https:\/\/i0.wp.com\/antoniopascotto.it\/wp-content\/uploads\/2018\/03\/13059874_10208682547838099_1423961962_n.jpg?fit=300%2C200&amp;ssl=1\" data-large-file=\"https:\/\/i0.wp.com\/antoniopascotto.it\/wp-content\/uploads\/2018\/03\/13059874_10208682547838099_1423961962_n.jpg?fit=960%2C639&amp;ssl=1\" decoding=\"async\" loading=\"lazy\" class=\"alignleft size-medium wp-image-607\" src=\"https:\/\/i0.wp.com\/antoniopascotto.it\/wp-content\/uploads\/2018\/03\/13059874_10208682547838099_1423961962_n.jpg?resize=300%2C200\" alt=\"\" width=\"300\" height=\"200\" srcset=\"https:\/\/i0.wp.com\/antoniopascotto.it\/wp-content\/uploads\/2018\/03\/13059874_10208682547838099_1423961962_n.jpg?resize=300%2C200&amp;ssl=1 300w, https:\/\/i0.wp.com\/antoniopascotto.it\/wp-content\/uploads\/2018\/03\/13059874_10208682547838099_1423961962_n.jpg?resize=768%2C511&amp;ssl=1 768w, https:\/\/i0.wp.com\/antoniopascotto.it\/wp-content\/uploads\/2018\/03\/13059874_10208682547838099_1423961962_n.jpg?w=960&amp;ssl=1 960w\" sizes=\"(max-width: 300px) 100vw, 300px\" data-recalc-dims=\"1\" \/>Una storia maledetta, come tutte le storie affrontate dall\u2019autrice di uno dei migliori programmi della nostra televisione. Ne ho anche parlato con lei, in occasione del premio Vis Iuridica di Antonella Sotira. Quello che colpisce, rispetto ad altri programmi che affrontano vicende di cronaca, \u00e8 il racconto che si sviluppa con un preciso obiettivo: far capire cosa avviene nella mente delle persone.<\/p>\n<p>Ho riflettuto su questo nello stesso momento in cui guardavo la trasmissione. Cercavo di capire cosa stesse pensando Sabrina quando Franca Leosini poneva le domande. In particolare mi chiedevo: cosa prova una persona innocente che sta scontando un ergastolo? E viceversa, cosa prova un colpevole che continua a dichiararsi innocente, piangendo di fronte al proprio interlocutore?<\/p>\n<p>&nbsp;<\/p>\n<p>&nbsp;<\/p>\n","protected":false},"excerpt":{"rendered":"<p>Non c\u2019era bisogno di conferme. Franca Leosini ancora una volta ha saputo indagare nell\u2019animo dei protagonisti di una vicenda di cronaca della quale si era gi\u00e0 parlato tanto. Ha studiato le carte, gli atti processuali, faldoni di oltre diecimila pagine. E non si \u00e8 risparmiata davanti al volto della giovane Sabrina, condannata all\u2019ergastolo. Ha definito [&hellip;]<\/p>\n","protected":false},"author":2,"featured_media":605,"comment_status":"open","ping_status":"open","sticky":false,"template":"","format":"image","meta":{"advanced_seo_description":"","jetpack_seo_html_title":"","jetpack_seo_noindex":false,"jetpack_post_was_ever_published":false,"_jetpack_newsletter_access":"","jetpack_publicize_message":"","jetpack_is_tweetstorm":false,"jetpack_publicize_feature_enabled":true,"jetpack_social_post_already_shared":true,"jetpack_social_options":{"image_generator_settings":{"template":"highway","enabled":false}}},"categories":[22,20],"tags":[190,26,191,23],"jetpack_publicize_connections":[],"jetpack_featured_media_url":"https:\/\/i0.wp.com\/antoniopascotto.it\/wp-content\/uploads\/2018\/03\/2018-03-12_180941.jpg?fit=742%2C431&ssl=1","jetpack_sharing_enabled":true,"jetpack_shortlink":"https:\/\/wp.me\/p8swp8-9K","jetpack-related-posts":[{"id":405,"url":"https:\/\/antoniopascotto.it\/?p=405","url_meta":{"origin":604,"position":0},"title":"GIORNALISTI E SCOOP. PASSIONE E SENTIMENTO","author":"Antonio Pascotto","date":"Settembre 28, 2017","format":"gallery","excerpt":"Sono le 19 quando ricevo la telefonata, graditissima, di una giornalista che il mestiere lo ha sempre avuto nel sangue, Marina Como. Attualmente lavora per Porta a Porta. Quando si parla della Regina Elisabetta non pu\u00f2 essere che lei a realizzare il servizio. Nella sua lunga carriera ne ha intervistati\u2026","rel":"","context":"In &quot;Cinema&quot;","block_context":{"text":"Cinema","link":"https:\/\/antoniopascotto.it\/?cat=105"},"img":{"alt_text":"","src":"https:\/\/i0.wp.com\/antoniopascotto.it\/wp-content\/uploads\/2017\/09\/Brigitte-e-Marina.jpg?fit=319%2C314&ssl=1&resize=350%2C200","width":350,"height":200},"classes":[]},{"id":266,"url":"https:\/\/antoniopascotto.it\/?p=266","url_meta":{"origin":604,"position":1},"title":"LA SVOLTA DIGITALE","author":"Antonio Pascotto","date":"Febbraio 26, 2017","format":"gallery","excerpt":"Dopo oltre mezzo secolo la televisione continua a esercitare la sua centralit\u00e0. Tra i mezzi di comunicazione di massa\u00a0 rimane la preferita dal pubblico, che in primo luogo sceglie i telegiornali per seguire cosa succede nel mondo. Il piccolo schermo \u00e8 sempre influente, ma soprattutto, pi\u00f9 di ogni altro mezzo,\u2026","rel":"","context":"In &quot;Digitale&quot;","block_context":{"text":"Digitale","link":"https:\/\/antoniopascotto.it\/?cat=21"},"img":{"alt_text":"","src":"https:\/\/i0.wp.com\/antoniopascotto.it\/wp-content\/uploads\/2017\/02\/DIGITALE-300x216.jpg?resize=350%2C200","width":350,"height":200},"classes":[]},{"id":2069,"url":"https:\/\/antoniopascotto.it\/?p=2069","url_meta":{"origin":604,"position":2},"title":"INTELLIGENZA ARTIFICIALE, A POMPEI CONVEGNO SU GIORNALISMO E NUOVE TECNOLOGIE","author":"Antonio Pascotto","date":"Gennaio 26, 2026","format":"image","excerpt":"Confronto sul futuro della professione: l\u2019IA sar\u00e0 una risorsa o un rischio? L\u2019evento \u00e8 stato organizzato dall\u2019Associazione Giornalisti Vesuviani \u201cIntelligenza artificiale: risorsa o pericolo per il giornalismo?\u201d. Su questo tema si sono confrontati giornalisti e sociologi in un incontro organizzato a Pompei questo il tema dall\u2019Associazione giornalisti vesuviani intitolata a\u2026","rel":"","context":"In &quot;Digitale&quot;","block_context":{"text":"Digitale","link":"https:\/\/antoniopascotto.it\/?cat=21"},"img":{"alt_text":"","src":"https:\/\/i0.wp.com\/antoniopascotto.it\/wp-content\/uploads\/2024\/06\/2024-06-02_111321.jpg?fit=912%2C383&ssl=1&resize=350%2C200","width":350,"height":200},"classes":[]},{"id":1463,"url":"https:\/\/antoniopascotto.it\/?p=1463","url_meta":{"origin":604,"position":3},"title":"QUEI GIORNI A NEW YORK, LA CITTA&#8217; DEGLI EROI","author":"Antonio Pascotto","date":"Settembre 10, 2021","format":"image","excerpt":"Fui catapultato\u00a0a New York\u00a0nei giorni immediatamente successivi all'attacco alle Torri Gemelle. L'attesa di 16 ore nell'aeroporto di Fiumicino, poi finalmente il volo Alitalia che ci port\u00f2 nella citt\u00e0 martoriata, da sempre al centro del mondo, ma in quel momento ancora di pi\u00f9. Ci sentivamo tutti cittadini della Grande Mela. Arrivai\u2026","rel":"","context":"In &quot;Celebrazioni&quot;","block_context":{"text":"Celebrazioni","link":"https:\/\/antoniopascotto.it\/?cat=213"},"img":{"alt_text":"","src":"https:\/\/i0.wp.com\/antoniopascotto.it\/wp-content\/uploads\/2021\/09\/20729571_10214025851469130_743593202763141375_n.jpg?fit=460%2C345&ssl=1&resize=350%2C200","width":350,"height":200},"classes":[]},{"id":449,"url":"https:\/\/antoniopascotto.it\/?p=449","url_meta":{"origin":604,"position":4},"title":"LA RIVINCITA DELLA TELEVISIONE E DEI MEDIA CHE NON MORIRANNO MAI","author":"Antonio Pascotto","date":"Dicembre 5, 2017","format":"gallery","excerpt":"Nessun media morir\u00e0 mai. Lo sostengo da sempre. Figuriamoci\u00a0il media per eccellenza, la televisione,\u00a0quello che pi\u00f9 di ogni altro ha influito sulle nostre abitudini. In molti avevano decretato la sua fine: titoli a caratteri cubitali sui giornali, libri, saggi, ricerche. Tutto inutile, sono state sovvertite le tesi pi\u00f9 negative. Altro\u2026","rel":"","context":"In &quot;Digitale&quot;","block_context":{"text":"Digitale","link":"https:\/\/antoniopascotto.it\/?cat=21"},"img":{"alt_text":"","src":"https:\/\/i0.wp.com\/antoniopascotto.it\/wp-content\/uploads\/2017\/12\/telecomando.jpg?fit=660%2C371&ssl=1&resize=350%2C200","width":350,"height":200},"classes":[]},{"id":380,"url":"https:\/\/antoniopascotto.it\/?p=380","url_meta":{"origin":604,"position":5},"title":"MISS ITALIA E I CRITICI TELEVISIVI. DIFFIDATE, GENTE, DIFFIDATE","author":"Antonio Pascotto","date":"Settembre 13, 2017","format":"gallery","excerpt":"Non mi fido dei critici. Non mi sono mai fidato. Quando leggo le recensioni di un film e sono negative \u00e8 quasi certo che quel film potrebbe piacermi. E forse potrei vederlo. Per non parlare dei critici televisivi. Lingue biforcute capaci di spargere veleno a destra e a manca senza\u2026","rel":"","context":"In &quot;Spettacolo&quot;","block_context":{"text":"Spettacolo","link":"https:\/\/antoniopascotto.it\/?cat=47"},"img":{"alt_text":"","src":"https:\/\/i0.wp.com\/antoniopascotto.it\/wp-content\/uploads\/2017\/09\/miss-italia-2.png?fit=1150%2C235&ssl=1&resize=350%2C200","width":350,"height":200},"classes":[]}],"_links":{"self":[{"href":"https:\/\/antoniopascotto.it\/index.php?rest_route=\/wp\/v2\/posts\/604"}],"collection":[{"href":"https:\/\/antoniopascotto.it\/index.php?rest_route=\/wp\/v2\/posts"}],"about":[{"href":"https:\/\/antoniopascotto.it\/index.php?rest_route=\/wp\/v2\/types\/post"}],"author":[{"embeddable":true,"href":"https:\/\/antoniopascotto.it\/index.php?rest_route=\/wp\/v2\/users\/2"}],"replies":[{"embeddable":true,"href":"https:\/\/antoniopascotto.it\/index.php?rest_route=%2Fwp%2Fv2%2Fcomments&post=604"}],"version-history":[{"count":1,"href":"https:\/\/antoniopascotto.it\/index.php?rest_route=\/wp\/v2\/posts\/604\/revisions"}],"predecessor-version":[{"id":608,"href":"https:\/\/antoniopascotto.it\/index.php?rest_route=\/wp\/v2\/posts\/604\/revisions\/608"}],"wp:featuredmedia":[{"embeddable":true,"href":"https:\/\/antoniopascotto.it\/index.php?rest_route=\/wp\/v2\/media\/605"}],"wp:attachment":[{"href":"https:\/\/antoniopascotto.it\/index.php?rest_route=%2Fwp%2Fv2%2Fmedia&parent=604"}],"wp:term":[{"taxonomy":"category","embeddable":true,"href":"https:\/\/antoniopascotto.it\/index.php?rest_route=%2Fwp%2Fv2%2Fcategories&post=604"},{"taxonomy":"post_tag","embeddable":true,"href":"https:\/\/antoniopascotto.it\/index.php?rest_route=%2Fwp%2Fv2%2Ftags&post=604"}],"curies":[{"name":"wp","href":"https:\/\/api.w.org\/{rel}","templated":true}]}}