{"id":600,"date":"2018-03-08T09:05:00","date_gmt":"2018-03-08T09:05:00","guid":{"rendered":"http:\/\/antoniopascotto.it\/?p=600"},"modified":"2018-05-08T07:24:28","modified_gmt":"2018-05-08T07:24:28","slug":"bellezza-mimose-e-miss","status":"publish","type":"post","link":"https:\/\/antoniopascotto.it\/?p=600","title":{"rendered":"BELLEZZA, MIMOSE E MISS"},"content":{"rendered":"<p>Non mi sono mai piaciute le critiche ai concorsi di bellezza. Mi sono sempre chiesto: che male c\u2019\u00e8? In giro si vedono tanti spettacoli di cattivo gusto, spesso volgari, e pure un tantino presuntuosetti. Per non parlare di alcune pubblicit\u00e0 che secondo me sviliscono la figura della donna.\u00a0 Invece qualche anno fa nel mirino fin\u00ec Miss Italia. Lo dico oggi, nel giorno in cui viene celebrata la donna. Un po\u2019 perch\u00e9 sono fuori dal coro, un po\u2019 perch\u00e9 prendo spunto da una lettera inviata da Patrizia Mirigliani, patron della manifestazione, a chi sar\u00e0 chiamato a guidare il nostro Paese. A parte il nome del destinatario, che rimane e rimarr\u00e0 per qualche tempo un rebus, visto come si sono ingarbugliate le acque dopo il voto, quello della Mirigliani \u00e8 un appello in controtendenza ai luoghi comuni sulla femminilit\u00e0. E io sono d\u2019accordo. La sua manifestazione \u00e8 stata sempre garbata, elegante, sobria e festosa al tempo stesso. Il concorso di bellezza pi\u00f9 famoso ha dato l\u2019opportunit\u00e0 a tantissime ragazze di avere una giusta visibilit\u00e0 e tantissime hanno ottenuto successi prestigiosi. L\u2019elenco di attrici e conduttrici nate con Miss Italia \u00e8 lungo. Alcuni anni fa ho assistito a una finale, eravamo a Montecatini, e ho visto con quanta passione Patrizia Mirigliani e i suoi collaboratori si adoperavano per la buona riuscita della serata. Aggiungo che negli anni il concorso \u00e8 pure migliorato ed \u00e8 sempre pi\u00f9 vicino alle tematiche femminili. Mi ha molto colpito, ad esempio, nell\u2019ultima edizione, la partecipazione come ospite di Gessica Notaro, la ragazza sfigurata con l\u2019acido dal suo ex fidanzato. Una donna forte con una forte voglia di vivere. Era gi\u00e0 arrivata in finale al concorso quale anno prima. Poi \u00e8 ritornata dopo la violenza subita. Da quella partecipazione ho capito molte pi\u00f9 cose rispetto a tanti servizi e dibattiti che avevo visto alla televisione o letto sui giornali. Anche questo \u00e8 Miss Italia. E anche per questo ho voluto scrivere due righe sul mio blog, dove ho l\u2019onore di pubblicare la lettera di Patrizia Mirigliani. E\u2019 la mia piccola e modesta mimosa dedicata alle donne nella loro giornata.<\/p>\n<p><strong>Festa della donna, l\u2019appello della patron di Miss Italia Patrizia Mirigliani al futuro Governo: &lt;&lt;Occorre ridare dignit\u00e0 alla bellezza&gt;&gt;<\/strong><\/p>\n<p>&lt;&lt;Il nuovo Governo e le autorit\u00e0 competenti abbiano il coraggio di difendere la bellezza, e di riconoscerne il valore e i suoi tanti volti, per dare finalmente inizio a una nuova pagina della nostra\u00a0storia, in controtendenza rispetto ai luoghi comuni e ai pregiudizi che negli ultimi anni hanno avuto la meglio su questa tematica&gt;&gt;. \u00c8 l\u2019appello che, in occasione dell\u20198 marzo, Festa della donna, Patrizia Mirigliani, patron di Miss Italia, rivolge a chi sar\u00e0 chiamato a guidare il nostro Paese e, idealmente, a tutta la Penisola.<\/p>\n<p>&lt;&lt;Ripartiamo da questa giornata dedicata alle donne e alle loro battaglie per l\u2019affermazione dei diritti, affinch\u00e9 si metta fine alla demonizzazione della bellezza. Basta \u2013 aggiunge l\u2019organizzatrice dello storico concorso \u2013 ghettizzare, anche solo psicologicamente, le italiane di aspetto gradevole.\u00a0L\u20198 marzo, per Miss Italia, deve dare il via ad una rinascita, a una presa di coraggio nel sentirsi tutti orgogliosi di celebrare la femminilit\u00e0 sotto ogni forma, compresa quella estetica\u201d.<\/p>\n<p>L\u2019appello e la riflessione arrivano dopo quasi 80 anni di storia della manifestazione dedicata alle donne, un appuntamento che fino ad oggi ha visto oltre un milione di italiane sfilare sulle sue passerelle. Tra queste, diverse di loro, entrando dalla porta principale del mondo del lavoro, e senza scorciatoie, sono diventate attrici, conduttrici televisive e giornaliste. Secondo la patron, la massiccia partecipazione, rimasta costante nella storia del concorso, &lt;&lt;\u00e8 la migliore risposta agli attacchi, all\u2019indifferenza e ai luoghi comuni sulla bellezza. Le nostre giovani donne &#8211; spiega la Mirigliani &#8211; non hanno paura di mostrare il loro aspetto esteriore,\u00a0non si sentono ridotte a un numero e a un bikini che sfilano, come spesso invece vengono etichettate da un certo tipo di critica&gt;&gt;.<\/p>\n<p>Personalit\u00e0 e talento sono invece i loro punti di forza: &lt;&lt;Sul nostro palcoscenico, oltre alla bellezza \u2013 afferma la Mirigliani &#8211; sono in primo piano, da sempre, le capacit\u00e0 artistiche, la determinazione, la volont\u00e0 delle ragazze di mettersi alla prova e di raccontare il loro mondo, la loro precariet\u00e0, il disagio vissuto da una giovane mamma sul posto di lavoro, i pericoli di abusi e violenze&gt;&gt;.<\/p>\n<p>L\u2019appello alle autorit\u00e0, quindi, \u00e8 un invito pressante ad abbandonare i pregiudizi e a riconoscere nei fatti questi aspetti fondamentali del concorso: &lt;&lt;Si torni a valorizzare, con la centralit\u00e0 dovuta, Miss Italia, la manifestazione che incarna i valori della tradizione da una parte, e che racconta le problematiche delle donne di oggi&gt;&gt;, aggiunge la patron, concludendo: &lt;&lt;Ci contraddistingue la trasparenza, il fatto di non essere mai stati macchiati da scandali e la capacit\u00e0 di dare alle ragazze buone opportunit\u00e0 di lavoro. Ed \u00e8 significativa la presenza delle miss come testimonial credibili dei cambiamenti della nostra societ\u00e0&gt;&gt;.<\/p>\n<p>&nbsp;<\/p>\n<p>&nbsp;<\/p>\n<p>&nbsp;<\/p>\n","protected":false},"excerpt":{"rendered":"<p>Non mi sono mai piaciute le critiche ai concorsi di bellezza. Mi sono sempre chiesto: che male c\u2019\u00e8? In giro si vedono tanti spettacoli di cattivo gusto, spesso volgari, e pure un tantino presuntuosetti. Per non parlare di alcune pubblicit\u00e0 che secondo me sviliscono la figura della donna.\u00a0 Invece qualche anno fa nel mirino fin\u00ec [&hellip;]<\/p>\n","protected":false},"author":2,"featured_media":601,"comment_status":"open","ping_status":"open","sticky":false,"template":"","format":"image","meta":{"advanced_seo_description":"","jetpack_seo_html_title":"","jetpack_seo_noindex":false,"jetpack_post_was_ever_published":false,"_jetpack_newsletter_access":"","jetpack_publicize_message":"","jetpack_is_tweetstorm":false,"jetpack_publicize_feature_enabled":true,"jetpack_social_post_already_shared":true,"jetpack_social_options":{"image_generator_settings":{"template":"highway","enabled":false}}},"categories":[37,104,20],"tags":[],"jetpack_publicize_connections":[],"jetpack_featured_media_url":"https:\/\/i0.wp.com\/antoniopascotto.it\/wp-content\/uploads\/2018\/03\/MIMOSE.jpg?fit=600%2C336&ssl=1","jetpack_sharing_enabled":true,"jetpack_shortlink":"https:\/\/wp.me\/p8swp8-9G","jetpack-related-posts":[{"id":380,"url":"https:\/\/antoniopascotto.it\/?p=380","url_meta":{"origin":600,"position":0},"title":"MISS ITALIA E I CRITICI TELEVISIVI. DIFFIDATE, GENTE, DIFFIDATE","author":"Antonio Pascotto","date":"Settembre 13, 2017","format":"gallery","excerpt":"Non mi fido dei critici. Non mi sono mai fidato. Quando leggo le recensioni di un film e sono negative \u00e8 quasi certo che quel film potrebbe piacermi. E forse potrei vederlo. Per non parlare dei critici televisivi. Lingue biforcute capaci di spargere veleno a destra e a manca senza\u2026","rel":"","context":"In &quot;Spettacolo&quot;","block_context":{"text":"Spettacolo","link":"https:\/\/antoniopascotto.it\/?cat=47"},"img":{"alt_text":"","src":"https:\/\/i0.wp.com\/antoniopascotto.it\/wp-content\/uploads\/2017\/09\/miss-italia-2.png?fit=1150%2C235&ssl=1&resize=350%2C200","width":350,"height":200},"classes":[]},{"id":455,"url":"https:\/\/antoniopascotto.it\/?p=455","url_meta":{"origin":600,"position":1},"title":"TORINO VUOL DIRE NAPOLI CHE VA IN MONTAGNA","author":"Antonio Pascotto","date":"Dicembre 19, 2017","format":"image","excerpt":"Torino non \u00e8 soltanto un\u2019illusione. Torino \u00e8 la citt\u00e0 che ti accoglie anche se arrivi da molto lontano. Mi \u00e8 sempre piaciuta, pure in epoca non sospetta, quando era considerata una citt\u00e0 grigia. Sar\u00e0 stata la presenza della Fiat. A me piaceva in particolare per questo, perch\u00e9 aveva dato a\u2026","rel":"","context":"In &quot;Citt\u00e0&quot;","block_context":{"text":"Citt\u00e0","link":"https:\/\/antoniopascotto.it\/?cat=127"},"img":{"alt_text":"","src":"https:\/\/i0.wp.com\/antoniopascotto.it\/wp-content\/uploads\/2017\/12\/IMG_3852.jpg?fit=1200%2C900&ssl=1&resize=350%2C200","width":350,"height":200},"classes":[]},{"id":621,"url":"https:\/\/antoniopascotto.it\/?p=621","url_meta":{"origin":600,"position":2},"title":"L\u2019ITALIA DI FABRIZIO","author":"Antonio Pascotto","date":"Marzo 26, 2018","format":false,"excerpt":"Quando scompare un personaggio noto se ne va anche un pezzetto della nostra vita. E\u2019 successo con artisti come Lucio Dalla, Pino Daniele e altri, che ci hanno accompagnato per tanto tempo con le loro splendide canzoni. Ancora oggi continuiamo ad ascoltare brani come Napul\u2019\u00e8 o Caro amico ti scrivo.\u2026","rel":"","context":"In &quot;Personaggi&quot;","block_context":{"text":"Personaggi","link":"https:\/\/antoniopascotto.it\/?cat=104"},"img":{"alt_text":"","src":"https:\/\/i0.wp.com\/antoniopascotto.it\/wp-content\/uploads\/2018\/03\/2018-03-26_231825.jpg?fit=747%2C431&ssl=1&resize=350%2C200","width":350,"height":200},"classes":[]},{"id":1732,"url":"https:\/\/antoniopascotto.it\/?p=1732","url_meta":{"origin":600,"position":3},"title":"&#8216;E&#8217; UN LIBRO PROFETICO&#8217;. IL SOCIOLOGO DE KERCKHOVE ALLA PRESENTAZIONE DI ROMANZO DIGITALE","author":"Antonio Pascotto","date":"Gennaio 24, 2026","format":"image","excerpt":"Una\u00a0hall\u00a0gremita per l\u2019esclusiva presentazione di \u201cRomanzo digitale\u201d: il nuovo libro del caporedattore di\u00a0Tgcom24, Antonio Pascotto. La presentazione \u2013 trasmessa in diretta sulla piattaforma digitale \u201cEurocomunicazione\u201d, diretta da Giovanni De Negri \u2013 \u00a0\u00a0si \u00e8 tenuta presso l\u2019incantevole cornice di \u201cPalazzo delle Esposizioni\u201d, a Roma. Tanti gli illustri ospiti presenti, numerosi i\u2026","rel":"","context":"In &quot;Digitale&quot;","block_context":{"text":"Digitale","link":"https:\/\/antoniopascotto.it\/?cat=21"},"img":{"alt_text":"","src":"https:\/\/i0.wp.com\/antoniopascotto.it\/wp-content\/uploads\/2023\/12\/2023-12-03_171321.png?fit=1158%2C454&ssl=1&resize=350%2C200","width":350,"height":200},"classes":[]},{"id":1625,"url":"https:\/\/antoniopascotto.it\/?p=1625","url_meta":{"origin":600,"position":4},"title":"AL DI L\u00c0 DELL\u2019UNIVERSO","author":"Antonio Pascotto","date":"Gennaio 21, 2026","format":"image","excerpt":"Abbiamo capito che metaverso o metaverse, in inglese, significa al di l\u00e0 dell\u2019universo. Ovvero, meta, al di l\u00e0 appunto, e verso, cio\u00e8 universe, quindi universo. E non ha sbagliato Mark Zuckerberg a chiamare il suo gruppo Meta. Perch\u00e9, a detta di molti, sar\u00e0 proprio il metaverso il nostro futuro. Fatto\u2026","rel":"","context":"In &quot;Digitale&quot;","block_context":{"text":"Digitale","link":"https:\/\/antoniopascotto.it\/?cat=21"},"img":{"alt_text":"","src":"https:\/\/i0.wp.com\/antoniopascotto.it\/wp-content\/uploads\/2023\/01\/2023-01-04_212030.png?fit=992%2C446&ssl=1&resize=350%2C200","width":350,"height":200},"classes":[]},{"id":493,"url":"https:\/\/antoniopascotto.it\/?p=493","url_meta":{"origin":600,"position":5},"title":"COME CONQUISTARE IL MONDO CON UNA BUATTA","author":"Antonio Pascotto","date":"Gennaio 20, 2018","format":"image","excerpt":"La passione per la musica l\u2019ho sempre avuta. A partire dai tempi della radio. Conducevo un programma mattutino. Non avevo l\u2019auto, e da casa mi muovevo con una borsa carica di dischi diretto verso la sede dell\u2019emittente, piuttosto lontana dalla mia abitazione. Ero animato dalla voglia di comunicare e di\u2026","rel":"","context":"In &quot;Libri&quot;","block_context":{"text":"Libri","link":"https:\/\/antoniopascotto.it\/?cat=6"},"img":{"alt_text":"","src":"https:\/\/i0.wp.com\/antoniopascotto.it\/wp-content\/uploads\/2018\/01\/Tony_Cercola.jpg?fit=530%2C421&ssl=1&resize=350%2C200","width":350,"height":200},"classes":[]}],"_links":{"self":[{"href":"https:\/\/antoniopascotto.it\/index.php?rest_route=\/wp\/v2\/posts\/600"}],"collection":[{"href":"https:\/\/antoniopascotto.it\/index.php?rest_route=\/wp\/v2\/posts"}],"about":[{"href":"https:\/\/antoniopascotto.it\/index.php?rest_route=\/wp\/v2\/types\/post"}],"author":[{"embeddable":true,"href":"https:\/\/antoniopascotto.it\/index.php?rest_route=\/wp\/v2\/users\/2"}],"replies":[{"embeddable":true,"href":"https:\/\/antoniopascotto.it\/index.php?rest_route=%2Fwp%2Fv2%2Fcomments&post=600"}],"version-history":[{"count":1,"href":"https:\/\/antoniopascotto.it\/index.php?rest_route=\/wp\/v2\/posts\/600\/revisions"}],"predecessor-version":[{"id":602,"href":"https:\/\/antoniopascotto.it\/index.php?rest_route=\/wp\/v2\/posts\/600\/revisions\/602"}],"wp:featuredmedia":[{"embeddable":true,"href":"https:\/\/antoniopascotto.it\/index.php?rest_route=\/wp\/v2\/media\/601"}],"wp:attachment":[{"href":"https:\/\/antoniopascotto.it\/index.php?rest_route=%2Fwp%2Fv2%2Fmedia&parent=600"}],"wp:term":[{"taxonomy":"category","embeddable":true,"href":"https:\/\/antoniopascotto.it\/index.php?rest_route=%2Fwp%2Fv2%2Fcategories&post=600"},{"taxonomy":"post_tag","embeddable":true,"href":"https:\/\/antoniopascotto.it\/index.php?rest_route=%2Fwp%2Fv2%2Ftags&post=600"}],"curies":[{"name":"wp","href":"https:\/\/api.w.org\/{rel}","templated":true}]}}