{"id":596,"date":"2018-03-06T17:02:57","date_gmt":"2018-03-06T17:02:57","guid":{"rendered":"http:\/\/antoniopascotto.it\/?p=596"},"modified":"2018-03-28T16:42:49","modified_gmt":"2018-03-28T16:42:49","slug":"limportanza-di-chiamarsi-lucio","status":"publish","type":"post","link":"https:\/\/antoniopascotto.it\/?p=596","title":{"rendered":"L&#8217;IMPORTANZA DI CHIAMARSI LUCIO"},"content":{"rendered":"<p>Il voto, la politica, i partiti, le difficolt\u00e0 per formare una maggioranza. In questi giorni di grande fibrillazione abbiamo messo da parte emozioni e riflessioni. Ma non lo abbiamo fatto apposta. Ci siamo distratti, ed \u00e8 comprensibile. Per fortuna c\u2019\u00e8 sempre tempo per voltarsi indietro e ripescare dal cassetto dei ricordi i nomi di due personaggi che ci hanno accompagnato per un bel pezzo di strada con le loro canzoni. Il 4 marzo nasceva Lucio Dalla, il 5 marzo Lucio Battisti. L\u2019importanza di chiamarsi Lucio. Avrebbero compiuto entrambi 75 anni. Ci hanno lasciato presto. Lucio Battisti troppo presto. Ma ci hanno lasciato anche una grande eredit\u00e0,\u00a0senza nessun riferimento\u00a0alle polemiche legali\u00a0delle loro famiglie. L&#8217;eredit\u00e0 che hanno lasciato a tutti noi \u00e8 quella della loro splendida musica, colonna sonora della nostra vita.<\/p>\n","protected":false},"excerpt":{"rendered":"<p>Il voto, la politica, i partiti, le difficolt\u00e0 per formare una maggioranza. In questi giorni di grande fibrillazione abbiamo messo da parte emozioni e riflessioni. Ma non lo abbiamo fatto apposta. Ci siamo distratti, ed \u00e8 comprensibile. Per fortuna c\u2019\u00e8 sempre tempo per voltarsi indietro e ripescare dal cassetto dei ricordi i nomi di due [&hellip;]<\/p>\n","protected":false},"author":2,"featured_media":597,"comment_status":"open","ping_status":"open","sticky":false,"template":"","format":"image","meta":{"advanced_seo_description":"","jetpack_seo_html_title":"","jetpack_seo_noindex":false,"jetpack_post_was_ever_published":false,"_jetpack_newsletter_access":"","jetpack_publicize_message":"","jetpack_is_tweetstorm":false,"jetpack_publicize_feature_enabled":true,"jetpack_social_post_already_shared":true,"jetpack_social_options":{"image_generator_settings":{"template":"highway","enabled":false}}},"categories":[46],"tags":[188,189],"jetpack_publicize_connections":[],"jetpack_featured_media_url":"https:\/\/i0.wp.com\/antoniopascotto.it\/wp-content\/uploads\/2018\/03\/dalla-e-battisti.jpg?fit=768%2C384&ssl=1","jetpack_sharing_enabled":true,"jetpack_shortlink":"https:\/\/wp.me\/p8swp8-9C","jetpack-related-posts":[{"id":646,"url":"https:\/\/antoniopascotto.it\/?p=646","url_meta":{"origin":596,"position":0},"title":"CARO AMICO TI SCRIVO","author":"Antonio Pascotto","date":"Aprile 25, 2018","format":"image","excerpt":"Emozionato, davanti alla televisione,\u00a0guardando uno speciale davvero unico, dedicato a Lucio Dalla. Ho ripercorso, grazie a Giorgio Verdelli e agli autori del programma, momenti incredibili con musiche e canzoni che sono diventate anche colonna sonora di una parte della nostra vita. A cominciare da quella 4 marzo 1943, presentata da\u2026","rel":"","context":"In &quot;Musica&quot;","block_context":{"text":"Musica","link":"https:\/\/antoniopascotto.it\/?cat=46"},"img":{"alt_text":"","src":"https:\/\/i0.wp.com\/antoniopascotto.it\/wp-content\/uploads\/2018\/04\/dalla-1.jpg?fit=805%2C350&ssl=1&resize=350%2C200","width":350,"height":200},"classes":[]},{"id":621,"url":"https:\/\/antoniopascotto.it\/?p=621","url_meta":{"origin":596,"position":1},"title":"L\u2019ITALIA DI FABRIZIO","author":"Antonio Pascotto","date":"Marzo 26, 2018","format":false,"excerpt":"Quando scompare un personaggio noto se ne va anche un pezzetto della nostra vita. E\u2019 successo con artisti come Lucio Dalla, Pino Daniele e altri, che ci hanno accompagnato per tanto tempo con le loro splendide canzoni. Ancora oggi continuiamo ad ascoltare brani come Napul\u2019\u00e8 o Caro amico ti scrivo.\u2026","rel":"","context":"In &quot;Personaggi&quot;","block_context":{"text":"Personaggi","link":"https:\/\/antoniopascotto.it\/?cat=104"},"img":{"alt_text":"","src":"https:\/\/i0.wp.com\/antoniopascotto.it\/wp-content\/uploads\/2018\/03\/2018-03-26_231825.jpg?fit=747%2C431&ssl=1&resize=350%2C200","width":350,"height":200},"classes":[]},{"id":659,"url":"https:\/\/antoniopascotto.it\/?p=659","url_meta":{"origin":596,"position":2},"title":"COSA RESTA DI QUEGLI ANNI NOVANTA","author":"Antonio Pascotto","date":"Maggio 8, 2018","format":"image","excerpt":"Devono passare circa trent\u2019anni prima di celebrare un decennio. E\u2019 gi\u00e0 successo con gli Anni Sessanta, poi con gli Anni Settanta e gli Anni Ottanta. Ora, con un certo anticipo, \u00e8 la volta degli Anni Novanta. Articoli di giornale e libri si moltiplicano. E di cose da dire e da\u2026","rel":"","context":"In &quot;Avvenimenti&quot;","block_context":{"text":"Avvenimenti","link":"https:\/\/antoniopascotto.it\/?cat=211"},"img":{"alt_text":"","src":"https:\/\/i0.wp.com\/antoniopascotto.it\/wp-content\/uploads\/2018\/05\/2018-05-08_090447.jpg?fit=877%2C394&ssl=1&resize=350%2C200","width":350,"height":200},"classes":[]},{"id":730,"url":"https:\/\/antoniopascotto.it\/?p=730","url_meta":{"origin":596,"position":3},"title":"LE ETA&#8217; DEL PARADISO","author":"Antonio Pascotto","date":"Giugno 29, 2018","format":"image","excerpt":"Mi sono sempre chiesto che et\u00e0 hanno le persone in paradiso. Cio\u00e9, se uno muore a 90 anni, in paradiso avr\u00e0 90 anni? Oppure, se muore prima, in paradiso sar\u00e0 pi\u00f9 giovane? Quindi sar\u00e0 ricompensato rispetto al minor tempo trascorso\u00a0durante la vita terrena? Un'idea di paradiso, in qualche modo, me\u2026","rel":"","context":"In &quot;Riflessioni&quot;","block_context":{"text":"Riflessioni","link":"https:\/\/antoniopascotto.it\/?cat=231"},"img":{"alt_text":"","src":"https:\/\/i0.wp.com\/antoniopascotto.it\/wp-content\/uploads\/2018\/06\/il-paradiso-allimprovviso-200x240cm-101689.jpg?fit=600%2C315&ssl=1&resize=350%2C200","width":350,"height":200},"classes":[]},{"id":655,"url":"https:\/\/antoniopascotto.it\/?p=655","url_meta":{"origin":596,"position":4},"title":"LA LOCOMOTIVA","author":"Antonio Pascotto","date":"Maggio 1, 2018","format":"image","excerpt":"INTRODUZIONE AL LIBRO \"LA LOCOMOTIVA\". LA CANZONE D'AUTORE ITALIANA. DA FRANCESCO GUCCINI A ENRICO RUGGERI E ZUCCHERO. VENT'ANNI\u00a0 DI POESIA E RIBELLIONE. Ho molte cose in comune con D\u2019Errico. A partire dal nome, certo, ma anche dalle passioni, in primo luogo la musica. Come sua mamma, anche la mia cantava\u2026","rel":"","context":"In &quot;Libri&quot;","block_context":{"text":"Libri","link":"https:\/\/antoniopascotto.it\/?cat=6"},"img":{"alt_text":"","src":"https:\/\/i0.wp.com\/antoniopascotto.it\/wp-content\/uploads\/2018\/05\/2018-05-01_204734.jpg?fit=583%2C313&ssl=1&resize=350%2C200","width":350,"height":200},"classes":[]},{"id":1441,"url":"https:\/\/antoniopascotto.it\/?p=1441","url_meta":{"origin":596,"position":5},"title":"LA RIVINCITA DEL VINILE","author":"Antonio Pascotto","date":"Aprile 24, 2021","format":"image","excerpt":"Ho letto che in questi primi mesi del 2021 il vinile ha sorpassato il cd. Cio\u00e9, si sono venduti di pi\u00f9 i dischi tradizionali rispetto ai compact disc, i dischi ottici utilizzati per la memorizzazione di informazioni in formato digitale. E' una specie di ritorno al futuro. Della serie: corsi\u2026","rel":"","context":"In &quot;Canzoni&quot;","block_context":{"text":"Canzoni","link":"https:\/\/antoniopascotto.it\/?cat=196"},"img":{"alt_text":"","src":"https:\/\/i0.wp.com\/antoniopascotto.it\/wp-content\/uploads\/2021\/04\/2021-04-25_013537.png?fit=921%2C440&ssl=1&resize=350%2C200","width":350,"height":200},"classes":[]}],"_links":{"self":[{"href":"https:\/\/antoniopascotto.it\/index.php?rest_route=\/wp\/v2\/posts\/596"}],"collection":[{"href":"https:\/\/antoniopascotto.it\/index.php?rest_route=\/wp\/v2\/posts"}],"about":[{"href":"https:\/\/antoniopascotto.it\/index.php?rest_route=\/wp\/v2\/types\/post"}],"author":[{"embeddable":true,"href":"https:\/\/antoniopascotto.it\/index.php?rest_route=\/wp\/v2\/users\/2"}],"replies":[{"embeddable":true,"href":"https:\/\/antoniopascotto.it\/index.php?rest_route=%2Fwp%2Fv2%2Fcomments&post=596"}],"version-history":[{"count":2,"href":"https:\/\/antoniopascotto.it\/index.php?rest_route=\/wp\/v2\/posts\/596\/revisions"}],"predecessor-version":[{"id":599,"href":"https:\/\/antoniopascotto.it\/index.php?rest_route=\/wp\/v2\/posts\/596\/revisions\/599"}],"wp:featuredmedia":[{"embeddable":true,"href":"https:\/\/antoniopascotto.it\/index.php?rest_route=\/wp\/v2\/media\/597"}],"wp:attachment":[{"href":"https:\/\/antoniopascotto.it\/index.php?rest_route=%2Fwp%2Fv2%2Fmedia&parent=596"}],"wp:term":[{"taxonomy":"category","embeddable":true,"href":"https:\/\/antoniopascotto.it\/index.php?rest_route=%2Fwp%2Fv2%2Fcategories&post=596"},{"taxonomy":"post_tag","embeddable":true,"href":"https:\/\/antoniopascotto.it\/index.php?rest_route=%2Fwp%2Fv2%2Ftags&post=596"}],"curies":[{"name":"wp","href":"https:\/\/api.w.org\/{rel}","templated":true}]}}