{"id":592,"date":"2018-03-05T08:07:45","date_gmt":"2018-03-05T08:07:45","guid":{"rendered":"http:\/\/antoniopascotto.it\/?p=592"},"modified":"2018-03-20T15:33:23","modified_gmt":"2018-03-20T15:33:23","slug":"elezioni-e-cinema-una-notte-da-oscar-tra-veglia-e-sonno","status":"publish","type":"post","link":"https:\/\/antoniopascotto.it\/?p=592","title":{"rendered":"ELEZIONI E CINEMA. UNA NOTTE DA OSCAR TRA VEGLIA E SONNO"},"content":{"rendered":"<p>Una notte da Oscar tra veglia e sonno. Cerco di concentrarmi ma non \u00e8 una cosa semplice. Vedo Di Maio ripreso da un telefonino davanti a uno schermo che al momento della seconda proiezione esulta come un tifoso allo stadio. E siamo ancora alla seconda proiezione. Su un altro fronte, a migliaia e migliaia di chilometri, esulta per la proiezione del film pi\u00f9 votato di tutti Guillermo del Toro. E\u2019 suo l\u2019Oscar per lo splendido \u2018La forma dell\u2019acqua\u2019. Ma quale sar\u00e0 la forma del prossimo governo? Faccio zapping con le palpebre che mi tradiscono sovente. A un certo punto intravedo Brunetta. Dice che hanno vinto. Mi riaddormento, poi mi risveglio e vedo Di Battista che dice: \u2019Ora tutti dovranno trattare con il M5S\u2019. Mi chiedo: \u2018perch\u00e9 parla lui, che non si \u00e8 neppure candidato?\u2019. E comunque, chi avr\u00e0 ragione? La parola d\u2019ordine \u00e8 \u2018cautela\u2019. Non ne hanno gli attori che salgono sul palco dove si consegnano gli Oscar. Si parla di molestie, di Weinstein, di diversit\u00e0 e uguaglianza, di Russiagate. La giovane regista del corto Silent Child ringrazia nella lingua dei segni. Speriamo che lo facciano anche i politici nel commentare i risultati. Sono passate le sette e dovrei dormire. Me lo ripeto di continuo: sono le sette, sono le sette, basta, basta. Su La7 c\u2019\u00e8 ancora Mentana. Basta, basta\u2026<\/p>\n","protected":false},"excerpt":{"rendered":"<p>Una notte da Oscar tra veglia e sonno. Cerco di concentrarmi ma non \u00e8 una cosa semplice. Vedo Di Maio ripreso da un telefonino davanti a uno schermo che al momento della seconda proiezione esulta come un tifoso allo stadio. E siamo ancora alla seconda proiezione. Su un altro fronte, a migliaia e migliaia di [&hellip;]<\/p>\n","protected":false},"author":2,"featured_media":593,"comment_status":"open","ping_status":"open","sticky":false,"template":"","format":"image","meta":{"advanced_seo_description":"","jetpack_seo_html_title":"","jetpack_seo_noindex":false,"jetpack_post_was_ever_published":false,"_jetpack_newsletter_access":"","jetpack_publicize_message":"","jetpack_is_tweetstorm":false,"jetpack_publicize_feature_enabled":true,"jetpack_social_post_already_shared":true,"jetpack_social_options":{"image_generator_settings":{"template":"highway","enabled":false}}},"categories":[105,4],"tags":[185,186,187],"jetpack_publicize_connections":[],"jetpack_featured_media_url":"https:\/\/i0.wp.com\/antoniopascotto.it\/wp-content\/uploads\/2018\/03\/2018-03-05_090650.jpg?fit=714%2C405&ssl=1","jetpack_sharing_enabled":true,"jetpack_shortlink":"https:\/\/wp.me\/p8swp8-9y","jetpack-related-posts":[{"id":1363,"url":"https:\/\/antoniopascotto.it\/?p=1363","url_meta":{"origin":592,"position":0},"title":"MOMENTI TRASCURABILI. L&#8217;ALTRA RECENSIONE","author":"Antonio Pascotto","date":"Settembre 22, 2020","format":"image","excerpt":"Ho appena finito di leggere l'ultimo libro di Francesco Piccolo, Momenti trascurabili. Un volumetto come sempre nello stile dell'autore, godibile, piacevole, scorrevole. Gli aggettivi si sprecano per un personaggio che ha al suo attivo numerosi scritti, tra cui un Premio Strega, ed \u00e8 sceneggiatore di successo. Ha firmato vari film\u2026","rel":"","context":"In &quot;Libri&quot;","block_context":{"text":"Libri","link":"https:\/\/antoniopascotto.it\/?cat=6"},"img":{"alt_text":"","src":"https:\/\/i0.wp.com\/antoniopascotto.it\/wp-content\/uploads\/2020\/09\/2020-09-22_143639.png?fit=632%2C355&ssl=1&resize=350%2C200","width":350,"height":200},"classes":[]},{"id":1463,"url":"https:\/\/antoniopascotto.it\/?p=1463","url_meta":{"origin":592,"position":1},"title":"QUEI GIORNI A NEW YORK, LA CITTA&#8217; DEGLI EROI","author":"Antonio Pascotto","date":"Settembre 10, 2021","format":"image","excerpt":"Fui catapultato\u00a0a New York\u00a0nei giorni immediatamente successivi all'attacco alle Torri Gemelle. L'attesa di 16 ore nell'aeroporto di Fiumicino, poi finalmente il volo Alitalia che ci port\u00f2 nella citt\u00e0 martoriata, da sempre al centro del mondo, ma in quel momento ancora di pi\u00f9. Ci sentivamo tutti cittadini della Grande Mela. Arrivai\u2026","rel":"","context":"In &quot;Celebrazioni&quot;","block_context":{"text":"Celebrazioni","link":"https:\/\/antoniopascotto.it\/?cat=213"},"img":{"alt_text":"","src":"https:\/\/i0.wp.com\/antoniopascotto.it\/wp-content\/uploads\/2021\/09\/20729571_10214025851469130_743593202763141375_n.jpg?fit=460%2C345&ssl=1&resize=350%2C200","width":350,"height":200},"classes":[]},{"id":859,"url":"https:\/\/antoniopascotto.it\/?p=859","url_meta":{"origin":592,"position":2},"title":"POSTMODERNITA&#8217;","author":"Antonio Pascotto","date":"Marzo 18, 2019","format":"image","excerpt":"Siamo postmoderni, cio\u00e8 facciamo parte di un\u2019era che si basa sulla mercificazione del tempo e delle nostre esperienze. Siamo impegnati a regolare il tempo che consumiamo sui nostri device per partecipare alla rappresentazione digitale che ci vede impegnati direttamente come attori in un mondo che fabbrica emozioni e dove noi\u2026","rel":"","context":"In &quot;Attualit\u00e0&quot;","block_context":{"text":"Attualit\u00e0","link":"https:\/\/antoniopascotto.it\/?cat=37"},"img":{"alt_text":"","src":"https:\/\/i0.wp.com\/antoniopascotto.it\/wp-content\/uploads\/2019\/03\/2019-03-18_190950.jpg?fit=770%2C425&ssl=1&resize=350%2C200","width":350,"height":200},"classes":[]},{"id":395,"url":"https:\/\/antoniopascotto.it\/?p=395","url_meta":{"origin":592,"position":3},"title":"LE ROVINE E L\u2019OMBRA. IL NUOVO LIBRO DI FABRIZIO FALCONI","author":"Antonio Pascotto","date":"Settembre 19, 2017","format":"gallery","excerpt":"Quando, alcuni mesi or sono, il mio collega e amico fraterno Fabrizio Falconi mi annunci\u00f2 il titolo del suo ultimo libro, Le rovine e l\u2019ombra, immediatamente il mio pensiero torn\u00f2 a un periodo nefasto per la mia provincia, l\u2019Irpinia, devastata dal terribile sisma del 23 novembre 1980. Nei miei occhi\u2026","rel":"","context":"In &quot;Cultura&quot;","block_context":{"text":"Cultura","link":"https:\/\/antoniopascotto.it\/?cat=72"},"img":{"alt_text":"","src":"https:\/\/i0.wp.com\/antoniopascotto.it\/wp-content\/uploads\/2017\/09\/81kheoBSUYL.jpg?fit=846%2C1200&ssl=1&resize=350%2C200","width":350,"height":200},"classes":[]},{"id":1374,"url":"https:\/\/antoniopascotto.it\/?p=1374","url_meta":{"origin":592,"position":4},"title":"I PENTITI DEL WEB","author":"Antonio Pascotto","date":"Ottobre 22, 2020","format":"image","excerpt":"Prima il loro impegno per la costruzione del mondo digitale in cui stiamo vivendo, poi il rimorso per il risultato del lavoro svolto sino ad oggi. Li chiamano i pentiti del Web, quelli che nella Silicon Valley si sono dati da fare per promuovere lo sviluppo tecnologico legato ai social\u2026","rel":"","context":"In &quot;Digitale&quot;","block_context":{"text":"Digitale","link":"https:\/\/antoniopascotto.it\/?cat=21"},"img":{"alt_text":"","src":"https:\/\/i0.wp.com\/antoniopascotto.it\/wp-content\/uploads\/2020\/10\/2020-10-22_102227.jpg?fit=935%2C407&ssl=1&resize=350%2C200","width":350,"height":200},"classes":[]},{"id":493,"url":"https:\/\/antoniopascotto.it\/?p=493","url_meta":{"origin":592,"position":5},"title":"COME CONQUISTARE IL MONDO CON UNA BUATTA","author":"Antonio Pascotto","date":"Gennaio 20, 2018","format":"image","excerpt":"La passione per la musica l\u2019ho sempre avuta. A partire dai tempi della radio. Conducevo un programma mattutino. Non avevo l\u2019auto, e da casa mi muovevo con una borsa carica di dischi diretto verso la sede dell\u2019emittente, piuttosto lontana dalla mia abitazione. Ero animato dalla voglia di comunicare e di\u2026","rel":"","context":"In &quot;Libri&quot;","block_context":{"text":"Libri","link":"https:\/\/antoniopascotto.it\/?cat=6"},"img":{"alt_text":"","src":"https:\/\/i0.wp.com\/antoniopascotto.it\/wp-content\/uploads\/2018\/01\/Tony_Cercola.jpg?fit=530%2C421&ssl=1&resize=350%2C200","width":350,"height":200},"classes":[]}],"_links":{"self":[{"href":"https:\/\/antoniopascotto.it\/index.php?rest_route=\/wp\/v2\/posts\/592"}],"collection":[{"href":"https:\/\/antoniopascotto.it\/index.php?rest_route=\/wp\/v2\/posts"}],"about":[{"href":"https:\/\/antoniopascotto.it\/index.php?rest_route=\/wp\/v2\/types\/post"}],"author":[{"embeddable":true,"href":"https:\/\/antoniopascotto.it\/index.php?rest_route=\/wp\/v2\/users\/2"}],"replies":[{"embeddable":true,"href":"https:\/\/antoniopascotto.it\/index.php?rest_route=%2Fwp%2Fv2%2Fcomments&post=592"}],"version-history":[{"count":2,"href":"https:\/\/antoniopascotto.it\/index.php?rest_route=\/wp\/v2\/posts\/592\/revisions"}],"predecessor-version":[{"id":595,"href":"https:\/\/antoniopascotto.it\/index.php?rest_route=\/wp\/v2\/posts\/592\/revisions\/595"}],"wp:featuredmedia":[{"embeddable":true,"href":"https:\/\/antoniopascotto.it\/index.php?rest_route=\/wp\/v2\/media\/593"}],"wp:attachment":[{"href":"https:\/\/antoniopascotto.it\/index.php?rest_route=%2Fwp%2Fv2%2Fmedia&parent=592"}],"wp:term":[{"taxonomy":"category","embeddable":true,"href":"https:\/\/antoniopascotto.it\/index.php?rest_route=%2Fwp%2Fv2%2Fcategories&post=592"},{"taxonomy":"post_tag","embeddable":true,"href":"https:\/\/antoniopascotto.it\/index.php?rest_route=%2Fwp%2Fv2%2Ftags&post=592"}],"curies":[{"name":"wp","href":"https:\/\/api.w.org\/{rel}","templated":true}]}}