{"id":571,"date":"2018-02-28T07:04:01","date_gmt":"2018-02-28T07:04:01","guid":{"rendered":"http:\/\/antoniopascotto.it\/?p=571"},"modified":"2018-03-28T16:43:12","modified_gmt":"2018-03-28T16:43:12","slug":"otello-ulisse-via-col-vento-e-facebook","status":"publish","type":"post","link":"https:\/\/antoniopascotto.it\/?p=571","title":{"rendered":"OTELLO, ULISSE, VIA COL VENTO E FACEBOOK"},"content":{"rendered":"<p><img data-attachment-id=\"573\" data-permalink=\"https:\/\/antoniopascotto.it\/?attachment_id=573\" data-orig-file=\"https:\/\/i0.wp.com\/antoniopascotto.it\/wp-content\/uploads\/2018\/02\/otello.jpg?fit=1400%2C790&amp;ssl=1\" data-orig-size=\"1400,790\" data-comments-opened=\"1\" data-image-meta=\"{&quot;aperture&quot;:&quot;0&quot;,&quot;credit&quot;:&quot;&quot;,&quot;camera&quot;:&quot;&quot;,&quot;caption&quot;:&quot;&quot;,&quot;created_timestamp&quot;:&quot;0&quot;,&quot;copyright&quot;:&quot;&quot;,&quot;focal_length&quot;:&quot;0&quot;,&quot;iso&quot;:&quot;0&quot;,&quot;shutter_speed&quot;:&quot;0&quot;,&quot;title&quot;:&quot;&quot;,&quot;orientation&quot;:&quot;0&quot;}\" data-image-title=\"otello\" data-image-description=\"\" data-image-caption=\"\" data-medium-file=\"https:\/\/i0.wp.com\/antoniopascotto.it\/wp-content\/uploads\/2018\/02\/otello.jpg?fit=300%2C169&amp;ssl=1\" data-large-file=\"https:\/\/i0.wp.com\/antoniopascotto.it\/wp-content\/uploads\/2018\/02\/otello.jpg?fit=1024%2C578&amp;ssl=1\" decoding=\"async\" loading=\"lazy\" class=\"alignleft size-medium wp-image-573\" src=\"https:\/\/i0.wp.com\/antoniopascotto.it\/wp-content\/uploads\/2018\/02\/otello.jpg?resize=300%2C169\" alt=\"\" width=\"300\" height=\"169\" srcset=\"https:\/\/i0.wp.com\/antoniopascotto.it\/wp-content\/uploads\/2018\/02\/otello.jpg?resize=300%2C169&amp;ssl=1 300w, https:\/\/i0.wp.com\/antoniopascotto.it\/wp-content\/uploads\/2018\/02\/otello.jpg?resize=768%2C433&amp;ssl=1 768w, https:\/\/i0.wp.com\/antoniopascotto.it\/wp-content\/uploads\/2018\/02\/otello.jpg?resize=1024%2C578&amp;ssl=1 1024w, https:\/\/i0.wp.com\/antoniopascotto.it\/wp-content\/uploads\/2018\/02\/otello.jpg?w=1400&amp;ssl=1 1400w\" sizes=\"(max-width: 300px) 100vw, 300px\" data-recalc-dims=\"1\" \/>Ho letto un articolo delizioso pubblicato dal settimanale Sette del Corriere: <em>Via col vento su Facebook durerebbe un\u2019ora.<\/em> L\u2019autrice \u00e8 una giovane di 25 anni, Alice Crotti. Si chiede da dove prenderanno ispirazione gli autori del futuro: \u2018Ve l\u2019immaginate Otello? \u2013 scrive la promettente giornalista &#8211; A Iago non servirebbero tutte le peripezie del caso per incastrare Cassio, al pi\u00f9 gli basterebbe istigare il Moro mostrandogli qualche like sospetto su Instagram\u2019.<\/p>\n<p><img data-attachment-id=\"574\" data-permalink=\"https:\/\/antoniopascotto.it\/?attachment_id=574\" data-orig-file=\"https:\/\/i0.wp.com\/antoniopascotto.it\/wp-content\/uploads\/2018\/02\/promessi-sposi.jpg?fit=680%2C367&amp;ssl=1\" data-orig-size=\"680,367\" data-comments-opened=\"1\" data-image-meta=\"{&quot;aperture&quot;:&quot;0&quot;,&quot;credit&quot;:&quot;&quot;,&quot;camera&quot;:&quot;&quot;,&quot;caption&quot;:&quot;&quot;,&quot;created_timestamp&quot;:&quot;0&quot;,&quot;copyright&quot;:&quot;&quot;,&quot;focal_length&quot;:&quot;0&quot;,&quot;iso&quot;:&quot;0&quot;,&quot;shutter_speed&quot;:&quot;0&quot;,&quot;title&quot;:&quot;&quot;,&quot;orientation&quot;:&quot;0&quot;}\" data-image-title=\"promessi sposi\" data-image-description=\"\" data-image-caption=\"\" data-medium-file=\"https:\/\/i0.wp.com\/antoniopascotto.it\/wp-content\/uploads\/2018\/02\/promessi-sposi.jpg?fit=300%2C162&amp;ssl=1\" data-large-file=\"https:\/\/i0.wp.com\/antoniopascotto.it\/wp-content\/uploads\/2018\/02\/promessi-sposi.jpg?fit=680%2C367&amp;ssl=1\" decoding=\"async\" loading=\"lazy\" class=\"alignleft size-medium wp-image-574\" src=\"https:\/\/i0.wp.com\/antoniopascotto.it\/wp-content\/uploads\/2018\/02\/promessi-sposi.jpg?resize=300%2C162\" alt=\"\" width=\"300\" height=\"162\" srcset=\"https:\/\/i0.wp.com\/antoniopascotto.it\/wp-content\/uploads\/2018\/02\/promessi-sposi.jpg?resize=300%2C162&amp;ssl=1 300w, https:\/\/i0.wp.com\/antoniopascotto.it\/wp-content\/uploads\/2018\/02\/promessi-sposi.jpg?w=680&amp;ssl=1 680w\" sizes=\"(max-width: 300px) 100vw, 300px\" data-recalc-dims=\"1\" \/>Sui Promessi Sposi: \u2018Se Manzoni dovesse ispirarsi al secolo odierno, probabilmente leggeremmo di un 612-bis a Don Rodrigo, un\u2019ospitata televisiva a Lucia e, nel caso ci fossero problemi di peste, un bel vaccino e tutti a casa\u2019.<\/p>\n<p>&nbsp;<\/p>\n<p><img data-attachment-id=\"575\" data-permalink=\"https:\/\/antoniopascotto.it\/?attachment_id=575\" data-orig-file=\"https:\/\/i0.wp.com\/antoniopascotto.it\/wp-content\/uploads\/2018\/02\/via-col-vento-2.jpg?fit=466%2C334&amp;ssl=1\" data-orig-size=\"466,334\" data-comments-opened=\"1\" data-image-meta=\"{&quot;aperture&quot;:&quot;0&quot;,&quot;credit&quot;:&quot;&quot;,&quot;camera&quot;:&quot;&quot;,&quot;caption&quot;:&quot;&quot;,&quot;created_timestamp&quot;:&quot;0&quot;,&quot;copyright&quot;:&quot;&quot;,&quot;focal_length&quot;:&quot;0&quot;,&quot;iso&quot;:&quot;0&quot;,&quot;shutter_speed&quot;:&quot;0&quot;,&quot;title&quot;:&quot;&quot;,&quot;orientation&quot;:&quot;0&quot;}\" data-image-title=\"via col vento 2\" data-image-description=\"\" data-image-caption=\"\" data-medium-file=\"https:\/\/i0.wp.com\/antoniopascotto.it\/wp-content\/uploads\/2018\/02\/via-col-vento-2.jpg?fit=300%2C215&amp;ssl=1\" data-large-file=\"https:\/\/i0.wp.com\/antoniopascotto.it\/wp-content\/uploads\/2018\/02\/via-col-vento-2.jpg?fit=466%2C334&amp;ssl=1\" decoding=\"async\" loading=\"lazy\" class=\"alignleft size-medium wp-image-575\" src=\"https:\/\/i0.wp.com\/antoniopascotto.it\/wp-content\/uploads\/2018\/02\/via-col-vento-2.jpg?resize=300%2C215\" alt=\"\" width=\"300\" height=\"215\" srcset=\"https:\/\/i0.wp.com\/antoniopascotto.it\/wp-content\/uploads\/2018\/02\/via-col-vento-2.jpg?resize=300%2C215&amp;ssl=1 300w, https:\/\/i0.wp.com\/antoniopascotto.it\/wp-content\/uploads\/2018\/02\/via-col-vento-2.jpg?w=466&amp;ssl=1 466w\" sizes=\"(max-width: 300px) 100vw, 300px\" data-recalc-dims=\"1\" \/>Poi la divertente riflessione su Via col vento: \u2018Rossella O\u2019Hara, dopo una serie di visualizzato senza risposta da parte di Ashley, cederebbe alle lusinghe di Rhett Butler: Lui, sentendosi preso in giro, scriverebbe un bel francamente me ne infischio su Facebook e la bloccherebbe su tutti i social\u2019.<\/p>\n<p><img data-attachment-id=\"576\" data-permalink=\"https:\/\/antoniopascotto.it\/?attachment_id=576\" data-orig-file=\"https:\/\/i0.wp.com\/antoniopascotto.it\/wp-content\/uploads\/2018\/02\/ulisse-e-penelope.jpg?fit=440%2C240&amp;ssl=1\" data-orig-size=\"440,240\" data-comments-opened=\"1\" data-image-meta=\"{&quot;aperture&quot;:&quot;0&quot;,&quot;credit&quot;:&quot;&quot;,&quot;camera&quot;:&quot;&quot;,&quot;caption&quot;:&quot;&quot;,&quot;created_timestamp&quot;:&quot;0&quot;,&quot;copyright&quot;:&quot;&quot;,&quot;focal_length&quot;:&quot;0&quot;,&quot;iso&quot;:&quot;0&quot;,&quot;shutter_speed&quot;:&quot;0&quot;,&quot;title&quot;:&quot;&quot;,&quot;orientation&quot;:&quot;0&quot;}\" data-image-title=\"ulisse e penelope\" data-image-description=\"\" data-image-caption=\"\" data-medium-file=\"https:\/\/i0.wp.com\/antoniopascotto.it\/wp-content\/uploads\/2018\/02\/ulisse-e-penelope.jpg?fit=300%2C164&amp;ssl=1\" data-large-file=\"https:\/\/i0.wp.com\/antoniopascotto.it\/wp-content\/uploads\/2018\/02\/ulisse-e-penelope.jpg?fit=440%2C240&amp;ssl=1\" decoding=\"async\" loading=\"lazy\" class=\"alignleft size-medium wp-image-576\" src=\"https:\/\/i0.wp.com\/antoniopascotto.it\/wp-content\/uploads\/2018\/02\/ulisse-e-penelope.jpg?resize=300%2C164\" alt=\"\" width=\"300\" height=\"164\" srcset=\"https:\/\/i0.wp.com\/antoniopascotto.it\/wp-content\/uploads\/2018\/02\/ulisse-e-penelope.jpg?resize=300%2C164&amp;ssl=1 300w, https:\/\/i0.wp.com\/antoniopascotto.it\/wp-content\/uploads\/2018\/02\/ulisse-e-penelope.jpg?w=440&amp;ssl=1 440w\" sizes=\"(max-width: 300px) 100vw, 300px\" data-recalc-dims=\"1\" \/>Ce n\u2019\u00e8 anche per Ulisse e Penelope. \u2018Il rapporto \u2013 scrive Alice Crotti \u2013 si conserverebbe nonostante la distanza, se questa si trovasse a dover rispondere ai suoi Facetime ogni volta che lui la chiama? \u2018.<\/p>\n<p>&nbsp;<\/p>\n<p><img data-attachment-id=\"577\" data-permalink=\"https:\/\/antoniopascotto.it\/?attachment_id=577\" data-orig-file=\"https:\/\/i0.wp.com\/antoniopascotto.it\/wp-content\/uploads\/2018\/02\/romeo-e-giulietta.jpg?fit=850%2C1058&amp;ssl=1\" data-orig-size=\"850,1058\" data-comments-opened=\"1\" data-image-meta=\"{&quot;aperture&quot;:&quot;0&quot;,&quot;credit&quot;:&quot;&quot;,&quot;camera&quot;:&quot;&quot;,&quot;caption&quot;:&quot;&quot;,&quot;created_timestamp&quot;:&quot;0&quot;,&quot;copyright&quot;:&quot;&quot;,&quot;focal_length&quot;:&quot;0&quot;,&quot;iso&quot;:&quot;0&quot;,&quot;shutter_speed&quot;:&quot;0&quot;,&quot;title&quot;:&quot;&quot;,&quot;orientation&quot;:&quot;0&quot;}\" data-image-title=\"romeo e giulietta\" data-image-description=\"\" data-image-caption=\"\" data-medium-file=\"https:\/\/i0.wp.com\/antoniopascotto.it\/wp-content\/uploads\/2018\/02\/romeo-e-giulietta.jpg?fit=241%2C300&amp;ssl=1\" data-large-file=\"https:\/\/i0.wp.com\/antoniopascotto.it\/wp-content\/uploads\/2018\/02\/romeo-e-giulietta.jpg?fit=823%2C1024&amp;ssl=1\" decoding=\"async\" loading=\"lazy\" class=\"alignleft size-medium wp-image-577\" src=\"https:\/\/i0.wp.com\/antoniopascotto.it\/wp-content\/uploads\/2018\/02\/romeo-e-giulietta.jpg?resize=241%2C300\" alt=\"\" width=\"241\" height=\"300\" srcset=\"https:\/\/i0.wp.com\/antoniopascotto.it\/wp-content\/uploads\/2018\/02\/romeo-e-giulietta.jpg?resize=241%2C300&amp;ssl=1 241w, https:\/\/i0.wp.com\/antoniopascotto.it\/wp-content\/uploads\/2018\/02\/romeo-e-giulietta.jpg?resize=768%2C956&amp;ssl=1 768w, https:\/\/i0.wp.com\/antoniopascotto.it\/wp-content\/uploads\/2018\/02\/romeo-e-giulietta.jpg?resize=823%2C1024&amp;ssl=1 823w, https:\/\/i0.wp.com\/antoniopascotto.it\/wp-content\/uploads\/2018\/02\/romeo-e-giulietta.jpg?w=850&amp;ssl=1 850w\" sizes=\"(max-width: 241px) 100vw, 241px\" data-recalc-dims=\"1\" \/>Infine, riferendosi alla pi\u00f9 nota storia d\u2019amore del mondo: \u2018Poteva bastare un messaggio su WhatsApp, per far sapere per tempo a Romeo della morte simulata della sua amata Giulietta\u2019.<\/p>\n<p>L\u2019articolo partecipa a una sorta di concorso organizzato da Sette per la rubrica <em>Settebello<\/em>. Mi viene da sorridere quando leggo, testualmente: \u2018A fine anno, 7 proporr\u00e0 una collaborazione all\u2019autore dell\u2019articolo pi\u00f9 condiviso dalla nostra pagina Facebook\u2019. Ecco.<\/p>\n","protected":false},"excerpt":{"rendered":"<p>Ho letto un articolo delizioso pubblicato dal settimanale Sette del Corriere: Via col vento su Facebook durerebbe un\u2019ora. L\u2019autrice \u00e8 una giovane di 25 anni, Alice Crotti. Si chiede da dove prenderanno ispirazione gli autori del futuro: \u2018Ve l\u2019immaginate Otello? \u2013 scrive la promettente giornalista &#8211; A Iago non servirebbero tutte le peripezie del caso [&hellip;]<\/p>\n","protected":false},"author":2,"featured_media":572,"comment_status":"open","ping_status":"open","sticky":false,"template":"","format":"image","meta":{"advanced_seo_description":"","jetpack_seo_html_title":"","jetpack_seo_noindex":false,"jetpack_post_was_ever_published":false,"_jetpack_newsletter_access":"","jetpack_publicize_message":"","jetpack_is_tweetstorm":false,"jetpack_publicize_feature_enabled":true,"jetpack_social_post_already_shared":true,"jetpack_social_options":{"image_generator_settings":{"template":"highway","enabled":false}}},"categories":[105,72,170,6,3,5],"tags":[172,108,171,69,179,97,177,175,178,174,14,176,173],"jetpack_publicize_connections":[],"jetpack_featured_media_url":"https:\/\/i0.wp.com\/antoniopascotto.it\/wp-content\/uploads\/2018\/02\/Via-col-vento.jpg?fit=670%2C400&ssl=1","jetpack_sharing_enabled":true,"jetpack_shortlink":"https:\/\/wp.me\/p8swp8-9d","jetpack-related-posts":[{"id":1154,"url":"https:\/\/antoniopascotto.it\/?p=1154","url_meta":{"origin":571,"position":0},"title":"UN PREMIO PER IL MONDO SENZA INTERNET","author":"Antonio Pascotto","date":"Ottobre 13, 2019","format":"image","excerpt":"Quando si riceve un premio \u00e8 sempre un momento bellissimo. E' il riconoscimento per il lavoro svolto, per qualcosa su cui hai veramente creduto. Il Mondo Senza Internet \u00e8 il frutto di alcuni mesi di lavoro tra creativit\u00e0, riflessioni, letture, ricerche. E quando ti accorgi che il tempo che hai\u2026","rel":"","context":"In &quot;Cultura&quot;","block_context":{"text":"Cultura","link":"https:\/\/antoniopascotto.it\/?cat=72"},"img":{"alt_text":"","src":"https:\/\/i0.wp.com\/antoniopascotto.it\/wp-content\/uploads\/2019\/10\/FAHO3249.jpg?fit=1200%2C900&ssl=1&resize=350%2C200","width":350,"height":200},"classes":[]},{"id":659,"url":"https:\/\/antoniopascotto.it\/?p=659","url_meta":{"origin":571,"position":1},"title":"COSA RESTA DI QUEGLI ANNI NOVANTA","author":"Antonio Pascotto","date":"Maggio 8, 2018","format":"image","excerpt":"Devono passare circa trent\u2019anni prima di celebrare un decennio. E\u2019 gi\u00e0 successo con gli Anni Sessanta, poi con gli Anni Settanta e gli Anni Ottanta. Ora, con un certo anticipo, \u00e8 la volta degli Anni Novanta. Articoli di giornale e libri si moltiplicano. E di cose da dire e da\u2026","rel":"","context":"In &quot;Avvenimenti&quot;","block_context":{"text":"Avvenimenti","link":"https:\/\/antoniopascotto.it\/?cat=211"},"img":{"alt_text":"","src":"https:\/\/i0.wp.com\/antoniopascotto.it\/wp-content\/uploads\/2018\/05\/2018-05-08_090447.jpg?fit=877%2C394&ssl=1&resize=350%2C200","width":350,"height":200},"classes":[]},{"id":1390,"url":"https:\/\/antoniopascotto.it\/?p=1390","url_meta":{"origin":571,"position":2},"title":"ALLA RICONQUISTA DEL TEMPO PERDUTO","author":"Antonio Pascotto","date":"Dicembre 6, 2020","format":"image","excerpt":"Riconquistare il tempo perduto dal momento in cui Internet ha preso il sopravvento su tutti noi. Non \u00e8 una cosa semplice, ma vale la pena tentarci. Iniziamo col dire che con il progresso tecnologico la percezione dello spazio e del tempo \u00e8 cambiata. E con la Rete ancora di pi\u00f9.\u2026","rel":"","context":"In &quot;Internet&quot;","block_context":{"text":"Internet","link":"https:\/\/antoniopascotto.it\/?cat=262"},"img":{"alt_text":"","src":"https:\/\/i0.wp.com\/antoniopascotto.it\/wp-content\/uploads\/2020\/12\/2020-12-06_113117.png?fit=688%2C342&ssl=1&resize=350%2C200","width":350,"height":200},"classes":[]},{"id":1721,"url":"https:\/\/antoniopascotto.it\/?p=1721","url_meta":{"origin":571,"position":3},"title":"ROMANZO DIGITALE IN ANTEPRIMA AL FESTIVAL DELLE PAURE","author":"Antonio Pascotto","date":"Gennaio 21, 2026","format":"image","excerpt":"Arriva il Festival delle paure, dal 6 all\u20198 ottobre, a Ostellato, in provincia di Ferrara. Una tre giorni di incontri patrocinata dal comune di Ostellato e organizzata dall\u2019associazione culturale \"Il Ragno d\u2019oro\" in collaborazione col filosofo della comunicazione Carmine Castoro. Si inizia il 6 ottobre con Paura a tavola: il\u2026","rel":"","context":"In &quot;Avvenimenti&quot;","block_context":{"text":"Avvenimenti","link":"https:\/\/antoniopascotto.it\/?cat=211"},"img":{"alt_text":"","src":"https:\/\/i0.wp.com\/antoniopascotto.it\/wp-content\/uploads\/2023\/10\/WhatsApp-Image-2023-10-04-at-11.21.33.jpeg?fit=1200%2C698&ssl=1&resize=350%2C200","width":350,"height":200},"classes":[]},{"id":639,"url":"https:\/\/antoniopascotto.it\/?p=639","url_meta":{"origin":571,"position":4},"title":"RITORNO AL FUTURO","author":"Antonio Pascotto","date":"Aprile 11, 2018","format":"image","excerpt":"Sin da ragazzi io e i miei amici adoravamo la lettura. Per leggere i giornali gratis ci recavamo dal barbiere, o al bar all\u2019angolo, dove i quotidiani erano poggiati sul frigo dei gelati. Io sono stato fortunato, mio zio mi portava al circolo della stampa, dove sui tavolini c\u2019erano quasi\u2026","rel":"","context":"In &quot;Libri&quot;","block_context":{"text":"Libri","link":"https:\/\/antoniopascotto.it\/?cat=6"},"img":{"alt_text":"","src":"https:\/\/i0.wp.com\/antoniopascotto.it\/wp-content\/uploads\/2018\/04\/libri.jpg?fit=700%2C400&ssl=1&resize=350%2C200","width":350,"height":200},"classes":[]},{"id":1378,"url":"https:\/\/antoniopascotto.it\/?p=1378","url_meta":{"origin":571,"position":5},"title":"LA VERITA&#8217;","author":"Antonio Pascotto","date":"Novembre 11, 2020","format":"image","excerpt":"Le cose bisogna sempre dirle, costi quel che costi. O no? Dobbiamo sempre gridare al vento la verit\u00e0 oppure, quando \u00e8 il caso, fare finta di niente e rimanere in un sordo silenzio? Da giovane ho avuto pi\u00f9 di qualche rimprovero perch\u00e9, secondo molti, avevo un grosso difetto: dire sempre\u2026","rel":"","context":"In &quot;Libri&quot;","block_context":{"text":"Libri","link":"https:\/\/antoniopascotto.it\/?cat=6"},"img":{"alt_text":"","src":"","width":0,"height":0},"classes":[]}],"_links":{"self":[{"href":"https:\/\/antoniopascotto.it\/index.php?rest_route=\/wp\/v2\/posts\/571"}],"collection":[{"href":"https:\/\/antoniopascotto.it\/index.php?rest_route=\/wp\/v2\/posts"}],"about":[{"href":"https:\/\/antoniopascotto.it\/index.php?rest_route=\/wp\/v2\/types\/post"}],"author":[{"embeddable":true,"href":"https:\/\/antoniopascotto.it\/index.php?rest_route=\/wp\/v2\/users\/2"}],"replies":[{"embeddable":true,"href":"https:\/\/antoniopascotto.it\/index.php?rest_route=%2Fwp%2Fv2%2Fcomments&post=571"}],"version-history":[{"count":1,"href":"https:\/\/antoniopascotto.it\/index.php?rest_route=\/wp\/v2\/posts\/571\/revisions"}],"predecessor-version":[{"id":578,"href":"https:\/\/antoniopascotto.it\/index.php?rest_route=\/wp\/v2\/posts\/571\/revisions\/578"}],"wp:featuredmedia":[{"embeddable":true,"href":"https:\/\/antoniopascotto.it\/index.php?rest_route=\/wp\/v2\/media\/572"}],"wp:attachment":[{"href":"https:\/\/antoniopascotto.it\/index.php?rest_route=%2Fwp%2Fv2%2Fmedia&parent=571"}],"wp:term":[{"taxonomy":"category","embeddable":true,"href":"https:\/\/antoniopascotto.it\/index.php?rest_route=%2Fwp%2Fv2%2Fcategories&post=571"},{"taxonomy":"post_tag","embeddable":true,"href":"https:\/\/antoniopascotto.it\/index.php?rest_route=%2Fwp%2Fv2%2Ftags&post=571"}],"curies":[{"name":"wp","href":"https:\/\/api.w.org\/{rel}","templated":true}]}}