{"id":516,"date":"2018-02-09T08:41:22","date_gmt":"2018-02-09T08:41:22","guid":{"rendered":"http:\/\/antoniopascotto.it\/?p=516"},"modified":"2018-02-25T09:28:59","modified_gmt":"2018-02-25T09:28:59","slug":"litalia-che-canta","status":"publish","type":"post","link":"https:\/\/antoniopascotto.it\/?p=516","title":{"rendered":"L\u2019ITALIA CHE CANTA"},"content":{"rendered":"<p><img data-attachment-id=\"518\" data-permalink=\"https:\/\/antoniopascotto.it\/?attachment_id=518\" data-orig-file=\"https:\/\/i0.wp.com\/antoniopascotto.it\/wp-content\/uploads\/2018\/02\/TgCom24.jpg?fit=720%2C537&amp;ssl=1\" data-orig-size=\"720,537\" data-comments-opened=\"1\" data-image-meta=\"{&quot;aperture&quot;:&quot;0&quot;,&quot;credit&quot;:&quot;&quot;,&quot;camera&quot;:&quot;&quot;,&quot;caption&quot;:&quot;&quot;,&quot;created_timestamp&quot;:&quot;0&quot;,&quot;copyright&quot;:&quot;&quot;,&quot;focal_length&quot;:&quot;0&quot;,&quot;iso&quot;:&quot;0&quot;,&quot;shutter_speed&quot;:&quot;0&quot;,&quot;title&quot;:&quot;&quot;,&quot;orientation&quot;:&quot;0&quot;}\" data-image-title=\"TgCom24\" data-image-description=\"\" data-image-caption=\"\" data-medium-file=\"https:\/\/i0.wp.com\/antoniopascotto.it\/wp-content\/uploads\/2018\/02\/TgCom24.jpg?fit=300%2C224&amp;ssl=1\" data-large-file=\"https:\/\/i0.wp.com\/antoniopascotto.it\/wp-content\/uploads\/2018\/02\/TgCom24.jpg?fit=720%2C537&amp;ssl=1\" decoding=\"async\" loading=\"lazy\" class=\"alignleft size-medium wp-image-518\" src=\"https:\/\/i0.wp.com\/antoniopascotto.it\/wp-content\/uploads\/2018\/02\/TgCom24.jpg?resize=300%2C224\" alt=\"\" width=\"300\" height=\"224\" srcset=\"https:\/\/i0.wp.com\/antoniopascotto.it\/wp-content\/uploads\/2018\/02\/TgCom24.jpg?resize=300%2C224&amp;ssl=1 300w, https:\/\/i0.wp.com\/antoniopascotto.it\/wp-content\/uploads\/2018\/02\/TgCom24.jpg?w=720&amp;ssl=1 720w\" sizes=\"(max-width: 300px) 100vw, 300px\" data-recalc-dims=\"1\" \/>In queste ore ce le cantano tutti. Nell\u2019Italia del Festival, nell\u2019Italia della canzonetta che a volte diventa poesia e a volte dramma, siamo tutti usignoli. Ma contrariamente all\u2019uccello canterino, non sempre siamo protetti.<\/p>\n<p>Si canta a Sanremo. Sul palco dell\u2019Ariston ci sono anche gradite sorprese, come quella, ma \u00e8 un fatto personale, di Max Gazz\u00e8 e della leggenda di Cristalda e Pizzomunno. I due giovani sono innamorati, ma le sirene, gelose del bel pescatore, portarono la sua bella in fondo al mare. Lui, per il dolore, si pietrific\u00f2, trasformandosi in un faraglione. Ma il loro \u00e8 un amore eterno, e ogni cento anni i due innamorati si ritrovano sulla spiaggia di Vieste.<\/p>\n<p>Ce le cantano i politici, che girano in lungo e in largo lo stivale alla ricerca di consensi. Si scontrano su immigrazione, sicurezza, economia. Ma in questo caso le note, quasi sempre, sono stonate.<\/p>\n<p>Ce le cantano le Borse. Asia a picco con Wall Street. Fibrillazioni in Europa. A scatenare le turbolenze il timore dei rialzi dei tassi Usa.<\/p>\n<p>A cantare sono le attrici. Dopo anni di silenzio, rivelano le minacce di produttori e molestatori sul luogo di lavoro, il set. Ecco, il tempo. In Europa resta l\u2019ora legale. Bocciata la proposta di abolizione. Restano i cento milioni di risparmi con la modifica due volte l\u2019anno dell\u2019ora in relazione alle stagioni.<\/p>\n<p>L\u2019Europa ce le canta anche per i bilanci. L\u2019economia \u00e8 in ripresa, ma molto lentamente. Bisogna fare di pi\u00f9. I governi sono avvertiti.<\/p>\n<p>Dal tribunale di Roma arrivano le condanne per il processo sugli appalti del G8. Assolto l\u2019ex capo della Protezione Civile Bertolaso. Carta canta.<\/p>\n<p>Se la cantano e se la suonano i conduttori delle trasmissioni televisive che vanno in onda nelle stesse ore di Sanremo. Con i grandi ascolti del Festival c\u2019\u00e8 ben poco da spartire.<\/p>\n<p><img data-attachment-id=\"522\" data-permalink=\"https:\/\/antoniopascotto.it\/?attachment_id=522\" data-orig-file=\"https:\/\/i0.wp.com\/antoniopascotto.it\/wp-content\/uploads\/2018\/02\/BUONE-NOTIZIE.jpg?fit=414%2C310&amp;ssl=1\" data-orig-size=\"414,310\" data-comments-opened=\"1\" data-image-meta=\"{&quot;aperture&quot;:&quot;0&quot;,&quot;credit&quot;:&quot;&quot;,&quot;camera&quot;:&quot;&quot;,&quot;caption&quot;:&quot;&quot;,&quot;created_timestamp&quot;:&quot;0&quot;,&quot;copyright&quot;:&quot;&quot;,&quot;focal_length&quot;:&quot;0&quot;,&quot;iso&quot;:&quot;0&quot;,&quot;shutter_speed&quot;:&quot;0&quot;,&quot;title&quot;:&quot;&quot;,&quot;orientation&quot;:&quot;0&quot;}\" data-image-title=\"BUONE NOTIZIE\" data-image-description=\"\" data-image-caption=\"\" data-medium-file=\"https:\/\/i0.wp.com\/antoniopascotto.it\/wp-content\/uploads\/2018\/02\/BUONE-NOTIZIE.jpg?fit=300%2C225&amp;ssl=1\" data-large-file=\"https:\/\/i0.wp.com\/antoniopascotto.it\/wp-content\/uploads\/2018\/02\/BUONE-NOTIZIE.jpg?fit=414%2C310&amp;ssl=1\" decoding=\"async\" loading=\"lazy\" class=\"alignleft size-medium wp-image-522\" src=\"https:\/\/i0.wp.com\/antoniopascotto.it\/wp-content\/uploads\/2018\/02\/BUONE-NOTIZIE.jpg?resize=300%2C225\" alt=\"\" width=\"300\" height=\"225\" srcset=\"https:\/\/i0.wp.com\/antoniopascotto.it\/wp-content\/uploads\/2018\/02\/BUONE-NOTIZIE.jpg?resize=300%2C225&amp;ssl=1 300w, https:\/\/i0.wp.com\/antoniopascotto.it\/wp-content\/uploads\/2018\/02\/BUONE-NOTIZIE.jpg?w=414&amp;ssl=1 414w\" sizes=\"(max-width: 300px) 100vw, 300px\" data-recalc-dims=\"1\" \/>A cantare come si deve sono i colleghi dell\u2019inserto del Corriere della Sera <em>Buone Notizie<\/em>. L\u2019ultimo numero \u00e8 dedicato alla musica che fa stare bene. La musica che accompagna la nostra vita come una colonna sonora. La musica che pu\u00f2 aiutare chi \u00e8 malato, chi \u00e8 in carcere, chi si sente solo, chi \u00e8 innamorato. La musica che aiuta i pi\u00f9 deboli, come quella cantata in iniziative tipo il Live Aid del 1985, oppure quella del 1992 con il tributo a Freddy Mercury e la mobilitazione contro l\u2019Aids. O quella delle nostre cantanti <em>Amiche per l\u2019Abruzzo<\/em> dopo il terremoto e quella di Ariana Grande a Manchester contro l\u2019Isis.<\/p>\n<p><img data-attachment-id=\"519\" data-permalink=\"https:\/\/antoniopascotto.it\/?attachment_id=519\" data-orig-file=\"https:\/\/i0.wp.com\/antoniopascotto.it\/wp-content\/uploads\/2018\/02\/BAGLIONI-A-LAMPEDUSA.jpg?fit=625%2C350&amp;ssl=1\" data-orig-size=\"625,350\" data-comments-opened=\"1\" data-image-meta=\"{&quot;aperture&quot;:&quot;0&quot;,&quot;credit&quot;:&quot;&quot;,&quot;camera&quot;:&quot;&quot;,&quot;caption&quot;:&quot;&quot;,&quot;created_timestamp&quot;:&quot;0&quot;,&quot;copyright&quot;:&quot;&quot;,&quot;focal_length&quot;:&quot;0&quot;,&quot;iso&quot;:&quot;0&quot;,&quot;shutter_speed&quot;:&quot;0&quot;,&quot;title&quot;:&quot;&quot;,&quot;orientation&quot;:&quot;0&quot;}\" data-image-title=\"BAGLIONI A LAMPEDUSA\" data-image-description=\"\" data-image-caption=\"\" data-medium-file=\"https:\/\/i0.wp.com\/antoniopascotto.it\/wp-content\/uploads\/2018\/02\/BAGLIONI-A-LAMPEDUSA.jpg?fit=300%2C168&amp;ssl=1\" data-large-file=\"https:\/\/i0.wp.com\/antoniopascotto.it\/wp-content\/uploads\/2018\/02\/BAGLIONI-A-LAMPEDUSA.jpg?fit=625%2C350&amp;ssl=1\" decoding=\"async\" loading=\"lazy\" class=\"alignleft size-medium wp-image-519\" src=\"https:\/\/i0.wp.com\/antoniopascotto.it\/wp-content\/uploads\/2018\/02\/BAGLIONI-A-LAMPEDUSA.jpg?resize=300%2C168\" alt=\"\" width=\"300\" height=\"168\" srcset=\"https:\/\/i0.wp.com\/antoniopascotto.it\/wp-content\/uploads\/2018\/02\/BAGLIONI-A-LAMPEDUSA.jpg?resize=300%2C168&amp;ssl=1 300w, https:\/\/i0.wp.com\/antoniopascotto.it\/wp-content\/uploads\/2018\/02\/BAGLIONI-A-LAMPEDUSA.jpg?w=625&amp;ssl=1 625w\" sizes=\"(max-width: 300px) 100vw, 300px\" data-recalc-dims=\"1\" \/>Il pentagramma pi\u00f9 bello \u00e8 quello degli artisti impegnati per iniziative sociali, come quelli della Nazionale Cantanti o come lo stesso Claudio Baglioni a Lampedusa. E come non citare le sinfonie di pace sulle macerie di Bagdad, dove Karim Wasfi diresse quel che restava dell\u2019orchestra irachena dove era appena saltata un\u2019autobomba. O quando Riccardo Muti port\u00f2 la Scala a Sarajevo nel 1997, chiamando sul palco la Filarmonica cittadina mentre fuori sparavano.<\/p>\n<p><img data-attachment-id=\"520\" data-permalink=\"https:\/\/antoniopascotto.it\/?attachment_id=520\" data-orig-file=\"https:\/\/i0.wp.com\/antoniopascotto.it\/wp-content\/uploads\/2018\/02\/2018-02-09_093432.jpg?fit=602%2C341&amp;ssl=1\" data-orig-size=\"602,341\" data-comments-opened=\"1\" data-image-meta=\"{&quot;aperture&quot;:&quot;0&quot;,&quot;credit&quot;:&quot;&quot;,&quot;camera&quot;:&quot;&quot;,&quot;caption&quot;:&quot;&quot;,&quot;created_timestamp&quot;:&quot;0&quot;,&quot;copyright&quot;:&quot;&quot;,&quot;focal_length&quot;:&quot;0&quot;,&quot;iso&quot;:&quot;0&quot;,&quot;shutter_speed&quot;:&quot;0&quot;,&quot;title&quot;:&quot;&quot;,&quot;orientation&quot;:&quot;0&quot;}\" data-image-title=\"2018-02-09_093432\" data-image-description=\"\" data-image-caption=\"\" data-medium-file=\"https:\/\/i0.wp.com\/antoniopascotto.it\/wp-content\/uploads\/2018\/02\/2018-02-09_093432.jpg?fit=300%2C170&amp;ssl=1\" data-large-file=\"https:\/\/i0.wp.com\/antoniopascotto.it\/wp-content\/uploads\/2018\/02\/2018-02-09_093432.jpg?fit=602%2C341&amp;ssl=1\" decoding=\"async\" loading=\"lazy\" class=\"alignleft size-medium wp-image-520\" src=\"https:\/\/i0.wp.com\/antoniopascotto.it\/wp-content\/uploads\/2018\/02\/2018-02-09_093432.jpg?resize=300%2C170\" alt=\"\" width=\"300\" height=\"170\" srcset=\"https:\/\/i0.wp.com\/antoniopascotto.it\/wp-content\/uploads\/2018\/02\/2018-02-09_093432.jpg?resize=300%2C170&amp;ssl=1 300w, https:\/\/i0.wp.com\/antoniopascotto.it\/wp-content\/uploads\/2018\/02\/2018-02-09_093432.jpg?w=602&amp;ssl=1 602w\" sizes=\"(max-width: 300px) 100vw, 300px\" data-recalc-dims=\"1\" \/>Poi c\u2019\u00e8 la straordinaria immagine del violoncellista e compositore russo Mstislav Rostropovich mentre suona Bach davanti al muro di Berlino il 12 novembre 1989. Un simbolo della libert\u00e0 artistica sotto il dominio sovietico.<\/p>\n<p>&nbsp;<\/p>\n<p><img data-attachment-id=\"521\" data-permalink=\"https:\/\/antoniopascotto.it\/?attachment_id=521\" data-orig-file=\"https:\/\/i0.wp.com\/antoniopascotto.it\/wp-content\/uploads\/2018\/02\/2018-02-09_093337.jpg?fit=565%2C351&amp;ssl=1\" data-orig-size=\"565,351\" data-comments-opened=\"1\" data-image-meta=\"{&quot;aperture&quot;:&quot;0&quot;,&quot;credit&quot;:&quot;&quot;,&quot;camera&quot;:&quot;&quot;,&quot;caption&quot;:&quot;&quot;,&quot;created_timestamp&quot;:&quot;0&quot;,&quot;copyright&quot;:&quot;&quot;,&quot;focal_length&quot;:&quot;0&quot;,&quot;iso&quot;:&quot;0&quot;,&quot;shutter_speed&quot;:&quot;0&quot;,&quot;title&quot;:&quot;&quot;,&quot;orientation&quot;:&quot;0&quot;}\" data-image-title=\"2018-02-09_093337\" data-image-description=\"\" data-image-caption=\"\" data-medium-file=\"https:\/\/i0.wp.com\/antoniopascotto.it\/wp-content\/uploads\/2018\/02\/2018-02-09_093337.jpg?fit=300%2C186&amp;ssl=1\" data-large-file=\"https:\/\/i0.wp.com\/antoniopascotto.it\/wp-content\/uploads\/2018\/02\/2018-02-09_093337.jpg?fit=565%2C351&amp;ssl=1\" decoding=\"async\" loading=\"lazy\" class=\"alignleft size-medium wp-image-521\" src=\"https:\/\/i0.wp.com\/antoniopascotto.it\/wp-content\/uploads\/2018\/02\/2018-02-09_093337.jpg?resize=300%2C186\" alt=\"\" width=\"300\" height=\"186\" srcset=\"https:\/\/i0.wp.com\/antoniopascotto.it\/wp-content\/uploads\/2018\/02\/2018-02-09_093337.jpg?resize=300%2C186&amp;ssl=1 300w, https:\/\/i0.wp.com\/antoniopascotto.it\/wp-content\/uploads\/2018\/02\/2018-02-09_093337.jpg?w=565&amp;ssl=1 565w\" sizes=\"(max-width: 300px) 100vw, 300px\" data-recalc-dims=\"1\" \/>E ancora, l\u2019immagine del concerto nell\u2019anfiteatro romano di Palmira, in Siria, nel giugno 2006, in memoria dei caduti.<\/p>\n<p>Ecco, nella settimana in cui tutta l\u2019Italia canta, sono queste le note che mi piacciono di pi\u00f9.<\/p>\n<p>&nbsp;<\/p>\n","protected":false},"excerpt":{"rendered":"<p>In queste ore ce le cantano tutti. Nell\u2019Italia del Festival, nell\u2019Italia della canzonetta che a volte diventa poesia e a volte dramma, siamo tutti usignoli. Ma contrariamente all\u2019uccello canterino, non sempre siamo protetti. Si canta a Sanremo. Sul palco dell\u2019Ariston ci sono anche gradite sorprese, come quella, ma \u00e8 un fatto personale, di Max Gazz\u00e8 [&hellip;]<\/p>\n","protected":false},"author":2,"featured_media":517,"comment_status":"open","ping_status":"open","sticky":false,"template":"","format":"standard","meta":{"advanced_seo_description":"","jetpack_seo_html_title":"","jetpack_seo_noindex":false,"jetpack_post_was_ever_published":false,"_jetpack_newsletter_access":"","jetpack_publicize_message":"","jetpack_is_tweetstorm":false,"jetpack_publicize_feature_enabled":true,"jetpack_social_post_already_shared":true,"jetpack_social_options":{"image_generator_settings":{"template":"highway","enabled":false}}},"categories":[46],"tags":[159,160,150,158],"jetpack_publicize_connections":[],"jetpack_featured_media_url":"https:\/\/i0.wp.com\/antoniopascotto.it\/wp-content\/uploads\/2018\/02\/PENTAGRAMMA-2.jpg?fit=900%2C480&ssl=1","jetpack_sharing_enabled":true,"jetpack_shortlink":"https:\/\/wp.me\/p8swp8-8k","jetpack-related-posts":[{"id":646,"url":"https:\/\/antoniopascotto.it\/?p=646","url_meta":{"origin":516,"position":0},"title":"CARO AMICO TI SCRIVO","author":"Antonio Pascotto","date":"Aprile 25, 2018","format":"image","excerpt":"Emozionato, davanti alla televisione,\u00a0guardando uno speciale davvero unico, dedicato a Lucio Dalla. Ho ripercorso, grazie a Giorgio Verdelli e agli autori del programma, momenti incredibili con musiche e canzoni che sono diventate anche colonna sonora di una parte della nostra vita. A cominciare da quella 4 marzo 1943, presentata da\u2026","rel":"","context":"In &quot;Musica&quot;","block_context":{"text":"Musica","link":"https:\/\/antoniopascotto.it\/?cat=46"},"img":{"alt_text":"","src":"https:\/\/i0.wp.com\/antoniopascotto.it\/wp-content\/uploads\/2018\/04\/dalla-1.jpg?fit=805%2C350&ssl=1&resize=350%2C200","width":350,"height":200},"classes":[]},{"id":730,"url":"https:\/\/antoniopascotto.it\/?p=730","url_meta":{"origin":516,"position":1},"title":"LE ETA&#8217; DEL PARADISO","author":"Antonio Pascotto","date":"Giugno 29, 2018","format":"image","excerpt":"Mi sono sempre chiesto che et\u00e0 hanno le persone in paradiso. Cio\u00e9, se uno muore a 90 anni, in paradiso avr\u00e0 90 anni? Oppure, se muore prima, in paradiso sar\u00e0 pi\u00f9 giovane? Quindi sar\u00e0 ricompensato rispetto al minor tempo trascorso\u00a0durante la vita terrena? Un'idea di paradiso, in qualche modo, me\u2026","rel":"","context":"In &quot;Riflessioni&quot;","block_context":{"text":"Riflessioni","link":"https:\/\/antoniopascotto.it\/?cat=231"},"img":{"alt_text":"","src":"https:\/\/i0.wp.com\/antoniopascotto.it\/wp-content\/uploads\/2018\/06\/il-paradiso-allimprovviso-200x240cm-101689.jpg?fit=600%2C315&ssl=1&resize=350%2C200","width":350,"height":200},"classes":[]},{"id":2137,"url":"https:\/\/antoniopascotto.it\/?p=2137","url_meta":{"origin":516,"position":2},"title":"IL RICORDO DI PIPPO BAUDO","author":"Antonio Pascotto","date":"Agosto 18, 2025","format":"image","excerpt":"Non avevo mai visto sui social tanta partecipazione. E cos\u00ec ho scoperto, se pure ce ne fosse stato bisogno, che Pippo Baudo era ovunque. Scattava foto con tutti, sorrideva sempre, era uno del popolo, insomma. Era l\u2019espressione vera di quello che viene definito nazionalpopolare. Nel senso buono del termine. Nelle\u2026","rel":"","context":"In &quot;Cultura&quot;","block_context":{"text":"Cultura","link":"https:\/\/antoniopascotto.it\/?cat=72"},"img":{"alt_text":"","src":"https:\/\/i0.wp.com\/antoniopascotto.it\/wp-content\/uploads\/2025\/08\/2025-08-18_103724.jpg?fit=853%2C451&ssl=1&resize=350%2C200","width":350,"height":200},"classes":[]},{"id":659,"url":"https:\/\/antoniopascotto.it\/?p=659","url_meta":{"origin":516,"position":3},"title":"COSA RESTA DI QUEGLI ANNI NOVANTA","author":"Antonio Pascotto","date":"Maggio 8, 2018","format":"image","excerpt":"Devono passare circa trent\u2019anni prima di celebrare un decennio. E\u2019 gi\u00e0 successo con gli Anni Sessanta, poi con gli Anni Settanta e gli Anni Ottanta. Ora, con un certo anticipo, \u00e8 la volta degli Anni Novanta. Articoli di giornale e libri si moltiplicano. E di cose da dire e da\u2026","rel":"","context":"In &quot;Avvenimenti&quot;","block_context":{"text":"Avvenimenti","link":"https:\/\/antoniopascotto.it\/?cat=211"},"img":{"alt_text":"","src":"https:\/\/i0.wp.com\/antoniopascotto.it\/wp-content\/uploads\/2018\/05\/2018-05-08_090447.jpg?fit=877%2C394&ssl=1&resize=350%2C200","width":350,"height":200},"classes":[]},{"id":1270,"url":"https:\/\/antoniopascotto.it\/?p=1270","url_meta":{"origin":516,"position":4},"title":"ERAVAMO FELICI MA ASINTOMATICI","author":"Antonio Pascotto","date":"Marzo 28, 2020","format":false,"excerpt":"Mi sembra di vivere in un incubo. Rinchiuso in casa, in piena pandemia. Riscopro le mie cose, riprendo tra le mani libri, fumetti. Rivedo vecchi film. Altri sono nuovi. Molti li avevo persi. Non posso andare a correre, ma ho il tapis roulant, e lo uso. Si che lo uso.\u2026","rel":"","context":"In &quot;Digitale&quot;","block_context":{"text":"Digitale","link":"https:\/\/antoniopascotto.it\/?cat=21"},"img":{"alt_text":"","src":"https:\/\/i0.wp.com\/antoniopascotto.it\/wp-content\/uploads\/2020\/03\/FOTO-DA-PEXELS.jpg?fit=1006%2C496&ssl=1&resize=350%2C200","width":350,"height":200},"classes":[]},{"id":1638,"url":"https:\/\/antoniopascotto.it\/?p=1638","url_meta":{"origin":516,"position":5},"title":"LA DISTRAZIONE","author":"Antonio Pascotto","date":"Gennaio 19, 2026","format":false,"excerpt":"Non dobbiamo farci distrarre da quello che combinano gli algoritmi. Ne ho parlato pi\u00f9 volte perch\u00e9 \u00e8 uno dei temi pi\u00f9 dibattuti di questi anni. Il flusso di informazioni \u00e8 continuo e la nostra capacit\u00e0 di riflettere prima di compiere un\u2019azione o di rilassarci dopo aver svolto un compito impegnativo\u2026","rel":"","context":"In &quot;Internet&quot;","block_context":{"text":"Internet","link":"https:\/\/antoniopascotto.it\/?cat=262"},"img":{"alt_text":"","src":"https:\/\/i0.wp.com\/antoniopascotto.it\/wp-content\/uploads\/2023\/06\/2023-06-01_064725.jpg?fit=828%2C406&ssl=1&resize=350%2C200","width":350,"height":200},"classes":[]}],"_links":{"self":[{"href":"https:\/\/antoniopascotto.it\/index.php?rest_route=\/wp\/v2\/posts\/516"}],"collection":[{"href":"https:\/\/antoniopascotto.it\/index.php?rest_route=\/wp\/v2\/posts"}],"about":[{"href":"https:\/\/antoniopascotto.it\/index.php?rest_route=\/wp\/v2\/types\/post"}],"author":[{"embeddable":true,"href":"https:\/\/antoniopascotto.it\/index.php?rest_route=\/wp\/v2\/users\/2"}],"replies":[{"embeddable":true,"href":"https:\/\/antoniopascotto.it\/index.php?rest_route=%2Fwp%2Fv2%2Fcomments&post=516"}],"version-history":[{"count":1,"href":"https:\/\/antoniopascotto.it\/index.php?rest_route=\/wp\/v2\/posts\/516\/revisions"}],"predecessor-version":[{"id":523,"href":"https:\/\/antoniopascotto.it\/index.php?rest_route=\/wp\/v2\/posts\/516\/revisions\/523"}],"wp:featuredmedia":[{"embeddable":true,"href":"https:\/\/antoniopascotto.it\/index.php?rest_route=\/wp\/v2\/media\/517"}],"wp:attachment":[{"href":"https:\/\/antoniopascotto.it\/index.php?rest_route=%2Fwp%2Fv2%2Fmedia&parent=516"}],"wp:term":[{"taxonomy":"category","embeddable":true,"href":"https:\/\/antoniopascotto.it\/index.php?rest_route=%2Fwp%2Fv2%2Fcategories&post=516"},{"taxonomy":"post_tag","embeddable":true,"href":"https:\/\/antoniopascotto.it\/index.php?rest_route=%2Fwp%2Fv2%2Ftags&post=516"}],"curies":[{"name":"wp","href":"https:\/\/api.w.org\/{rel}","templated":true}]}}