{"id":501,"date":"2018-01-29T12:40:29","date_gmt":"2018-01-29T12:40:29","guid":{"rendered":"http:\/\/antoniopascotto.it\/?p=501"},"modified":"2018-02-28T07:05:48","modified_gmt":"2018-02-28T07:05:48","slug":"il-presente-senza-tempo","status":"publish","type":"post","link":"https:\/\/antoniopascotto.it\/?p=501","title":{"rendered":"IL PRESENTE SENZA TEMPO"},"content":{"rendered":"<p><img decoding=\"async\" loading=\"lazy\" class=\"alignleft size-medium wp-image-503\" src=\"https:\/\/i0.wp.com\/antoniopascotto.it\/wp-content\/uploads\/2018\/01\/clock-and-calendar-300x200.jpg?resize=300%2C200\" alt=\"\" width=\"300\" height=\"200\" data-recalc-dims=\"1\" \/><img data-attachment-id=\"509\" data-permalink=\"https:\/\/antoniopascotto.it\/?attachment_id=509\" data-orig-file=\"https:\/\/i0.wp.com\/antoniopascotto.it\/wp-content\/uploads\/2018\/01\/12.jpg?fit=852%2C480&amp;ssl=1\" data-orig-size=\"852,480\" data-comments-opened=\"1\" data-image-meta=\"{&quot;aperture&quot;:&quot;0&quot;,&quot;credit&quot;:&quot;&quot;,&quot;camera&quot;:&quot;&quot;,&quot;caption&quot;:&quot;&quot;,&quot;created_timestamp&quot;:&quot;0&quot;,&quot;copyright&quot;:&quot;&quot;,&quot;focal_length&quot;:&quot;0&quot;,&quot;iso&quot;:&quot;0&quot;,&quot;shutter_speed&quot;:&quot;0&quot;,&quot;title&quot;:&quot;&quot;,&quot;orientation&quot;:&quot;0&quot;}\" data-image-title=\"12\" data-image-description=\"\" data-image-caption=\"\" data-medium-file=\"https:\/\/i0.wp.com\/antoniopascotto.it\/wp-content\/uploads\/2018\/01\/12.jpg?fit=300%2C169&amp;ssl=1\" data-large-file=\"https:\/\/i0.wp.com\/antoniopascotto.it\/wp-content\/uploads\/2018\/01\/12.jpg?fit=852%2C480&amp;ssl=1\" decoding=\"async\" loading=\"lazy\" class=\"alignleft size-medium wp-image-509\" src=\"https:\/\/i0.wp.com\/antoniopascotto.it\/wp-content\/uploads\/2018\/01\/12.jpg?resize=300%2C169\" alt=\"\" width=\"300\" height=\"169\" srcset=\"https:\/\/i0.wp.com\/antoniopascotto.it\/wp-content\/uploads\/2018\/01\/12.jpg?resize=300%2C169&amp;ssl=1 300w, https:\/\/i0.wp.com\/antoniopascotto.it\/wp-content\/uploads\/2018\/01\/12.jpg?resize=768%2C433&amp;ssl=1 768w, https:\/\/i0.wp.com\/antoniopascotto.it\/wp-content\/uploads\/2018\/01\/12.jpg?w=852&amp;ssl=1 852w\" sizes=\"(max-width: 300px) 100vw, 300px\" data-recalc-dims=\"1\" \/>Dai tempo al tempo. Oppure: il tempo \u00e8 galantuomo. E ancora: a tempo perso, avere tempo da perdere, tempo da lupi, lascia il tempo che trova, guadagnare tempo. Potrei continuare cos\u00ec all\u2019infinito. I modi di dire che contengono la parola tempo sono innumerevoli. Anche il numero di saggi sull\u2019argomento \u00e8 alto. La spiegazione \u00e8 semplice: la definizione di tempo \u00e8 una delle cose pi\u00f9 misteriose della vita. Ci hanno provato filosofi e scienziati, artisti, scrittori, poeti e cantanti. Il mistero rimane irrisolto.<\/p>\n<p>Nelle Sue Confessioni Sant\u2019Agostino dovette ammettere di non saper dare una spiegazione.<\/p>\n<p>Per Aristotele il tempo era solo un modo per misurare il movimento delle cose. Senza movimento non c\u2019\u00e8 tempo. Isac Newton, invece, considerava il tempo come assoluto e distaccato dal mondo fisico. Come dire che in un grande contenitore c\u2019\u00e8 il tempo che passa, anche se non succede nulla.<\/p>\n<p>Per Albert Einstein passato, presente e futuro sono concetti relativi. Il tempo \u00e8, dunque, un\u2019illusione. Un\u2019illusione tenace, come rileva lo scienziato, ma pur sempre un\u2019illusione.<\/p>\n<p>Ma prima di tutti era stato Parmenide, sostenitore della supremazia dell\u2019essere, a evidenziare come il movimento delle cose \u00e8 un\u2019illusione. Se non c\u2019\u00e8 movimento non c\u2019\u00e8 divenire ma esiste solo l\u2019essere. E senza divenire non c\u2019\u00e8 tempo. Il passato, in quanto tale, \u00e8 qualcosa che non c\u2019\u00e8. Il futuro nemmeno. E\u2019ammesso solo il presente, dove c\u2019\u00e8 l\u2019essere ma non il tempo.<\/p>\n<p><img data-attachment-id=\"505\" data-permalink=\"https:\/\/antoniopascotto.it\/?attachment_id=505\" data-orig-file=\"https:\/\/i0.wp.com\/antoniopascotto.it\/wp-content\/uploads\/2018\/01\/tempo-universo-big-bang.630x360.jpg?fit=630%2C393&amp;ssl=1\" data-orig-size=\"630,393\" data-comments-opened=\"1\" data-image-meta=\"{&quot;aperture&quot;:&quot;0&quot;,&quot;credit&quot;:&quot;&quot;,&quot;camera&quot;:&quot;&quot;,&quot;caption&quot;:&quot;&quot;,&quot;created_timestamp&quot;:&quot;0&quot;,&quot;copyright&quot;:&quot;&quot;,&quot;focal_length&quot;:&quot;0&quot;,&quot;iso&quot;:&quot;0&quot;,&quot;shutter_speed&quot;:&quot;0&quot;,&quot;title&quot;:&quot;&quot;,&quot;orientation&quot;:&quot;0&quot;}\" data-image-title=\"tempo-universo-big-bang.630&#215;360\" data-image-description=\"\" data-image-caption=\"\" data-medium-file=\"https:\/\/i0.wp.com\/antoniopascotto.it\/wp-content\/uploads\/2018\/01\/tempo-universo-big-bang.630x360.jpg?fit=300%2C187&amp;ssl=1\" data-large-file=\"https:\/\/i0.wp.com\/antoniopascotto.it\/wp-content\/uploads\/2018\/01\/tempo-universo-big-bang.630x360.jpg?fit=630%2C393&amp;ssl=1\" decoding=\"async\" loading=\"lazy\" class=\"alignleft size-medium wp-image-505\" src=\"https:\/\/i0.wp.com\/antoniopascotto.it\/wp-content\/uploads\/2018\/01\/tempo-universo-big-bang.630x360.jpg?resize=300%2C187\" alt=\"\" width=\"300\" height=\"187\" srcset=\"https:\/\/i0.wp.com\/antoniopascotto.it\/wp-content\/uploads\/2018\/01\/tempo-universo-big-bang.630x360.jpg?resize=300%2C187&amp;ssl=1 300w, https:\/\/i0.wp.com\/antoniopascotto.it\/wp-content\/uploads\/2018\/01\/tempo-universo-big-bang.630x360.jpg?w=630&amp;ssl=1 630w\" sizes=\"(max-width: 300px) 100vw, 300px\" data-recalc-dims=\"1\" \/>Pi\u00f9 o meno quello che sostiene Einstein, secondo cui esiste solo il presente istantaneo, quello che si vive. Mentre il presente passato \u00e8 gi\u00e0 trascorso e quello che deve venire ancora non c\u2019\u00e8 e non ci sar\u00e0 mai perch\u00e9 sar\u00e0 vissuto nel momento in cui si vive, quindi nel presente che verr\u00e0. In questo caso \u00e8 ammesso il divenire che per\u00f2 non si \u00e8 ancora verificato, quindi non c\u2019\u00e8. Einstein arriva cos\u00ec alla teoria della relativit\u00e0 ristretta poi a quella della relativit\u00e0 generale, dove lo spazio e il tempo non sono concetti separati ma fanno parte di una dimensione unica. Il tempo come dimensione, dunque, e non come forza. Pertanto non \u00e8 il tempo a dover essere misurato bens\u00ec \u00e8 il tempo stesso a determinare il moto dei corpi.<\/p>\n<p>Una volta stabilito che il tempo si mescola con lo spazio e che dipende dalle cose che accadono si giunge alla conclusione che il tempo non \u00e8 pi\u00f9 un\u2019intuizione ma un concetto inutile. Il tempo scompare nelle equazioni del modello della gravit\u00e0 quantistica a loop. Il tempo non esiste, esistono solo atomi di spazio.<\/p>\n<p><img data-attachment-id=\"506\" data-permalink=\"https:\/\/antoniopascotto.it\/?attachment_id=506\" data-orig-file=\"https:\/\/i0.wp.com\/antoniopascotto.it\/wp-content\/uploads\/2018\/01\/tempo11.jpg?fit=1024%2C768&amp;ssl=1\" data-orig-size=\"1024,768\" data-comments-opened=\"1\" data-image-meta=\"{&quot;aperture&quot;:&quot;0&quot;,&quot;credit&quot;:&quot;&quot;,&quot;camera&quot;:&quot;&quot;,&quot;caption&quot;:&quot;&quot;,&quot;created_timestamp&quot;:&quot;0&quot;,&quot;copyright&quot;:&quot;&quot;,&quot;focal_length&quot;:&quot;0&quot;,&quot;iso&quot;:&quot;0&quot;,&quot;shutter_speed&quot;:&quot;0&quot;,&quot;title&quot;:&quot;&quot;,&quot;orientation&quot;:&quot;0&quot;}\" data-image-title=\"tempo11\" data-image-description=\"\" data-image-caption=\"\" data-medium-file=\"https:\/\/i0.wp.com\/antoniopascotto.it\/wp-content\/uploads\/2018\/01\/tempo11.jpg?fit=300%2C225&amp;ssl=1\" data-large-file=\"https:\/\/i0.wp.com\/antoniopascotto.it\/wp-content\/uploads\/2018\/01\/tempo11.jpg?fit=1024%2C768&amp;ssl=1\" decoding=\"async\" loading=\"lazy\" class=\"alignleft size-medium wp-image-506\" src=\"https:\/\/i0.wp.com\/antoniopascotto.it\/wp-content\/uploads\/2018\/01\/tempo11.jpg?resize=300%2C225\" alt=\"\" width=\"300\" height=\"225\" srcset=\"https:\/\/i0.wp.com\/antoniopascotto.it\/wp-content\/uploads\/2018\/01\/tempo11.jpg?resize=300%2C225&amp;ssl=1 300w, https:\/\/i0.wp.com\/antoniopascotto.it\/wp-content\/uploads\/2018\/01\/tempo11.jpg?resize=768%2C576&amp;ssl=1 768w, https:\/\/i0.wp.com\/antoniopascotto.it\/wp-content\/uploads\/2018\/01\/tempo11.jpg?w=1024&amp;ssl=1 1024w\" sizes=\"(max-width: 300px) 100vw, 300px\" data-recalc-dims=\"1\" \/>Eppure ci confrontiamo sempre con il tempo, in tutte le cose che facciamo. Perch\u00e9, citando la Bibbia e il re Salomone, per ogni cosa c\u2019\u00e8 un tempo fissato. C\u2019\u00e8 un tempo per nascere e un tempo per morire, un tempo per edificare e un tempo per demolire, un tempo per amare e un tempo per odiare. E se il tempo \u00e8 un\u2019invenzione, \u00e8 anche vero che mai nessuno se ne \u00e8 potuto impossessare. Anche per questo nasce l\u2019idea di misurare il tempo. Un modo per detenere un certo potere nei suoi confronti.<\/p>\n<p>Ma la misurazione del tempo \u00e8 soprattutto un\u2019esigenza. Per i primi uomini era necessario sapere quanto durava la notte per conoscere quanto tempo bisognava attendere prima di riprendere l\u2019attivit\u00e0 con la luce del giorno. Luna e astri erano i punti di riferimento per la misurazione del tempo. Poi furono gli egizi a inventare una serie di strumenti per stabilire l\u2019inizio e la fine di un periodo. Gli stessi egizi furono i primi a suddividere il giorno e a creare il calendario. Ve ne sono molti, a seconda dei luoghi e delle civilt\u00e0.<\/p>\n<p>Ma se il tempo \u00e8 un\u2019illusione, cos\u2019\u00e8 che si misura realmente?<\/p>\n<p><img data-attachment-id=\"507\" data-permalink=\"https:\/\/antoniopascotto.it\/?attachment_id=507\" data-orig-file=\"https:\/\/i0.wp.com\/antoniopascotto.it\/wp-content\/uploads\/2018\/01\/DE-CRESCENZO-E-IL-TEMPO.jpg?fit=488%2C343&amp;ssl=1\" data-orig-size=\"488,343\" data-comments-opened=\"1\" data-image-meta=\"{&quot;aperture&quot;:&quot;0&quot;,&quot;credit&quot;:&quot;&quot;,&quot;camera&quot;:&quot;&quot;,&quot;caption&quot;:&quot;&quot;,&quot;created_timestamp&quot;:&quot;0&quot;,&quot;copyright&quot;:&quot;&quot;,&quot;focal_length&quot;:&quot;0&quot;,&quot;iso&quot;:&quot;0&quot;,&quot;shutter_speed&quot;:&quot;0&quot;,&quot;title&quot;:&quot;&quot;,&quot;orientation&quot;:&quot;0&quot;}\" data-image-title=\"DE CRESCENZO E IL TEMPO\" data-image-description=\"\" data-image-caption=\"\" data-medium-file=\"https:\/\/i0.wp.com\/antoniopascotto.it\/wp-content\/uploads\/2018\/01\/DE-CRESCENZO-E-IL-TEMPO.jpg?fit=300%2C211&amp;ssl=1\" data-large-file=\"https:\/\/i0.wp.com\/antoniopascotto.it\/wp-content\/uploads\/2018\/01\/DE-CRESCENZO-E-IL-TEMPO.jpg?fit=488%2C343&amp;ssl=1\" decoding=\"async\" loading=\"lazy\" class=\"alignleft size-medium wp-image-507\" src=\"https:\/\/i0.wp.com\/antoniopascotto.it\/wp-content\/uploads\/2018\/01\/DE-CRESCENZO-E-IL-TEMPO.jpg?resize=300%2C211\" alt=\"\" width=\"300\" height=\"211\" srcset=\"https:\/\/i0.wp.com\/antoniopascotto.it\/wp-content\/uploads\/2018\/01\/DE-CRESCENZO-E-IL-TEMPO.jpg?resize=300%2C211&amp;ssl=1 300w, https:\/\/i0.wp.com\/antoniopascotto.it\/wp-content\/uploads\/2018\/01\/DE-CRESCENZO-E-IL-TEMPO.jpg?w=488&amp;ssl=1 488w\" sizes=\"(max-width: 300px) 100vw, 300px\" data-recalc-dims=\"1\" \/>Intanto devo capire perch\u00e9 non esiste il presente. Non \u00e8 facile. In passato, termine che in questo caso posso utilizzare, fui catturato da una serie di libri scritti da Luciano De Crecenzo. Poi tradotti in film di successo. Uno di questi si intitolava <em>32 dicembre<\/em>. Ecco, 32 dicembre, una data che non esiste. Come il tempo, appunto. In una scena del film l\u2019ingegnere, scrittore e regista, rivolgendosi a Benedetto Casillo e Sergio Solli, due ottimi attori napoletani, afferm\u00f2: \u2018il passato non \u00e8 pi\u00f9, il futuro non \u00e8 ancora. Il presente, come separazione tra due cose che non esistono, come fa ad esistere?\u2019. De Crescenzo, per dare forza alla teoria, utilizz\u00f2 il battito delle mani. \u2018Potete fare un esempio di qualcosa che \u00e8 accaduto in questo momento? Se io produco un rumore, si pu\u00f2 dire che l\u2019ho fatto adesso? No! Perch\u00e9 nel momento che tu lo pensi il rumore \u00e8 gi\u00e0 accaduto! Quindi il rumore \u00e8 passato\u2019.<\/p>\n<p>Un altro esempio pu\u00f2 essere quello della distanza. Se penso ad un amico che abita in un altro luogo rispetto al mio e mi chiedo cosa sta facendo nello stesso momento in cui lo penso, quell\u2019istante non potr\u00e0 mai coincidere. Anzi, non ha neppure senso porsi la domanda. Perch\u00e9 la luce che passa tra il luogo dove io mi trovo e quello dove si trova il mio amico viaggia a una determinata durata. Dunque, quando penso a cosa sta facendo il mio amico nello stesso momento in cui lo penso \u00e8 gi\u00e0 passato. Lo so, \u00e8 difficile, ma mi sto concentrando per cercare di capire il significato stesso di quello che sto dicendo.<\/p>\n<p>E se il mio amico si trova di fronte a me? Anche in questo caso nel momento in cui lo guardo la luce viaggia a una certa velocit\u00e0. Parliamo di nanosecondi, certo, ma quanto basta per poter affermare che le sue azioni, mentre lo guardo, fanno gi\u00e0 parte del passato.<\/p>\n<p>Consulto dei libri, per capire l\u2019ordine del tempo. E forse mi convinco che il tempo presente davvero non esiste. C\u2019\u00e8 per\u00f2 un altro tipo di presente. Venne definito da Einstein <em>presente esteso<\/em>, cio\u00e8 la zona intermedia tra passato e futuro. Una grande scoperta, quella fatta dal grande scienziato nel 1905, nell\u2019ambito della teoria della relativit\u00e0. Questa zona intermedia dipende dalla distanza. Pi\u00f9 un luogo \u00e8 lontano da noi, pi\u00f9 lunga \u00e8 la sua durata. Il presente esteso ha durate diverse a seconda del luogo. Sulla luna dura qualche secondo. Su Marte un quarto d\u2019ora circa. Sulla galassia Andromeda due milioni di anni. Insomma, spazio e tempo sono legati. Poi c\u2019\u00e8 la relativit\u00e0 generale, di cui abbiamo gi\u00e0 parlato.<\/p>\n<p><img data-attachment-id=\"510\" data-permalink=\"https:\/\/antoniopascotto.it\/?attachment_id=510\" data-orig-file=\"https:\/\/i0.wp.com\/antoniopascotto.it\/wp-content\/uploads\/2018\/01\/orologio.600.jpg?fit=600%2C398&amp;ssl=1\" data-orig-size=\"600,398\" data-comments-opened=\"1\" data-image-meta=\"{&quot;aperture&quot;:&quot;0&quot;,&quot;credit&quot;:&quot;&quot;,&quot;camera&quot;:&quot;&quot;,&quot;caption&quot;:&quot;&quot;,&quot;created_timestamp&quot;:&quot;0&quot;,&quot;copyright&quot;:&quot;&quot;,&quot;focal_length&quot;:&quot;0&quot;,&quot;iso&quot;:&quot;0&quot;,&quot;shutter_speed&quot;:&quot;0&quot;,&quot;title&quot;:&quot;&quot;,&quot;orientation&quot;:&quot;0&quot;}\" data-image-title=\"orologio.600\" data-image-description=\"\" data-image-caption=\"\" data-medium-file=\"https:\/\/i0.wp.com\/antoniopascotto.it\/wp-content\/uploads\/2018\/01\/orologio.600.jpg?fit=300%2C199&amp;ssl=1\" data-large-file=\"https:\/\/i0.wp.com\/antoniopascotto.it\/wp-content\/uploads\/2018\/01\/orologio.600.jpg?fit=600%2C398&amp;ssl=1\" decoding=\"async\" loading=\"lazy\" class=\"alignleft size-medium wp-image-510\" src=\"https:\/\/i0.wp.com\/antoniopascotto.it\/wp-content\/uploads\/2018\/01\/orologio.600.jpg?resize=300%2C199\" alt=\"\" width=\"300\" height=\"199\" srcset=\"https:\/\/i0.wp.com\/antoniopascotto.it\/wp-content\/uploads\/2018\/01\/orologio.600.jpg?resize=300%2C199&amp;ssl=1 300w, https:\/\/i0.wp.com\/antoniopascotto.it\/wp-content\/uploads\/2018\/01\/orologio.600.jpg?w=600&amp;ssl=1 600w\" sizes=\"(max-width: 300px) 100vw, 300px\" data-recalc-dims=\"1\" \/>Spulciando a destra e sinistra su libri e siti online potrei aggiungere un\u2019altra riflessione che potrebbe dare luogo\u00a0alla teoria del presente senza tempo. In realt\u00e0 se digito \u2018<em>presente senza tempo\u2019<\/em> su Google mi vengono fuori titoli di poesie e di romanzi, videolezioni sulla grammatica, stili di vita e riflessioni filosofiche sul ritmo frenetico delle nostre giornate. Quello che intendo dire \u00e8 che, se non esiste il presente e se ogni nostra azione pu\u00f2 essere riconducibile al passato o al massimo al presente esteso, perch\u00e9 non definire anche un presente senza tempo, almeno solo nell\u2019attimo in cui si compie l\u2019azione?<\/p>\n<p>A questo punto dovremmo parlare del mondo senza tempo. Le riflessioni si intrecciano con quello che potrebbe essere il mondo senza Internet. A tal proposito sto scrivendo degli appunti. Ma ne riparliamo in un altro momento. In futuro, diciamo.<\/p>\n<p>&nbsp;<\/p>\n<p>&nbsp;<\/p>\n<p>&nbsp;<\/p>\n<p>&nbsp;<\/p>\n","protected":false},"excerpt":{"rendered":"<p>Dai tempo al tempo. Oppure: il tempo \u00e8 galantuomo. E ancora: a tempo perso, avere tempo da perdere, tempo da lupi, lascia il tempo che trova, guadagnare tempo. Potrei continuare cos\u00ec all\u2019infinito. I modi di dire che contengono la parola tempo sono innumerevoli. Anche il numero di saggi sull\u2019argomento \u00e8 alto. La spiegazione \u00e8 semplice: [&hellip;]<\/p>\n","protected":false},"author":2,"featured_media":502,"comment_status":"open","ping_status":"open","sticky":false,"template":"","format":"standard","meta":{"advanced_seo_description":"","jetpack_seo_html_title":"","jetpack_seo_noindex":false,"jetpack_post_was_ever_published":false,"_jetpack_newsletter_access":"","jetpack_publicize_message":"","jetpack_is_tweetstorm":false,"jetpack_publicize_feature_enabled":true,"jetpack_social_post_already_shared":true,"jetpack_social_options":{"image_generator_settings":{"template":"highway","enabled":false}}},"categories":[152],"tags":[156,157,155,154,153,17],"jetpack_publicize_connections":[],"jetpack_featured_media_url":"https:\/\/i0.wp.com\/antoniopascotto.it\/wp-content\/uploads\/2018\/01\/orologi2.jpg?fit=600%2C300&ssl=1","jetpack_sharing_enabled":true,"jetpack_shortlink":"https:\/\/wp.me\/p8swp8-85","jetpack-related-posts":[{"id":1429,"url":"https:\/\/antoniopascotto.it\/?p=1429","url_meta":{"origin":501,"position":0},"title":"IL TEMPO SOSPESO","author":"Antonio Pascotto","date":"Aprile 1, 2021","format":false,"excerpt":"Il tempo, cos\u00ec misterioso. Il tempo, che misura ore, giorni, settimane, anni. Il tempo che non passa mai, o che passa troppo veloce. Il tempo libero, e quello occupato dal lavoro. Il tempo come ritmo frenetico della vita, accompagnato dallo stress e dagli orologi. La vita che scorre segnata dalla\u2026","rel":"","context":"In &quot;Attualit\u00e0&quot;","block_context":{"text":"Attualit\u00e0","link":"https:\/\/antoniopascotto.it\/?cat=37"},"img":{"alt_text":"","src":"https:\/\/i0.wp.com\/antoniopascotto.it\/wp-content\/uploads\/2021\/04\/LA-PERSISTENZA-DELLA-MEMORIA.png?fit=763%2C464&ssl=1&resize=350%2C200","width":350,"height":200},"classes":[]},{"id":1390,"url":"https:\/\/antoniopascotto.it\/?p=1390","url_meta":{"origin":501,"position":1},"title":"ALLA RICONQUISTA DEL TEMPO PERDUTO","author":"Antonio Pascotto","date":"Dicembre 6, 2020","format":"image","excerpt":"Riconquistare il tempo perduto dal momento in cui Internet ha preso il sopravvento su tutti noi. Non \u00e8 una cosa semplice, ma vale la pena tentarci. Iniziamo col dire che con il progresso tecnologico la percezione dello spazio e del tempo \u00e8 cambiata. E con la Rete ancora di pi\u00f9.\u2026","rel":"","context":"In &quot;Internet&quot;","block_context":{"text":"Internet","link":"https:\/\/antoniopascotto.it\/?cat=262"},"img":{"alt_text":"","src":"https:\/\/i0.wp.com\/antoniopascotto.it\/wp-content\/uploads\/2020\/12\/2020-12-06_113117.png?fit=688%2C342&ssl=1&resize=350%2C200","width":350,"height":200},"classes":[]},{"id":798,"url":"https:\/\/antoniopascotto.it\/?p=798","url_meta":{"origin":501,"position":2},"title":"DIAMO TEMPO AL TEMPO","author":"Antonio Pascotto","date":"Gennaio 1, 2019","format":"image","excerpt":"Un altro anno \u00e8 alle spalle. Come auspicio siamo soliti dire: speriamo che quello appena arrivato sia migliore del precedente. Se le cose non sono andate per il meglio diciamo: il tempo sar\u00e0 galantuomo. Oppure: arriveranno tempi migliori. O ancora: diamo tempo al tempo. E se fa freddo? Diciamo: \u00e8\u2026","rel":"","context":"In &quot;Riflessioni&quot;","block_context":{"text":"Riflessioni","link":"https:\/\/antoniopascotto.it\/?cat=231"},"img":{"alt_text":"","src":"https:\/\/i0.wp.com\/antoniopascotto.it\/wp-content\/uploads\/2019\/01\/2019-01-01_171749.jpg?fit=770%2C433&ssl=1&resize=350%2C200","width":350,"height":200},"classes":[]},{"id":261,"url":"https:\/\/antoniopascotto.it\/?p=261","url_meta":{"origin":501,"position":3},"title":"ESSERE CREATIVI E&#8217; UN ISTINTO. L&#8217;OZIO FA SCATTARE LA SCINTILLA","author":"Antonio Pascotto","date":"Febbraio 25, 2017","format":"gallery","excerpt":"E\u2019 sempre e solo una questione di tempo. Si tratta di un concetto che ho espresso pi\u00f9 volte, ma credo che sia alla base di ogni riflessione o ragionamento. E non solo per quanto riguarda la tecnologia. Ma partiamo da questa, che poi \u00e8 il tema che contraddistingue i nostri\u2026","rel":"","context":"In &quot;Tecnologia&quot;","block_context":{"text":"Tecnologia","link":"https:\/\/antoniopascotto.it\/?cat=3"},"img":{"alt_text":"","src":"https:\/\/i0.wp.com\/antoniopascotto.it\/wp-content\/uploads\/2017\/02\/img_300-170214164644.jpg?fit=728%2C203&ssl=1&resize=350%2C200","width":350,"height":200},"classes":[]},{"id":1621,"url":"https:\/\/antoniopascotto.it\/?p=1621","url_meta":{"origin":501,"position":4},"title":"L&#8217;OROLOGIO","author":"Antonio Pascotto","date":"Dicembre 10, 2022","format":false,"excerpt":"Il mondo accelera, tutto scorre veloce ma cerco di non lasciarmi prendere dai ritmi frenetici di una societ\u00e0 in continuo movimento. Ad esempio, mi piacciono gli orologi ma non per il motivo per cui sono stati inventati. Mi piacciono gli orologi per l\u2019esatto contrario. Mi piace guardarli, soffermarmi sui particolari,\u2026","rel":"","context":"In &quot;Riflessioni&quot;","block_context":{"text":"Riflessioni","link":"https:\/\/antoniopascotto.it\/?cat=231"},"img":{"alt_text":"","src":"https:\/\/i0.wp.com\/antoniopascotto.it\/wp-content\/uploads\/2022\/12\/2022-12-10_185938.jpg?fit=733%2C455&ssl=1&resize=350%2C200","width":350,"height":200},"classes":[]},{"id":678,"url":"https:\/\/antoniopascotto.it\/?p=678","url_meta":{"origin":501,"position":5},"title":"CREATIVITA\u2019 E TEMPO LIBERO. L\u2019ELOGIO DELL\u2019OZIO","author":"Antonio Pascotto","date":"Maggio 20, 2018","format":"image","excerpt":"E\u2019 sempre e solo una questione di tempo. La sua concezione cambia a seconda dei periodi, delle persone e delle circostanze. Nel 1969 per andare da Roma a Milano in treno occorrevano circa sei ore.\u00a0 Il treno veniva definito rapido. Oggi, con il Freccia Rossa, ci si impiega meno della\u2026","rel":"","context":"In &quot;Lavoro&quot;","block_context":{"text":"Lavoro","link":"https:\/\/antoniopascotto.it\/?cat=121"},"img":{"alt_text":"","src":"https:\/\/i0.wp.com\/antoniopascotto.it\/wp-content\/uploads\/2018\/05\/ozio-3.jpg?fit=650%2C406&ssl=1&resize=350%2C200","width":350,"height":200},"classes":[]}],"_links":{"self":[{"href":"https:\/\/antoniopascotto.it\/index.php?rest_route=\/wp\/v2\/posts\/501"}],"collection":[{"href":"https:\/\/antoniopascotto.it\/index.php?rest_route=\/wp\/v2\/posts"}],"about":[{"href":"https:\/\/antoniopascotto.it\/index.php?rest_route=\/wp\/v2\/types\/post"}],"author":[{"embeddable":true,"href":"https:\/\/antoniopascotto.it\/index.php?rest_route=\/wp\/v2\/users\/2"}],"replies":[{"embeddable":true,"href":"https:\/\/antoniopascotto.it\/index.php?rest_route=%2Fwp%2Fv2%2Fcomments&post=501"}],"version-history":[{"count":5,"href":"https:\/\/antoniopascotto.it\/index.php?rest_route=\/wp\/v2\/posts\/501\/revisions"}],"predecessor-version":[{"id":514,"href":"https:\/\/antoniopascotto.it\/index.php?rest_route=\/wp\/v2\/posts\/501\/revisions\/514"}],"wp:featuredmedia":[{"embeddable":true,"href":"https:\/\/antoniopascotto.it\/index.php?rest_route=\/wp\/v2\/media\/502"}],"wp:attachment":[{"href":"https:\/\/antoniopascotto.it\/index.php?rest_route=%2Fwp%2Fv2%2Fmedia&parent=501"}],"wp:term":[{"taxonomy":"category","embeddable":true,"href":"https:\/\/antoniopascotto.it\/index.php?rest_route=%2Fwp%2Fv2%2Fcategories&post=501"},{"taxonomy":"post_tag","embeddable":true,"href":"https:\/\/antoniopascotto.it\/index.php?rest_route=%2Fwp%2Fv2%2Ftags&post=501"}],"curies":[{"name":"wp","href":"https:\/\/api.w.org\/{rel}","templated":true}]}}