{"id":488,"date":"2018-01-15T11:09:26","date_gmt":"2018-01-15T11:09:26","guid":{"rendered":"http:\/\/antoniopascotto.it\/?p=488"},"modified":"2018-05-08T07:26:00","modified_gmt":"2018-05-08T07:26:00","slug":"oggi-e-il-blue-monday-il-giorno-piu-triste-dellanno","status":"publish","type":"post","link":"https:\/\/antoniopascotto.it\/?p=488","title":{"rendered":"OGGI E&#8217; IL BLUE MONDAY, IL GIORNO PIU&#8217; TRISTE DELL&#8217;ANNO"},"content":{"rendered":"<p><img data-attachment-id=\"490\" data-permalink=\"https:\/\/antoniopascotto.it\/?attachment_id=490\" data-orig-file=\"https:\/\/i0.wp.com\/antoniopascotto.it\/wp-content\/uploads\/2018\/01\/BLUE-MONDAY.jpg?fit=582%2C340&amp;ssl=1\" data-orig-size=\"582,340\" data-comments-opened=\"1\" data-image-meta=\"{&quot;aperture&quot;:&quot;0&quot;,&quot;credit&quot;:&quot;&quot;,&quot;camera&quot;:&quot;&quot;,&quot;caption&quot;:&quot;&quot;,&quot;created_timestamp&quot;:&quot;0&quot;,&quot;copyright&quot;:&quot;&quot;,&quot;focal_length&quot;:&quot;0&quot;,&quot;iso&quot;:&quot;0&quot;,&quot;shutter_speed&quot;:&quot;0&quot;,&quot;title&quot;:&quot;&quot;,&quot;orientation&quot;:&quot;0&quot;}\" data-image-title=\"BLUE MONDAY\" data-image-description=\"\" data-image-caption=\"\" data-medium-file=\"https:\/\/i0.wp.com\/antoniopascotto.it\/wp-content\/uploads\/2018\/01\/BLUE-MONDAY.jpg?fit=300%2C175&amp;ssl=1\" data-large-file=\"https:\/\/i0.wp.com\/antoniopascotto.it\/wp-content\/uploads\/2018\/01\/BLUE-MONDAY.jpg?fit=582%2C340&amp;ssl=1\" decoding=\"async\" loading=\"lazy\" class=\"alignleft size-medium wp-image-490\" src=\"https:\/\/i0.wp.com\/antoniopascotto.it\/wp-content\/uploads\/2018\/01\/BLUE-MONDAY.jpg?resize=300%2C175\" alt=\"\" width=\"300\" height=\"175\" srcset=\"https:\/\/i0.wp.com\/antoniopascotto.it\/wp-content\/uploads\/2018\/01\/BLUE-MONDAY.jpg?resize=300%2C175&amp;ssl=1 300w, https:\/\/i0.wp.com\/antoniopascotto.it\/wp-content\/uploads\/2018\/01\/BLUE-MONDAY.jpg?w=582&amp;ssl=1 582w\" sizes=\"(max-width: 300px) 100vw, 300px\" data-recalc-dims=\"1\" \/>Ci mancava pure il giorno pi\u00f9 triste dell\u2019anno. Come se tutti gli altri fossero unici e straordinari. Tra dare e avere il risultato non credo sia a favore di quelli con il tasso di felicit\u00e0 pi\u00f9 alto, ma tant\u2019\u00e9. Oggi \u00e8 il Blue Monday, il giorno pi\u00f9 triste, appunto, rispetto agli altri 364. Il risultato ha origine da una equazione matematica sviluppata da uno psicologo inglese, tale Cliff Arnall, che non avendo nulla da fare aveva messo insieme le giornate di maltempo, le feste oramai alle spalle, la ripresa del lavoro ei tanti soldi spesi proprio durante il periodo natalizio. E quelli che si spenderanno in queste settimane tra scadenze fiscali e balzelli vari.<\/p>\n<p>La tradizione del Blue Monday \u00e8 inglese dunque. Ma senza andare troppo lontano mia madre, napoletanissima, mi ricordava spesso un detto piuttosto famoso: \u2018Dopo Natale, freddo e fame\u2019.<\/p>\n<p>Proverbi per proverbi ne ricordo anche altri: \u2018Un mese dopo Natale \u00e8 inverno naturale\u2019; \u2018Natale al sole, Pasqua al freddo\u2019; \u2018Se il Natale \u00e8 verde la Pasqua sar\u00e0 bianca\u2019. \u00a0Insomma, non c\u2019era bisogno della tradizione inglese per ricordarci che dopo le vacanze di Natale si presentano giorni pi\u00f9 complicati. Ma voglio essere ottimista e ricordare un altro proverbio:\u2018Dopo la neve, buon tempo ne viene\u2019. E allora arriveranno anche giorni migliori.<\/p>\n<p>Poi, per il giorno pi\u00f9 felice dell\u2019anno, bisogner\u00e0 attendere il mese di giugno. Dovrebbe cadere intorno al solstizio d\u2019estate, cio\u00e8 tra il 21 e il 24.<\/p>\n","protected":false},"excerpt":{"rendered":"<p>Ci mancava pure il giorno pi\u00f9 triste dell\u2019anno. Come se tutti gli altri fossero unici e straordinari. Tra dare e avere il risultato non credo sia a favore di quelli con il tasso di felicit\u00e0 pi\u00f9 alto, ma tant\u2019\u00e9. Oggi \u00e8 il Blue Monday, il giorno pi\u00f9 triste, appunto, rispetto agli altri 364. Il risultato [&hellip;]<\/p>\n","protected":false},"author":2,"featured_media":489,"comment_status":"open","ping_status":"open","sticky":false,"template":"","format":"image","meta":{"advanced_seo_description":"","jetpack_seo_html_title":"","jetpack_seo_noindex":false,"jetpack_post_was_ever_published":false,"_jetpack_newsletter_access":"","jetpack_publicize_message":"","jetpack_is_tweetstorm":false,"jetpack_publicize_feature_enabled":true,"jetpack_social_post_already_shared":true,"jetpack_social_options":{"image_generator_settings":{"template":"highway","enabled":false}}},"categories":[37],"tags":[146,147],"jetpack_publicize_connections":[],"jetpack_featured_media_url":"https:\/\/i0.wp.com\/antoniopascotto.it\/wp-content\/uploads\/2018\/01\/download.jpg?fit=606%2C350&ssl=1","jetpack_sharing_enabled":true,"jetpack_shortlink":"https:\/\/wp.me\/p8swp8-7S","jetpack-related-posts":[{"id":579,"url":"https:\/\/antoniopascotto.it\/?p=579","url_meta":{"origin":488,"position":0},"title":"L\u2019AMORE NEL GIORNO DEL SILENZIO","author":"Antonio Pascotto","date":"Marzo 3, 2018","format":"image","excerpt":"E\u2019 il giorno del silenzio, quello che mi piace di pi\u00f9 di una campagna elettorale. E non per motivi professionali, visto che lavoro di meno. E\u2019 il giorno della meditazione, quello che ti consente di riflettere su cosa \u00e8 pi\u00f9 giusto fare, o quello che ti permette, dopo settimane di\u2026","rel":"","context":"In &quot;Amore&quot;","block_context":{"text":"Amore","link":"https:\/\/antoniopascotto.it\/?cat=161"},"img":{"alt_text":"","src":"https:\/\/i0.wp.com\/antoniopascotto.it\/wp-content\/uploads\/2018\/03\/2018-03-03_064218.jpg?fit=711%2C355&ssl=1&resize=350%2C200","width":350,"height":200},"classes":[]},{"id":892,"url":"https:\/\/antoniopascotto.it\/?p=892","url_meta":{"origin":488,"position":1},"title":"UN MILIARDO DI ANNI IN RETE","author":"Antonio Pascotto","date":"Maggio 30, 2019","format":"image","excerpt":"I dati vengono snocciolati giorno per giorno, aumentando a dismisura. E cos\u00ec scopriamo che gli utenti di Internet, in tutto 4 miliardi di persone, in pratica met\u00e0 della popolazione mondiale, trascorrono online un tempo che equivale complessivamente a un miliardo di anni. Complici anche i cellulari, in pratica connessi ventiquattro\u2026","rel":"","context":"In &quot;Internet&quot;","block_context":{"text":"Internet","link":"https:\/\/antoniopascotto.it\/?cat=262"},"img":{"alt_text":"","src":"https:\/\/i0.wp.com\/antoniopascotto.it\/wp-content\/uploads\/2019\/05\/2019-05-30_090352.jpg?fit=919%2C505&ssl=1&resize=350%2C200","width":350,"height":200},"classes":[]},{"id":1374,"url":"https:\/\/antoniopascotto.it\/?p=1374","url_meta":{"origin":488,"position":2},"title":"I PENTITI DEL WEB","author":"Antonio Pascotto","date":"Ottobre 22, 2020","format":"image","excerpt":"Prima il loro impegno per la costruzione del mondo digitale in cui stiamo vivendo, poi il rimorso per il risultato del lavoro svolto sino ad oggi. Li chiamano i pentiti del Web, quelli che nella Silicon Valley si sono dati da fare per promuovere lo sviluppo tecnologico legato ai social\u2026","rel":"","context":"In &quot;Digitale&quot;","block_context":{"text":"Digitale","link":"https:\/\/antoniopascotto.it\/?cat=21"},"img":{"alt_text":"","src":"https:\/\/i0.wp.com\/antoniopascotto.it\/wp-content\/uploads\/2020\/10\/2020-10-22_102227.jpg?fit=935%2C407&ssl=1&resize=350%2C200","width":350,"height":200},"classes":[]},{"id":449,"url":"https:\/\/antoniopascotto.it\/?p=449","url_meta":{"origin":488,"position":3},"title":"LA RIVINCITA DELLA TELEVISIONE E DEI MEDIA CHE NON MORIRANNO MAI","author":"Antonio Pascotto","date":"Dicembre 5, 2017","format":"gallery","excerpt":"Nessun media morir\u00e0 mai. Lo sostengo da sempre. Figuriamoci\u00a0il media per eccellenza, la televisione,\u00a0quello che pi\u00f9 di ogni altro ha influito sulle nostre abitudini. In molti avevano decretato la sua fine: titoli a caratteri cubitali sui giornali, libri, saggi, ricerche. Tutto inutile, sono state sovvertite le tesi pi\u00f9 negative. Altro\u2026","rel":"","context":"In &quot;Digitale&quot;","block_context":{"text":"Digitale","link":"https:\/\/antoniopascotto.it\/?cat=21"},"img":{"alt_text":"","src":"https:\/\/i0.wp.com\/antoniopascotto.it\/wp-content\/uploads\/2017\/12\/telecomando.jpg?fit=660%2C371&ssl=1&resize=350%2C200","width":350,"height":200},"classes":[]},{"id":1463,"url":"https:\/\/antoniopascotto.it\/?p=1463","url_meta":{"origin":488,"position":4},"title":"QUEI GIORNI A NEW YORK, LA CITTA&#8217; DEGLI EROI","author":"Antonio Pascotto","date":"Settembre 10, 2021","format":"image","excerpt":"Fui catapultato\u00a0a New York\u00a0nei giorni immediatamente successivi all'attacco alle Torri Gemelle. L'attesa di 16 ore nell'aeroporto di Fiumicino, poi finalmente il volo Alitalia che ci port\u00f2 nella citt\u00e0 martoriata, da sempre al centro del mondo, ma in quel momento ancora di pi\u00f9. Ci sentivamo tutti cittadini della Grande Mela. Arrivai\u2026","rel":"","context":"In &quot;Celebrazioni&quot;","block_context":{"text":"Celebrazioni","link":"https:\/\/antoniopascotto.it\/?cat=213"},"img":{"alt_text":"","src":"https:\/\/i0.wp.com\/antoniopascotto.it\/wp-content\/uploads\/2021\/09\/20729571_10214025851469130_743593202763141375_n.jpg?fit=460%2C345&ssl=1&resize=350%2C200","width":350,"height":200},"classes":[]},{"id":1270,"url":"https:\/\/antoniopascotto.it\/?p=1270","url_meta":{"origin":488,"position":5},"title":"ERAVAMO FELICI MA ASINTOMATICI","author":"Antonio Pascotto","date":"Marzo 28, 2020","format":false,"excerpt":"Mi sembra di vivere in un incubo. Rinchiuso in casa, in piena pandemia. Riscopro le mie cose, riprendo tra le mani libri, fumetti. Rivedo vecchi film. Altri sono nuovi. Molti li avevo persi. Non posso andare a correre, ma ho il tapis roulant, e lo uso. Si che lo uso.\u2026","rel":"","context":"In &quot;Digitale&quot;","block_context":{"text":"Digitale","link":"https:\/\/antoniopascotto.it\/?cat=21"},"img":{"alt_text":"","src":"https:\/\/i0.wp.com\/antoniopascotto.it\/wp-content\/uploads\/2020\/03\/FOTO-DA-PEXELS.jpg?fit=1006%2C496&ssl=1&resize=350%2C200","width":350,"height":200},"classes":[]}],"_links":{"self":[{"href":"https:\/\/antoniopascotto.it\/index.php?rest_route=\/wp\/v2\/posts\/488"}],"collection":[{"href":"https:\/\/antoniopascotto.it\/index.php?rest_route=\/wp\/v2\/posts"}],"about":[{"href":"https:\/\/antoniopascotto.it\/index.php?rest_route=\/wp\/v2\/types\/post"}],"author":[{"embeddable":true,"href":"https:\/\/antoniopascotto.it\/index.php?rest_route=\/wp\/v2\/users\/2"}],"replies":[{"embeddable":true,"href":"https:\/\/antoniopascotto.it\/index.php?rest_route=%2Fwp%2Fv2%2Fcomments&post=488"}],"version-history":[{"count":1,"href":"https:\/\/antoniopascotto.it\/index.php?rest_route=\/wp\/v2\/posts\/488\/revisions"}],"predecessor-version":[{"id":491,"href":"https:\/\/antoniopascotto.it\/index.php?rest_route=\/wp\/v2\/posts\/488\/revisions\/491"}],"wp:featuredmedia":[{"embeddable":true,"href":"https:\/\/antoniopascotto.it\/index.php?rest_route=\/wp\/v2\/media\/489"}],"wp:attachment":[{"href":"https:\/\/antoniopascotto.it\/index.php?rest_route=%2Fwp%2Fv2%2Fmedia&parent=488"}],"wp:term":[{"taxonomy":"category","embeddable":true,"href":"https:\/\/antoniopascotto.it\/index.php?rest_route=%2Fwp%2Fv2%2Fcategories&post=488"},{"taxonomy":"post_tag","embeddable":true,"href":"https:\/\/antoniopascotto.it\/index.php?rest_route=%2Fwp%2Fv2%2Ftags&post=488"}],"curies":[{"name":"wp","href":"https:\/\/api.w.org\/{rel}","templated":true}]}}