{"id":479,"date":"2018-01-05T12:11:55","date_gmt":"2018-01-05T12:11:55","guid":{"rendered":"http:\/\/antoniopascotto.it\/?p=479"},"modified":"2018-03-03T05:48:57","modified_gmt":"2018-03-03T05:48:57","slug":"cara-befana-ti-scrivo","status":"publish","type":"post","link":"https:\/\/antoniopascotto.it\/?p=479","title":{"rendered":"CARA BEFANA TI SCRIVO"},"content":{"rendered":"<p><img data-attachment-id=\"481\" data-permalink=\"https:\/\/antoniopascotto.it\/?attachment_id=481\" data-orig-file=\"https:\/\/i0.wp.com\/antoniopascotto.it\/wp-content\/uploads\/2018\/01\/befana-2.jpg?fit=426%2C240&amp;ssl=1\" data-orig-size=\"426,240\" data-comments-opened=\"1\" data-image-meta=\"{&quot;aperture&quot;:&quot;0&quot;,&quot;credit&quot;:&quot;&quot;,&quot;camera&quot;:&quot;&quot;,&quot;caption&quot;:&quot;&quot;,&quot;created_timestamp&quot;:&quot;0&quot;,&quot;copyright&quot;:&quot;&quot;,&quot;focal_length&quot;:&quot;0&quot;,&quot;iso&quot;:&quot;0&quot;,&quot;shutter_speed&quot;:&quot;0&quot;,&quot;title&quot;:&quot;&quot;,&quot;orientation&quot;:&quot;0&quot;}\" data-image-title=\"befana 2\" data-image-description=\"\" data-image-caption=\"\" data-medium-file=\"https:\/\/i0.wp.com\/antoniopascotto.it\/wp-content\/uploads\/2018\/01\/befana-2.jpg?fit=300%2C169&amp;ssl=1\" data-large-file=\"https:\/\/i0.wp.com\/antoniopascotto.it\/wp-content\/uploads\/2018\/01\/befana-2.jpg?fit=426%2C240&amp;ssl=1\" decoding=\"async\" loading=\"lazy\" class=\"alignleft size-medium wp-image-481\" src=\"https:\/\/i0.wp.com\/antoniopascotto.it\/wp-content\/uploads\/2018\/01\/befana-2.jpg?resize=300%2C169\" alt=\"\" width=\"300\" height=\"169\" srcset=\"https:\/\/i0.wp.com\/antoniopascotto.it\/wp-content\/uploads\/2018\/01\/befana-2.jpg?resize=300%2C169&amp;ssl=1 300w, https:\/\/i0.wp.com\/antoniopascotto.it\/wp-content\/uploads\/2018\/01\/befana-2.jpg?w=426&amp;ssl=1 426w\" sizes=\"(max-width: 300px) 100vw, 300px\" data-recalc-dims=\"1\" \/>Cara Befana ti scrivo. Lo faccio perch\u00e9 sei sempre stata la mia preferita. Con Babbo Natale non c\u2019era confronto. Lui sempre in salute e ben vestito, a bordo di una comoda slitta trainata dalle otto imponenti renne dai nomi che, tradotti in italiano, fanno pure simpatia, come Saltarello, Donato e Rodolfo. Tu, invece, malvestita, con tutti quei bozzi sul naso, a cavallo di una scopa sgangherata, capace pure di mettere paura. A me hai sempre portato gioia. Ti attendevo con ansia, facendo finta di dormire nella notte tra il 5 e il 6 gennaio. Non vedevo l\u2019ora di trovare sul com\u00f2 della mia stanza da letto i doni che ti avevo chiesto. Ed era sempre una grande festa. Poi, lo ammetto, con le donne sono sempre andato molto\u00a0d\u2019accordo. Pi\u00f9 che con gli uomini. E con Santa Claus, ribadisco, non c\u2019era storia.<\/p>\n<p>Nella mia lettera stavolta non chiedo giocattoli, anche se mi piacerebbe. La richiesta \u00e8 pi\u00f9 impegnativa. Proprio perch\u00e9 tu sei una donna. E negli ultimi tempi sono state tante, troppe, le storie di violenze che le donne come te hanno dovuto subire. Ecco, non vorrei pi\u00f9 sentir parlare di discriminazioni e maltrattamenti. E nemmeno di quote rosa o di parit\u00e0 di genere.\u00a0Ho sempre pensato che stabilire per legge la parit\u00e0 di diritti \u00e8 comunque sbagliato. Senza contare che sono sempre stato convinto che le donne fossero pi\u00f9 capaci e intelligenti di noi. Abili mediatrici, guide rassicuranti e sicure.<\/p>\n<p>Di cose da chiederti ce ne sarebbero tante. Faccio finta che sia tutto possibile e ti invito, se \u00e8 possibile, a mettere una parola buona con quei due signori che si chiamano Donald Trump e \u00a0Kim jong-un, detto Pyongyang. A furia di non mandarsele a dire, attraverso social e agenzie di stampa, tra dichiarazioni insensate, stupide e pericolose, mettono a rischio i gi\u00e0 delicati equilibri internazionali.<\/p>\n<p>Poi c\u2019\u00e8 la questione del Medio Oriente. Anche in questo caso c\u2019\u00e8 sempre lo zampino di Trump. Era proprio necessario prendere posizione in quel modo su Gerusalemme, con conseguenze gravi per il processo di pace in Terra Santa?<\/p>\n<p>In campagna elettorale non esprimo giudizi sulle vicende di partito. Non posso anche per motivi professionali. Per\u00f2, cara Befana, una cosa vorrei chiederti. Quella di far riflettere i nostri politici sulle reali esigenze di noi cittadini, senza insistere troppo su proclami che hanno soltanto il sapore della propaganda elettorale.<\/p>\n<p>Lo so, non \u00e8 poco. E\u2019 tantissimo. Ma a te che sei la mia preferita queste cose le dovevo dire. Poi tu sai come fare. Cara Befana, da un tuo affezionato sostenitore, grazie per tutto. E pi\u00f9 di tutto, grazie per esserci sempre stata. A proposito, per i pi\u00f9 piccoli, la Befana esiste, altroch\u00e9.<\/p>\n","protected":false},"excerpt":{"rendered":"<p>Cara Befana ti scrivo. Lo faccio perch\u00e9 sei sempre stata la mia preferita. Con Babbo Natale non c\u2019era confronto. Lui sempre in salute e ben vestito, a bordo di una comoda slitta trainata dalle otto imponenti renne dai nomi che, tradotti in italiano, fanno pure simpatia, come Saltarello, Donato e Rodolfo. Tu, invece, malvestita, con [&hellip;]<\/p>\n","protected":false},"author":2,"featured_media":480,"comment_status":"open","ping_status":"open","sticky":false,"template":"","format":"image","meta":{"advanced_seo_description":"","jetpack_seo_html_title":"","jetpack_seo_noindex":false,"jetpack_post_was_ever_published":false,"_jetpack_newsletter_access":"","jetpack_publicize_message":"","jetpack_is_tweetstorm":false,"jetpack_publicize_feature_enabled":true,"jetpack_social_post_already_shared":true,"jetpack_social_options":{"image_generator_settings":{"template":"highway","enabled":false}}},"categories":[37],"tags":[142],"jetpack_publicize_connections":[],"jetpack_featured_media_url":"https:\/\/i0.wp.com\/antoniopascotto.it\/wp-content\/uploads\/2018\/01\/befana.jpg?fit=640%2C342&ssl=1","jetpack_sharing_enabled":true,"jetpack_shortlink":"https:\/\/wp.me\/p8swp8-7J","jetpack-related-posts":[{"id":621,"url":"https:\/\/antoniopascotto.it\/?p=621","url_meta":{"origin":479,"position":0},"title":"L\u2019ITALIA DI FABRIZIO","author":"Antonio Pascotto","date":"Marzo 26, 2018","format":false,"excerpt":"Quando scompare un personaggio noto se ne va anche un pezzetto della nostra vita. E\u2019 successo con artisti come Lucio Dalla, Pino Daniele e altri, che ci hanno accompagnato per tanto tempo con le loro splendide canzoni. Ancora oggi continuiamo ad ascoltare brani come Napul\u2019\u00e8 o Caro amico ti scrivo.\u2026","rel":"","context":"In &quot;Personaggi&quot;","block_context":{"text":"Personaggi","link":"https:\/\/antoniopascotto.it\/?cat=104"},"img":{"alt_text":"","src":"https:\/\/i0.wp.com\/antoniopascotto.it\/wp-content\/uploads\/2018\/03\/2018-03-26_231825.jpg?fit=747%2C431&ssl=1&resize=350%2C200","width":350,"height":200},"classes":[]},{"id":646,"url":"https:\/\/antoniopascotto.it\/?p=646","url_meta":{"origin":479,"position":1},"title":"CARO AMICO TI SCRIVO","author":"Antonio Pascotto","date":"Aprile 25, 2018","format":"image","excerpt":"Emozionato, davanti alla televisione,\u00a0guardando uno speciale davvero unico, dedicato a Lucio Dalla. Ho ripercorso, grazie a Giorgio Verdelli e agli autori del programma, momenti incredibili con musiche e canzoni che sono diventate anche colonna sonora di una parte della nostra vita. A cominciare da quella 4 marzo 1943, presentata da\u2026","rel":"","context":"In &quot;Musica&quot;","block_context":{"text":"Musica","link":"https:\/\/antoniopascotto.it\/?cat=46"},"img":{"alt_text":"","src":"https:\/\/i0.wp.com\/antoniopascotto.it\/wp-content\/uploads\/2018\/04\/dalla-1.jpg?fit=805%2C350&ssl=1&resize=350%2C200","width":350,"height":200},"classes":[]},{"id":1339,"url":"https:\/\/antoniopascotto.it\/?p=1339","url_meta":{"origin":479,"position":2},"title":"A TAVOLA NIENTE TELEFONINI","author":"Antonio Pascotto","date":"Luglio 9, 2020","format":"image","excerpt":"A tavola si contratta con la morte. Lo diceva sempre mia madre, che conosceva detti e proverbi di ogni regione d\u2019Italia. Ho sempre creduto nei detti proverbiali. Sono fonte di saggezza. Si tramandano nel tempo ed esprimono sentimenti e situazioni di vita quotidiana. Nel caso della tavola, se pensiamo che\u2026","rel":"","context":"In &quot;Digitale&quot;","block_context":{"text":"Digitale","link":"https:\/\/antoniopascotto.it\/?cat=21"},"img":{"alt_text":"","src":"https:\/\/i0.wp.com\/antoniopascotto.it\/wp-content\/uploads\/2020\/07\/2020-07-09_104024.png?fit=614%2C352&ssl=1&resize=350%2C200","width":350,"height":200},"classes":[]},{"id":819,"url":"https:\/\/antoniopascotto.it\/?p=819","url_meta":{"origin":479,"position":3},"title":"DIO E IL CINEMA","author":"Antonio Pascotto","date":"Febbraio 24, 2019","format":"image","excerpt":"La mia introduzione al libro di Donato Placido e Antonio G D'Errico 'Dio e il cinema. Una vita maledetta tra cielo e terra'. Ferrari Editore. Quella che avete tra le mani non \u00e8 una semplice autobiografia. E\u2019 molto di pi\u00f9. E\u2019 il racconto di una vita, ma anche una riflessione\u2026","rel":"","context":"In &quot;Libri&quot;","block_context":{"text":"Libri","link":"https:\/\/antoniopascotto.it\/?cat=6"},"img":{"alt_text":"","src":"https:\/\/i0.wp.com\/antoniopascotto.it\/wp-content\/uploads\/2019\/02\/2019-02-24_112607.jpg?fit=601%2C327&ssl=1&resize=350%2C200","width":350,"height":200},"classes":[]},{"id":579,"url":"https:\/\/antoniopascotto.it\/?p=579","url_meta":{"origin":479,"position":4},"title":"L\u2019AMORE NEL GIORNO DEL SILENZIO","author":"Antonio Pascotto","date":"Marzo 3, 2018","format":"image","excerpt":"E\u2019 il giorno del silenzio, quello che mi piace di pi\u00f9 di una campagna elettorale. E non per motivi professionali, visto che lavoro di meno. E\u2019 il giorno della meditazione, quello che ti consente di riflettere su cosa \u00e8 pi\u00f9 giusto fare, o quello che ti permette, dopo settimane di\u2026","rel":"","context":"In &quot;Amore&quot;","block_context":{"text":"Amore","link":"https:\/\/antoniopascotto.it\/?cat=161"},"img":{"alt_text":"","src":"https:\/\/i0.wp.com\/antoniopascotto.it\/wp-content\/uploads\/2018\/03\/2018-03-03_064218.jpg?fit=711%2C355&ssl=1&resize=350%2C200","width":350,"height":200},"classes":[]},{"id":671,"url":"https:\/\/antoniopascotto.it\/?p=671","url_meta":{"origin":479,"position":5},"title":"OGNI FAVOLA E&#8217; UN GIOCO","author":"Antonio Pascotto","date":"Maggio 10, 2018","format":"image","excerpt":"Ricordo ancora la voce di mia madre quando, da bambino, per farmi addormentare, mi leggeva una favola. Aspettavo con trepidazione quel momento. Mi piaceva la voce di mamma, con quella sua forte inflessione napoletana, quando si cimentava nella lettura di Cappuccetto Rosso o di Cenerentola. La guardavo e nello stesso\u2026","rel":"","context":"In &quot;Ricordi&quot;","block_context":{"text":"Ricordi","link":"https:\/\/antoniopascotto.it\/?cat=212"},"img":{"alt_text":"","src":"https:\/\/i0.wp.com\/antoniopascotto.it\/wp-content\/uploads\/2018\/05\/2018-05-11_001236.jpg?fit=819%2C429&ssl=1&resize=350%2C200","width":350,"height":200},"classes":[]}],"_links":{"self":[{"href":"https:\/\/antoniopascotto.it\/index.php?rest_route=\/wp\/v2\/posts\/479"}],"collection":[{"href":"https:\/\/antoniopascotto.it\/index.php?rest_route=\/wp\/v2\/posts"}],"about":[{"href":"https:\/\/antoniopascotto.it\/index.php?rest_route=\/wp\/v2\/types\/post"}],"author":[{"embeddable":true,"href":"https:\/\/antoniopascotto.it\/index.php?rest_route=\/wp\/v2\/users\/2"}],"replies":[{"embeddable":true,"href":"https:\/\/antoniopascotto.it\/index.php?rest_route=%2Fwp%2Fv2%2Fcomments&post=479"}],"version-history":[{"count":1,"href":"https:\/\/antoniopascotto.it\/index.php?rest_route=\/wp\/v2\/posts\/479\/revisions"}],"predecessor-version":[{"id":482,"href":"https:\/\/antoniopascotto.it\/index.php?rest_route=\/wp\/v2\/posts\/479\/revisions\/482"}],"wp:featuredmedia":[{"embeddable":true,"href":"https:\/\/antoniopascotto.it\/index.php?rest_route=\/wp\/v2\/media\/480"}],"wp:attachment":[{"href":"https:\/\/antoniopascotto.it\/index.php?rest_route=%2Fwp%2Fv2%2Fmedia&parent=479"}],"wp:term":[{"taxonomy":"category","embeddable":true,"href":"https:\/\/antoniopascotto.it\/index.php?rest_route=%2Fwp%2Fv2%2Fcategories&post=479"},{"taxonomy":"post_tag","embeddable":true,"href":"https:\/\/antoniopascotto.it\/index.php?rest_route=%2Fwp%2Fv2%2Ftags&post=479"}],"curies":[{"name":"wp","href":"https:\/\/api.w.org\/{rel}","templated":true}]}}