{"id":455,"date":"2017-12-19T10:11:12","date_gmt":"2017-12-19T10:11:12","guid":{"rendered":"http:\/\/antoniopascotto.it\/?p=455"},"modified":"2022-01-18T17:00:14","modified_gmt":"2022-01-18T17:00:14","slug":"torino-vuol-dire-napoli-che-va-in-montagna","status":"publish","type":"post","link":"https:\/\/antoniopascotto.it\/?p=455","title":{"rendered":"TORINO VUOL DIRE NAPOLI CHE VA IN MONTAGNA"},"content":{"rendered":"<p><img data-attachment-id=\"457\" data-permalink=\"https:\/\/antoniopascotto.it\/?attachment_id=457\" data-orig-file=\"https:\/\/i0.wp.com\/antoniopascotto.it\/wp-content\/uploads\/2017\/12\/IMG_3871.jpg?fit=3264%2C2448&amp;ssl=1\" data-orig-size=\"3264,2448\" data-comments-opened=\"1\" data-image-meta=\"{&quot;aperture&quot;:&quot;2.2&quot;,&quot;credit&quot;:&quot;&quot;,&quot;camera&quot;:&quot;iPhone 6 Plus&quot;,&quot;caption&quot;:&quot;&quot;,&quot;created_timestamp&quot;:&quot;1513525098&quot;,&quot;copyright&quot;:&quot;&quot;,&quot;focal_length&quot;:&quot;4.15&quot;,&quot;iso&quot;:&quot;32&quot;,&quot;shutter_speed&quot;:&quot;0.00068306010928962&quot;,&quot;title&quot;:&quot;&quot;,&quot;orientation&quot;:&quot;1&quot;}\" data-image-title=\"IMG_3871\" data-image-description=\"\" data-image-caption=\"\" data-medium-file=\"https:\/\/i0.wp.com\/antoniopascotto.it\/wp-content\/uploads\/2017\/12\/IMG_3871.jpg?fit=300%2C225&amp;ssl=1\" data-large-file=\"https:\/\/i0.wp.com\/antoniopascotto.it\/wp-content\/uploads\/2017\/12\/IMG_3871.jpg?fit=1024%2C768&amp;ssl=1\" decoding=\"async\" loading=\"lazy\" class=\"alignleft size-medium wp-image-457\" src=\"https:\/\/i0.wp.com\/antoniopascotto.it\/wp-content\/uploads\/2017\/12\/IMG_3871.jpg?resize=300%2C225\" alt=\"\" width=\"300\" height=\"225\" srcset=\"https:\/\/i0.wp.com\/antoniopascotto.it\/wp-content\/uploads\/2017\/12\/IMG_3871.jpg?resize=300%2C225&amp;ssl=1 300w, https:\/\/i0.wp.com\/antoniopascotto.it\/wp-content\/uploads\/2017\/12\/IMG_3871.jpg?resize=768%2C576&amp;ssl=1 768w, https:\/\/i0.wp.com\/antoniopascotto.it\/wp-content\/uploads\/2017\/12\/IMG_3871.jpg?resize=1024%2C768&amp;ssl=1 1024w, https:\/\/i0.wp.com\/antoniopascotto.it\/wp-content\/uploads\/2017\/12\/IMG_3871.jpg?w=2000 2000w, https:\/\/i0.wp.com\/antoniopascotto.it\/wp-content\/uploads\/2017\/12\/IMG_3871.jpg?w=3000 3000w\" sizes=\"(max-width: 300px) 100vw, 300px\" data-recalc-dims=\"1\" \/>Torino non \u00e8 soltanto un\u2019illusione. Torino \u00e8 la citt\u00e0 che ti accoglie anche se arrivi da molto lontano. Mi \u00e8 sempre piaciuta, pure in epoca non sospetta, quando era considerata una citt\u00e0 grigia. Sar\u00e0 stata la presenza della Fiat. A me piaceva in particolare per questo, perch\u00e9 aveva dato a tanta gente una opportunit\u00e0 di lavoro. Ne ho conosciute tante di persone che erano andate a Torino per lavorare al Lingotto. Moltissimi meridionali. C\u2019ero andato anch\u2019io, qualche anno pi\u00f9 tardi, in occasione della nascita del Pd.<\/p>\n<p>Tempi moderni, dove al posto dello stabilimento trovai un complesso multifunzionale con annesso centro commerciale e un Walter Veltroni tonico che lanciava un nuovo partito. Un\u2019unica missione: fare un\u2019Italia nuova. Poi sappiamo come \u00e8 andata a finire. Nel senso che Veltroni ha lasciato la politica per dedicarsi ai libri e al cinema. Con l\u2019eccezione di qualche settimana fa, quando \u00e8 intervenuto con un altro sentito discorso\u00a0alle celebrazioni per il decennale della nascita del Pd.<\/p>\n<p><img data-attachment-id=\"464\" data-permalink=\"https:\/\/antoniopascotto.it\/?attachment_id=464\" data-orig-file=\"https:\/\/i0.wp.com\/antoniopascotto.it\/wp-content\/uploads\/2017\/12\/IMG_3935.jpg?fit=3264%2C2448&amp;ssl=1\" data-orig-size=\"3264,2448\" data-comments-opened=\"1\" data-image-meta=\"{&quot;aperture&quot;:&quot;2.2&quot;,&quot;credit&quot;:&quot;&quot;,&quot;camera&quot;:&quot;iPhone 6 Plus&quot;,&quot;caption&quot;:&quot;&quot;,&quot;created_timestamp&quot;:&quot;1513529426&quot;,&quot;copyright&quot;:&quot;&quot;,&quot;focal_length&quot;:&quot;4.15&quot;,&quot;iso&quot;:&quot;32&quot;,&quot;shutter_speed&quot;:&quot;0.02&quot;,&quot;title&quot;:&quot;&quot;,&quot;orientation&quot;:&quot;1&quot;}\" data-image-title=\"IMG_3935\" data-image-description=\"\" data-image-caption=\"\" data-medium-file=\"https:\/\/i0.wp.com\/antoniopascotto.it\/wp-content\/uploads\/2017\/12\/IMG_3935.jpg?fit=300%2C225&amp;ssl=1\" data-large-file=\"https:\/\/i0.wp.com\/antoniopascotto.it\/wp-content\/uploads\/2017\/12\/IMG_3935.jpg?fit=1024%2C768&amp;ssl=1\" decoding=\"async\" loading=\"lazy\" class=\"alignleft size-medium wp-image-464\" src=\"https:\/\/i0.wp.com\/antoniopascotto.it\/wp-content\/uploads\/2017\/12\/IMG_3935.jpg?resize=300%2C225\" alt=\"\" width=\"300\" height=\"225\" srcset=\"https:\/\/i0.wp.com\/antoniopascotto.it\/wp-content\/uploads\/2017\/12\/IMG_3935.jpg?resize=300%2C225&amp;ssl=1 300w, https:\/\/i0.wp.com\/antoniopascotto.it\/wp-content\/uploads\/2017\/12\/IMG_3935.jpg?resize=768%2C576&amp;ssl=1 768w, https:\/\/i0.wp.com\/antoniopascotto.it\/wp-content\/uploads\/2017\/12\/IMG_3935.jpg?resize=1024%2C768&amp;ssl=1 1024w, https:\/\/i0.wp.com\/antoniopascotto.it\/wp-content\/uploads\/2017\/12\/IMG_3935.jpg?w=2000 2000w, https:\/\/i0.wp.com\/antoniopascotto.it\/wp-content\/uploads\/2017\/12\/IMG_3935.jpg?w=3000 3000w\" sizes=\"(max-width: 300px) 100vw, 300px\" data-recalc-dims=\"1\" \/>Ma torniamo a Torino, con le sue grandi piazze e i suoi portici. Che poi ho capito perch\u00e9 ce ne sono tanti. Servono per ripararsi dal freddo, intenso, che senti addosso pi\u00f9 che in altri posti. Ma Torino \u00e8 cos\u00ec bella che non ci pensi pi\u00f9, e giri in lungo e in largo senza stancarti mai. Da piazza San Carlo a piazza Castello, il Palazzo Reale, via Po, l\u2019immensa piazza Vittoria, il lungo fiume.<\/p>\n<p><img data-attachment-id=\"459\" data-permalink=\"https:\/\/antoniopascotto.it\/?attachment_id=459\" data-orig-file=\"https:\/\/i0.wp.com\/antoniopascotto.it\/wp-content\/uploads\/2017\/12\/IMG_3923-e1513678110288.jpg?fit=960%2C1280&amp;ssl=1\" data-orig-size=\"960,1280\" data-comments-opened=\"1\" data-image-meta=\"{&quot;aperture&quot;:&quot;2.2&quot;,&quot;credit&quot;:&quot;&quot;,&quot;camera&quot;:&quot;iPhone 6 Plus&quot;,&quot;caption&quot;:&quot;&quot;,&quot;created_timestamp&quot;:&quot;1513528015&quot;,&quot;copyright&quot;:&quot;&quot;,&quot;focal_length&quot;:&quot;2.65&quot;,&quot;iso&quot;:&quot;40&quot;,&quot;shutter_speed&quot;:&quot;0.01&quot;,&quot;title&quot;:&quot;&quot;,&quot;orientation&quot;:&quot;6&quot;}\" data-image-title=\"IMG_3923\" data-image-description=\"\" data-image-caption=\"\" data-medium-file=\"https:\/\/i0.wp.com\/antoniopascotto.it\/wp-content\/uploads\/2017\/12\/IMG_3923-e1513678110288.jpg?fit=225%2C300&amp;ssl=1\" data-large-file=\"https:\/\/i0.wp.com\/antoniopascotto.it\/wp-content\/uploads\/2017\/12\/IMG_3923-e1513678110288.jpg?fit=768%2C1024&amp;ssl=1\" decoding=\"async\" loading=\"lazy\" class=\"alignleft size-medium wp-image-459\" src=\"https:\/\/i0.wp.com\/antoniopascotto.it\/wp-content\/uploads\/2017\/12\/IMG_3923-e1513678110288-225x300.jpg?resize=225%2C300\" alt=\"\" width=\"225\" height=\"300\" srcset=\"https:\/\/i0.wp.com\/antoniopascotto.it\/wp-content\/uploads\/2017\/12\/IMG_3923-e1513678110288.jpg?resize=225%2C300&amp;ssl=1 225w, https:\/\/i0.wp.com\/antoniopascotto.it\/wp-content\/uploads\/2017\/12\/IMG_3923-e1513678110288.jpg?resize=768%2C1024&amp;ssl=1 768w, https:\/\/i0.wp.com\/antoniopascotto.it\/wp-content\/uploads\/2017\/12\/IMG_3923-e1513678110288.jpg?w=960&amp;ssl=1 960w\" sizes=\"(max-width: 225px) 100vw, 225px\" data-recalc-dims=\"1\" \/>Eppoi la Mole, che ti appare all\u2019improvviso, senza che te lo aspetti. Cio\u00e8, lo sai che prima o poi dovrai vederla, ma \u00e8 sempre cos\u00ec, la sensazione \u00e8 quella. E ti manca il fiato. Fa freddo, ma che importanza ha? Mi viene in mente una canzone, poi un\u2019altra e un\u2019altra ancora.<\/p>\n<p>&nbsp;<\/p>\n<p>&nbsp;<\/p>\n<p>&nbsp;<\/p>\n<p>&nbsp;<\/p>\n<p><img data-attachment-id=\"460\" data-permalink=\"https:\/\/antoniopascotto.it\/?attachment_id=460\" data-orig-file=\"https:\/\/i0.wp.com\/antoniopascotto.it\/wp-content\/uploads\/2017\/12\/IMG_3863.jpg?fit=3264%2C2448&amp;ssl=1\" data-orig-size=\"3264,2448\" data-comments-opened=\"1\" data-image-meta=\"{&quot;aperture&quot;:&quot;2.2&quot;,&quot;credit&quot;:&quot;&quot;,&quot;camera&quot;:&quot;iPhone 6 Plus&quot;,&quot;caption&quot;:&quot;&quot;,&quot;created_timestamp&quot;:&quot;1513524377&quot;,&quot;copyright&quot;:&quot;&quot;,&quot;focal_length&quot;:&quot;4.15&quot;,&quot;iso&quot;:&quot;40&quot;,&quot;shutter_speed&quot;:&quot;0.01&quot;,&quot;title&quot;:&quot;&quot;,&quot;orientation&quot;:&quot;1&quot;}\" data-image-title=\"IMG_3863\" data-image-description=\"\" data-image-caption=\"\" data-medium-file=\"https:\/\/i0.wp.com\/antoniopascotto.it\/wp-content\/uploads\/2017\/12\/IMG_3863.jpg?fit=300%2C225&amp;ssl=1\" data-large-file=\"https:\/\/i0.wp.com\/antoniopascotto.it\/wp-content\/uploads\/2017\/12\/IMG_3863.jpg?fit=1024%2C768&amp;ssl=1\" decoding=\"async\" loading=\"lazy\" class=\"alignleft size-medium wp-image-460\" src=\"https:\/\/i0.wp.com\/antoniopascotto.it\/wp-content\/uploads\/2017\/12\/IMG_3863.jpg?resize=300%2C225\" alt=\"\" width=\"300\" height=\"225\" srcset=\"https:\/\/i0.wp.com\/antoniopascotto.it\/wp-content\/uploads\/2017\/12\/IMG_3863.jpg?resize=300%2C225&amp;ssl=1 300w, https:\/\/i0.wp.com\/antoniopascotto.it\/wp-content\/uploads\/2017\/12\/IMG_3863.jpg?resize=768%2C576&amp;ssl=1 768w, https:\/\/i0.wp.com\/antoniopascotto.it\/wp-content\/uploads\/2017\/12\/IMG_3863.jpg?resize=1024%2C768&amp;ssl=1 1024w, https:\/\/i0.wp.com\/antoniopascotto.it\/wp-content\/uploads\/2017\/12\/IMG_3863.jpg?w=2000 2000w, https:\/\/i0.wp.com\/antoniopascotto.it\/wp-content\/uploads\/2017\/12\/IMG_3863.jpg?w=3000 3000w\" sizes=\"(max-width: 300px) 100vw, 300px\" data-recalc-dims=\"1\" \/>A piazza Castello trovo un raduno di golden retriever. Il tempo per pensare anche a Belle, la cagnolona che ho lasciato a Roma. Poi mi immergo di nuovo nella storia. Il cielo su Torino \u00e8 azzurro, altro che citt\u00e0 grigia. E la neve che rimane fissa sui tetti la rende ancora pi\u00f9 magica. Cos\u00ec come il mercatino allestito a piazza Castello.<\/p>\n<p>&nbsp;<\/p>\n<p><img data-attachment-id=\"461\" data-permalink=\"https:\/\/antoniopascotto.it\/?attachment_id=461\" data-orig-file=\"https:\/\/i0.wp.com\/antoniopascotto.it\/wp-content\/uploads\/2017\/12\/IMG_3903.jpg?fit=3264%2C2448&amp;ssl=1\" data-orig-size=\"3264,2448\" data-comments-opened=\"1\" data-image-meta=\"{&quot;aperture&quot;:&quot;2.2&quot;,&quot;credit&quot;:&quot;&quot;,&quot;camera&quot;:&quot;iPhone 6 Plus&quot;,&quot;caption&quot;:&quot;&quot;,&quot;created_timestamp&quot;:&quot;1513526269&quot;,&quot;copyright&quot;:&quot;&quot;,&quot;focal_length&quot;:&quot;4.15&quot;,&quot;iso&quot;:&quot;32&quot;,&quot;shutter_speed&quot;:&quot;0.0034965034965035&quot;,&quot;title&quot;:&quot;&quot;,&quot;orientation&quot;:&quot;1&quot;}\" data-image-title=\"IMG_3903\" data-image-description=\"\" data-image-caption=\"\" data-medium-file=\"https:\/\/i0.wp.com\/antoniopascotto.it\/wp-content\/uploads\/2017\/12\/IMG_3903.jpg?fit=300%2C225&amp;ssl=1\" data-large-file=\"https:\/\/i0.wp.com\/antoniopascotto.it\/wp-content\/uploads\/2017\/12\/IMG_3903.jpg?fit=1024%2C768&amp;ssl=1\" decoding=\"async\" loading=\"lazy\" class=\"alignleft size-medium wp-image-461\" src=\"https:\/\/i0.wp.com\/antoniopascotto.it\/wp-content\/uploads\/2017\/12\/IMG_3903.jpg?resize=300%2C225\" alt=\"\" width=\"300\" height=\"225\" srcset=\"https:\/\/i0.wp.com\/antoniopascotto.it\/wp-content\/uploads\/2017\/12\/IMG_3903.jpg?resize=300%2C225&amp;ssl=1 300w, https:\/\/i0.wp.com\/antoniopascotto.it\/wp-content\/uploads\/2017\/12\/IMG_3903.jpg?resize=768%2C576&amp;ssl=1 768w, https:\/\/i0.wp.com\/antoniopascotto.it\/wp-content\/uploads\/2017\/12\/IMG_3903.jpg?resize=1024%2C768&amp;ssl=1 1024w, https:\/\/i0.wp.com\/antoniopascotto.it\/wp-content\/uploads\/2017\/12\/IMG_3903.jpg?w=2000 2000w, https:\/\/i0.wp.com\/antoniopascotto.it\/wp-content\/uploads\/2017\/12\/IMG_3903.jpg?w=3000 3000w\" sizes=\"(max-width: 300px) 100vw, 300px\" data-recalc-dims=\"1\" \/>Attraverso le strade dritte, giro tra i vicoli e quando cala il buio mi sembra di vedere qualche folletto spuntare da dietro gli angoli. Perch\u00e9 Torino \u00e8 un punto del triangolo magico che si compone con Praga e Lione. Ne ho lette molte di storie. Ma ci sono anche tante luci. Manca poco al Natale. Per\u00f2 non sono le classiche luminarie, ma vere e proprie opere d\u2019arte. Si sono dati da fare gli artisti che hanno creato questa suggestiva scenografia che segue un lungo percorso tra vie e negozi aperti in questo periodo fino a tardi. E questa \u00e8 una novit\u00e0.<\/p>\n<p><img data-attachment-id=\"458\" data-permalink=\"https:\/\/antoniopascotto.it\/?attachment_id=458\" data-orig-file=\"https:\/\/i0.wp.com\/antoniopascotto.it\/wp-content\/uploads\/2017\/12\/IMG_3877-e1513678052332.jpg?fit=1280%2C960&amp;ssl=1\" data-orig-size=\"1280,960\" data-comments-opened=\"1\" data-image-meta=\"{&quot;aperture&quot;:&quot;2.2&quot;,&quot;credit&quot;:&quot;&quot;,&quot;camera&quot;:&quot;iPhone 6 Plus&quot;,&quot;caption&quot;:&quot;&quot;,&quot;created_timestamp&quot;:&quot;1513525210&quot;,&quot;copyright&quot;:&quot;&quot;,&quot;focal_length&quot;:&quot;2.65&quot;,&quot;iso&quot;:&quot;32&quot;,&quot;shutter_speed&quot;:&quot;0.0003690036900369&quot;,&quot;title&quot;:&quot;&quot;,&quot;orientation&quot;:&quot;3&quot;}\" data-image-title=\"IMG_3877\" data-image-description=\"\" data-image-caption=\"\" data-medium-file=\"https:\/\/i0.wp.com\/antoniopascotto.it\/wp-content\/uploads\/2017\/12\/IMG_3877-e1513678052332.jpg?fit=300%2C225&amp;ssl=1\" data-large-file=\"https:\/\/i0.wp.com\/antoniopascotto.it\/wp-content\/uploads\/2017\/12\/IMG_3877-e1513678052332.jpg?fit=1024%2C768&amp;ssl=1\" decoding=\"async\" loading=\"lazy\" class=\"alignleft size-medium wp-image-458\" src=\"https:\/\/i0.wp.com\/antoniopascotto.it\/wp-content\/uploads\/2017\/12\/IMG_3877-e1513678052332-300x225.jpg?resize=300%2C225\" alt=\"\" width=\"300\" height=\"225\" srcset=\"https:\/\/i0.wp.com\/antoniopascotto.it\/wp-content\/uploads\/2017\/12\/IMG_3877-e1513678052332.jpg?resize=300%2C225&amp;ssl=1 300w, https:\/\/i0.wp.com\/antoniopascotto.it\/wp-content\/uploads\/2017\/12\/IMG_3877-e1513678052332.jpg?resize=768%2C576&amp;ssl=1 768w, https:\/\/i0.wp.com\/antoniopascotto.it\/wp-content\/uploads\/2017\/12\/IMG_3877-e1513678052332.jpg?resize=1024%2C768&amp;ssl=1 1024w, https:\/\/i0.wp.com\/antoniopascotto.it\/wp-content\/uploads\/2017\/12\/IMG_3877-e1513678052332.jpg?w=1280&amp;ssl=1 1280w\" sizes=\"(max-width: 300px) 100vw, 300px\" data-recalc-dims=\"1\" \/>Ma a Torino la gente si \u00e8 sempre data da fare. Coinvolgendo anche chi arriva da lontano. Perch\u00e9 qui tutti diventano torinesi. A partire dai francesi, e non solo per un fatto storico. Se ne vedono molti in giro. Cos\u00ec come gli americani e i tedeschi. Del resto dopo qualche difficolt\u00e0 diventarono torinesi anche i tanti meridionali emigrati al nord in cerca di fortuna. Se tutto il mondo \u00e8 paese, Torino \u00e8 il paese pi\u00f9 grande. Torino non \u00e8 soltanto un nome, cantava Venditti, ma un grande coro di persone. Torino vuol dire Napoli che va in montagna.<\/p>\n","protected":false},"excerpt":{"rendered":"<p>Torino non \u00e8 soltanto un\u2019illusione. Torino \u00e8 la citt\u00e0 che ti accoglie anche se arrivi da molto lontano. Mi \u00e8 sempre piaciuta, pure in epoca non sospetta, quando era considerata una citt\u00e0 grigia. Sar\u00e0 stata la presenza della Fiat. A me piaceva in particolare per questo, perch\u00e9 aveva dato a tanta gente una opportunit\u00e0 di [&hellip;]<\/p>\n","protected":false},"author":2,"featured_media":456,"comment_status":"open","ping_status":"open","sticky":false,"template":"","format":"image","meta":{"advanced_seo_description":"","jetpack_seo_html_title":"","jetpack_seo_noindex":false,"jetpack_post_was_ever_published":false,"_jetpack_newsletter_access":"","jetpack_publicize_message":"","jetpack_is_tweetstorm":false,"jetpack_publicize_feature_enabled":true,"jetpack_social_post_already_shared":true,"jetpack_social_options":{"image_generator_settings":{"template":"highway","enabled":false}}},"categories":[127],"tags":[132,131,130,133,128,129],"jetpack_publicize_connections":[],"jetpack_featured_media_url":"https:\/\/i0.wp.com\/antoniopascotto.it\/wp-content\/uploads\/2017\/12\/IMG_3852.jpg?fit=3264%2C2448&ssl=1","jetpack_sharing_enabled":true,"jetpack_shortlink":"https:\/\/wp.me\/p8swp8-7l","jetpack-related-posts":[{"id":331,"url":"https:\/\/antoniopascotto.it\/?p=331","url_meta":{"origin":455,"position":0},"title":"FELICITA&#8217; E COINCIDENZE","author":"Antonio Pascotto","date":"Luglio 6, 2017","format":"gallery","excerpt":"Sono coincidenze, solo coincidenze. Eppure succede che nel giro di poche ore ho visto il docufilm di Walter Veltroni \u201cIndizi di felicit\u00e0\u201d. Poi ho letto sul Venerd\u00ec di Repubblica un\u2019intervista a Claudio Lolli, un cantautore che ho amato. I pi\u00f9 giovani non lo conoscono, ma quelli della mia generazione ricorderanno\u2026","rel":"","context":"In &quot;Attualit\u00e0&quot;","block_context":{"text":"Attualit\u00e0","link":"https:\/\/antoniopascotto.it\/?cat=37"},"img":{"alt_text":"","src":"https:\/\/i0.wp.com\/antoniopascotto.it\/wp-content\/uploads\/2017\/07\/LOLLI.jpg?fit=800%2C800&ssl=1&resize=350%2C200","width":350,"height":200},"classes":[]},{"id":1517,"url":"https:\/\/antoniopascotto.it\/?p=1517","url_meta":{"origin":455,"position":1},"title":"L\u2019OTTIMISMO","author":"Antonio Pascotto","date":"Gennaio 6, 2022","format":"image","excerpt":"\u201cGianni, l\u2019ottimismo \u00e8 il profumo della vita\u201d. Tonino Guerra, grande poeta, scrittore e sceneggiatore, pronunciava questa frase in un famoso spot di una catena di negozi di elettronica, in onda su tutte le televisioni nei primi anni 2000. Era rivolta al suo amico Gianfranco Giannini, anch\u2019egli sceneggiatore. In quelle parole\u2026","rel":"","context":"In &quot;Attualit\u00e0&quot;","block_context":{"text":"Attualit\u00e0","link":"https:\/\/antoniopascotto.it\/?cat=37"},"img":{"alt_text":"","src":"https:\/\/i0.wp.com\/antoniopascotto.it\/wp-content\/uploads\/2022\/01\/OTTIMISMO-E-PESSIMISMO.png?fit=718%2C337&ssl=1&resize=350%2C200","width":350,"height":200},"classes":[]},{"id":472,"url":"https:\/\/antoniopascotto.it\/?p=472","url_meta":{"origin":455,"position":2},"title":"A SAN PIETRO CON MAMMA SCHIAVONA","author":"Antonio Pascotto","date":"Dicembre 31, 2017","format":"image","excerpt":"Lo sguardo dolce e severo al tempo stesso. L'immagine della Madonna che ti guarda e ti benedice, sempre e comunque. La Madonna di tutti, anche di quelli che hanno la pelle scura. Perch\u00e9 lei stessa ha la pelle scura, come gli schiavi. E Mamma Schiavona \u00e8 sempre stata dalla parte\u2026","rel":"","context":"In &quot;Ambiente&quot;","block_context":{"text":"Ambiente","link":"https:\/\/antoniopascotto.it\/?cat=58"},"img":{"alt_text":"","src":"https:\/\/i0.wp.com\/antoniopascotto.it\/wp-content\/uploads\/2017\/12\/IMG-20171231-WA0004.jpg?fit=1200%2C901&ssl=1&resize=350%2C200","width":350,"height":200},"classes":[]},{"id":493,"url":"https:\/\/antoniopascotto.it\/?p=493","url_meta":{"origin":455,"position":3},"title":"COME CONQUISTARE IL MONDO CON UNA BUATTA","author":"Antonio Pascotto","date":"Gennaio 20, 2018","format":"image","excerpt":"La passione per la musica l\u2019ho sempre avuta. A partire dai tempi della radio. Conducevo un programma mattutino. Non avevo l\u2019auto, e da casa mi muovevo con una borsa carica di dischi diretto verso la sede dell\u2019emittente, piuttosto lontana dalla mia abitazione. Ero animato dalla voglia di comunicare e di\u2026","rel":"","context":"In &quot;Libri&quot;","block_context":{"text":"Libri","link":"https:\/\/antoniopascotto.it\/?cat=6"},"img":{"alt_text":"","src":"https:\/\/i0.wp.com\/antoniopascotto.it\/wp-content\/uploads\/2018\/01\/Tony_Cercola.jpg?fit=530%2C421&ssl=1&resize=350%2C200","width":350,"height":200},"classes":[]},{"id":1463,"url":"https:\/\/antoniopascotto.it\/?p=1463","url_meta":{"origin":455,"position":4},"title":"QUEI GIORNI A NEW YORK, LA CITTA&#8217; DEGLI EROI","author":"Antonio Pascotto","date":"Settembre 10, 2021","format":"image","excerpt":"Fui catapultato\u00a0a New York\u00a0nei giorni immediatamente successivi all'attacco alle Torri Gemelle. L'attesa di 16 ore nell'aeroporto di Fiumicino, poi finalmente il volo Alitalia che ci port\u00f2 nella citt\u00e0 martoriata, da sempre al centro del mondo, ma in quel momento ancora di pi\u00f9. Ci sentivamo tutti cittadini della Grande Mela. Arrivai\u2026","rel":"","context":"In &quot;Celebrazioni&quot;","block_context":{"text":"Celebrazioni","link":"https:\/\/antoniopascotto.it\/?cat=213"},"img":{"alt_text":"","src":"https:\/\/i0.wp.com\/antoniopascotto.it\/wp-content\/uploads\/2021\/09\/20729571_10214025851469130_743593202763141375_n.jpg?fit=460%2C345&ssl=1&resize=350%2C200","width":350,"height":200},"classes":[]},{"id":2042,"url":"https:\/\/antoniopascotto.it\/?p=2042","url_meta":{"origin":455,"position":5},"title":"PREMIO LETTERARIO INTERNAZIONALE CITTA&#8217; DI CATTOLICA PER ROMANZO DIGITALE","author":"Antonio Pascotto","date":"Gennaio 26, 2026","format":"image","excerpt":"Una serata speciale, dedicata ai libri scelti dalla giuria del Premio Letterario Internazionale Citt\u00e0 di Cattolica. Quest'anno, sul palco del Teatro della Regina, che ospita la famosa kermesse, sono saliti, per i primi due premi della manifestazione dedicati alle opere edite, Mirco Dondi, membro del Centre de Recherches Italiennes Romanes\u2026","rel":"","context":"In &quot;Cultura&quot;","block_context":{"text":"Cultura","link":"https:\/\/antoniopascotto.it\/?cat=72"},"img":{"alt_text":"","src":"https:\/\/i0.wp.com\/antoniopascotto.it\/wp-content\/uploads\/2024\/04\/2024-04-29_232143.jpg?fit=1163%2C521&ssl=1&resize=350%2C200","width":350,"height":200},"classes":[]}],"_links":{"self":[{"href":"https:\/\/antoniopascotto.it\/index.php?rest_route=\/wp\/v2\/posts\/455"}],"collection":[{"href":"https:\/\/antoniopascotto.it\/index.php?rest_route=\/wp\/v2\/posts"}],"about":[{"href":"https:\/\/antoniopascotto.it\/index.php?rest_route=\/wp\/v2\/types\/post"}],"author":[{"embeddable":true,"href":"https:\/\/antoniopascotto.it\/index.php?rest_route=\/wp\/v2\/users\/2"}],"replies":[{"embeddable":true,"href":"https:\/\/antoniopascotto.it\/index.php?rest_route=%2Fwp%2Fv2%2Fcomments&post=455"}],"version-history":[{"count":3,"href":"https:\/\/antoniopascotto.it\/index.php?rest_route=\/wp\/v2\/posts\/455\/revisions"}],"predecessor-version":[{"id":465,"href":"https:\/\/antoniopascotto.it\/index.php?rest_route=\/wp\/v2\/posts\/455\/revisions\/465"}],"wp:featuredmedia":[{"embeddable":true,"href":"https:\/\/antoniopascotto.it\/index.php?rest_route=\/wp\/v2\/media\/456"}],"wp:attachment":[{"href":"https:\/\/antoniopascotto.it\/index.php?rest_route=%2Fwp%2Fv2%2Fmedia&parent=455"}],"wp:term":[{"taxonomy":"category","embeddable":true,"href":"https:\/\/antoniopascotto.it\/index.php?rest_route=%2Fwp%2Fv2%2Fcategories&post=455"},{"taxonomy":"post_tag","embeddable":true,"href":"https:\/\/antoniopascotto.it\/index.php?rest_route=%2Fwp%2Fv2%2Ftags&post=455"}],"curies":[{"name":"wp","href":"https:\/\/api.w.org\/{rel}","templated":true}]}}