{"id":431,"date":"2017-11-23T08:10:42","date_gmt":"2017-11-23T08:10:42","guid":{"rendered":"http:\/\/antoniopascotto.it\/?p=431"},"modified":"2022-01-18T17:01:19","modified_gmt":"2022-01-18T17:01:19","slug":"irpinia-23-novembre-1980-il-terremoto-non-si-dimentica","status":"publish","type":"post","link":"https:\/\/antoniopascotto.it\/?p=431","title":{"rendered":"IRPINIA, 23 NOVEMBRE 1980. IL TERREMOTO NON SI DIMENTICA"},"content":{"rendered":"<p><img data-attachment-id=\"432\" data-permalink=\"https:\/\/antoniopascotto.it\/?attachment_id=432\" data-orig-file=\"https:\/\/i0.wp.com\/antoniopascotto.it\/wp-content\/uploads\/2017\/11\/2017-11-23_090903.jpg?fit=627%2C314&amp;ssl=1\" data-orig-size=\"627,314\" data-comments-opened=\"1\" data-image-meta=\"{&quot;aperture&quot;:&quot;0&quot;,&quot;credit&quot;:&quot;&quot;,&quot;camera&quot;:&quot;&quot;,&quot;caption&quot;:&quot;&quot;,&quot;created_timestamp&quot;:&quot;0&quot;,&quot;copyright&quot;:&quot;&quot;,&quot;focal_length&quot;:&quot;0&quot;,&quot;iso&quot;:&quot;0&quot;,&quot;shutter_speed&quot;:&quot;0&quot;,&quot;title&quot;:&quot;&quot;,&quot;orientation&quot;:&quot;0&quot;}\" data-image-title=\"2017-11-23_090903\" data-image-description=\"\" data-image-caption=\"\" data-medium-file=\"https:\/\/i0.wp.com\/antoniopascotto.it\/wp-content\/uploads\/2017\/11\/2017-11-23_090903.jpg?fit=300%2C150&amp;ssl=1\" data-large-file=\"https:\/\/i0.wp.com\/antoniopascotto.it\/wp-content\/uploads\/2017\/11\/2017-11-23_090903.jpg?fit=627%2C314&amp;ssl=1\" decoding=\"async\" loading=\"lazy\" class=\"alignleft size-medium wp-image-432\" src=\"https:\/\/i0.wp.com\/antoniopascotto.it\/wp-content\/uploads\/2017\/11\/2017-11-23_090903.jpg?resize=300%2C150\" alt=\"\" width=\"300\" height=\"150\" srcset=\"https:\/\/i0.wp.com\/antoniopascotto.it\/wp-content\/uploads\/2017\/11\/2017-11-23_090903.jpg?resize=300%2C150&amp;ssl=1 300w, https:\/\/i0.wp.com\/antoniopascotto.it\/wp-content\/uploads\/2017\/11\/2017-11-23_090903.jpg?w=627&amp;ssl=1 627w\" sizes=\"(max-width: 300px) 100vw, 300px\" data-recalc-dims=\"1\" \/>23 novembre 1980. L\u2019Irpinia. Immagini sempre uguali, indelebili, tanto indimenticabili che quando se ne parla si usa lo stesso tono, e si dicono le stesse cose. Ripetute chiss\u00e0 quante volte in tutti questi anni. E\u2019 la visione collettiva di una tragedia, \u00e8 il dolore che si porta addosso per sempre. Perch\u00e9 un terremoto non si dimentica. E quando la terra trema di nuovo \u00e8 come se non fossero trascorsi n\u00e9 dieci, n\u00e9 venti, n\u00e9 trent\u2019anni. Le scene si accavallano, i racconti si mescolano.<br \/>\nQuelli di Avellino e dell\u2019Irpinia cominciano sempre con la cronaca di una giornata calda, troppo calda. Un clima premonitore. Poi lo strano abbaiare dei cani. E la partita allo stadio. 40mila persone. Pensa se la terra avesse tremato alle 16: una strage. Invece la terra si scuote alle 19 e 35 circa. Alla televisione c\u2019\u00e8 un\u2019altra partita di serie A. Gioca l\u2019Inter. Ma nessuno la vede. Un boato precede l\u2019incredibile movimento che sbatte su e gi\u00f9 i pavimenti delle abitazioni come una di quelle giostre dove si paga per provare i brividi. Ma non \u00e8 la stessa cosa. Stavolta non \u00e8 divertente, non \u00e8 il luna park. Il terremoto, prima sussultorio, diventa ondulatorio. Si balla, e si scappa. Con la speranza che la terra finisca al pi\u00f9 presto di tremare. Ma non sar\u00e0 cos\u00ec. Un minuto e mezzo, per un sisma, \u00e8 interminabile.<br \/>\nPer strada enormi nuvole di fumo lasciano intravedere pietre e macerie. Si vedono i primi effetti della lunga scossa. Il dramma. Nella piazza della citt\u00e0 capoluogo le grida di chi chiede aiuto. E l\u2019impotenza degli altri, l\u2019impossibilit\u00e0 di soccorrere chi \u00e8 rimasto in bilico, su un pezzo di muro, a qualche metro di altezza. Dietro di lui il vuoto. E la morte.<br \/>\nLe comunicazioni sono scarse, non ci sono i telefonini, manca la corrente. Le prime notizie arrivano dalla radio: parlano di una forte scossa con epicentro nell\u2019area napoletana. I morti sarebbero centinaia. Ci vorr\u00e0 qualche giorno per capire l\u2019esatta dimensione di un sisma che aveva colpito duramente l\u2019Irpinia in un\u2019area di circa 25mila chilometri quadrati, spazzando via decine di paesi: Lioni, S.Angelo dei Lombardi, Conza della Campania, Teora, Calabritto, San Mango sul Calore. Nomi fino a quel momento poco noti che divennero tristemente famosi in tutta Italia.<br \/>\nMorirono 2735 persone. Quasi 9mila furono gravemente ferite. Fra Campania, Basilicata e Puglia quasi 700 comuni subirono gravi danni. 37 furono completamente rasi al suolo.<\/p>\n","protected":false},"excerpt":{"rendered":"<p>23 novembre 1980. L\u2019Irpinia. Immagini sempre uguali, indelebili, tanto indimenticabili che quando se ne parla si usa lo stesso tono, e si dicono le stesse cose. Ripetute chiss\u00e0 quante volte in tutti questi anni. E\u2019 la visione collettiva di una tragedia, \u00e8 il dolore che si porta addosso per sempre. Perch\u00e9 un terremoto non si [&hellip;]<\/p>\n","protected":false},"author":2,"featured_media":432,"comment_status":"open","ping_status":"open","sticky":false,"template":"","format":"image","meta":{"advanced_seo_description":"","jetpack_seo_html_title":"","jetpack_seo_noindex":false,"jetpack_post_was_ever_published":false,"_jetpack_newsletter_access":"","jetpack_publicize_message":"","jetpack_is_tweetstorm":false,"jetpack_publicize_feature_enabled":true,"jetpack_social_post_already_shared":true,"jetpack_social_options":{"image_generator_settings":{"template":"highway","enabled":false}}},"categories":[118],"tags":[120,95,119],"jetpack_publicize_connections":[],"jetpack_featured_media_url":"https:\/\/i0.wp.com\/antoniopascotto.it\/wp-content\/uploads\/2017\/11\/2017-11-23_090903.jpg?fit=627%2C314&ssl=1","jetpack_sharing_enabled":true,"jetpack_shortlink":"https:\/\/wp.me\/p8swp8-6X","jetpack-related-posts":[{"id":1182,"url":"https:\/\/antoniopascotto.it\/?p=1182","url_meta":{"origin":431,"position":0},"title":"QUELLE DOMENICHE IN GIRO PER L\u2019IRPINIA","author":"Antonio Pascotto","date":"Novembre 7, 2019","format":"image","excerpt":"Nel gioco della vita vince chi riesce a ritornare bambino. Lo dice Massimo Gramellini nel suo ultimo libro, \u2018Prima che tu venga al mondo\u2019. E allora ho chiuso gli occhi e ho fatto un salto indietro nel tempo, ricordando quelle domeniche trascorse in giro per la mia provincia, con mio\u2026","rel":"","context":"In &quot;Ricordi&quot;","block_context":{"text":"Ricordi","link":"https:\/\/antoniopascotto.it\/?cat=212"},"img":{"alt_text":"","src":"https:\/\/i0.wp.com\/antoniopascotto.it\/wp-content\/uploads\/2019\/11\/2019-11-07_123630.jpg?fit=739%2C424&ssl=1&resize=350%2C200","width":350,"height":200},"classes":[]},{"id":395,"url":"https:\/\/antoniopascotto.it\/?p=395","url_meta":{"origin":431,"position":1},"title":"LE ROVINE E L\u2019OMBRA. IL NUOVO LIBRO DI FABRIZIO FALCONI","author":"Antonio Pascotto","date":"Settembre 19, 2017","format":"gallery","excerpt":"Quando, alcuni mesi or sono, il mio collega e amico fraterno Fabrizio Falconi mi annunci\u00f2 il titolo del suo ultimo libro, Le rovine e l\u2019ombra, immediatamente il mio pensiero torn\u00f2 a un periodo nefasto per la mia provincia, l\u2019Irpinia, devastata dal terribile sisma del 23 novembre 1980. Nei miei occhi\u2026","rel":"","context":"In &quot;Cultura&quot;","block_context":{"text":"Cultura","link":"https:\/\/antoniopascotto.it\/?cat=72"},"img":{"alt_text":"","src":"https:\/\/i0.wp.com\/antoniopascotto.it\/wp-content\/uploads\/2017\/09\/81kheoBSUYL.jpg?fit=846%2C1200&ssl=1&resize=350%2C200","width":350,"height":200},"classes":[]},{"id":516,"url":"https:\/\/antoniopascotto.it\/?p=516","url_meta":{"origin":431,"position":2},"title":"L\u2019ITALIA CHE CANTA","author":"Antonio Pascotto","date":"Febbraio 9, 2018","format":false,"excerpt":"In queste ore ce le cantano tutti. Nell\u2019Italia del Festival, nell\u2019Italia della canzonetta che a volte diventa poesia e a volte dramma, siamo tutti usignoli. Ma contrariamente all\u2019uccello canterino, non sempre siamo protetti. Si canta a Sanremo. Sul palco dell\u2019Ariston ci sono anche gradite sorprese, come quella, ma \u00e8 un\u2026","rel":"","context":"In &quot;Musica&quot;","block_context":{"text":"Musica","link":"https:\/\/antoniopascotto.it\/?cat=46"},"img":{"alt_text":"","src":"https:\/\/i0.wp.com\/antoniopascotto.it\/wp-content\/uploads\/2018\/02\/PENTAGRAMMA-2.jpg?fit=900%2C480&ssl=1&resize=350%2C200","width":350,"height":200},"classes":[]},{"id":2085,"url":"https:\/\/antoniopascotto.it\/?p=2085","url_meta":{"origin":431,"position":3},"title":"ROMANZO DIGITALE. IL NUOVO LIBRO DI ANTONIO PASCOTTO PRESENTATO A BANCA GENERALI DI ROMA","author":"Antonio Pascotto","date":"Gennaio 26, 2026","format":"image","excerpt":"ROMA \u2013 Un nuovo appuntamento con il pubblico per Antonio Pascotto e il suo Romanzo Digitale. Nella sala riunioni di Banca Generali, a Roma, il giornalista Mediaset ha presentato il libro, edito da Jolly Roger, che affronta una serie di temi analizzati con gli interventi di Sara Manfuso, firma del\u2026","rel":"","context":"In &quot;Intelligenza Artificiale&quot;","block_context":{"text":"Intelligenza Artificiale","link":"https:\/\/antoniopascotto.it\/?cat=400"},"img":{"alt_text":"","src":"https:\/\/i0.wp.com\/antoniopascotto.it\/wp-content\/uploads\/2024\/09\/2024-09-24_100235.jpg?fit=904%2C331&ssl=1&resize=350%2C200","width":350,"height":200},"classes":[]},{"id":1481,"url":"https:\/\/antoniopascotto.it\/?p=1481","url_meta":{"origin":431,"position":4},"title":"EVENTI","author":"Antonio Pascotto","date":"Ottobre 10, 2021","format":false,"excerpt":"Penso a una serie di eventi che oramai fanno parte della storia, e sono accaduti durante il secolo scorso. E li abbiamo vissuti. E li ricordiamo quando oramai sono trascorsi oltre vent'anni dall'inizio del nuovo secolo. Sembra strano. E in effetti non capita a tutti vivere abbastanza intensamente una serie\u2026","rel":"","context":"In &quot;Avvenimenti&quot;","block_context":{"text":"Avvenimenti","link":"https:\/\/antoniopascotto.it\/?cat=211"},"img":{"alt_text":"","src":"https:\/\/i0.wp.com\/antoniopascotto.it\/wp-content\/uploads\/2021\/10\/de-chirico.png?fit=686%2C401&ssl=1&resize=350%2C200","width":350,"height":200},"classes":[]},{"id":1600,"url":"https:\/\/antoniopascotto.it\/?p=1600","url_meta":{"origin":431,"position":5},"title":"IL BENE E IL MALE","author":"Antonio Pascotto","date":"Giugno 3, 2022","format":"image","excerpt":"Non \u00e8 la solita storia tra il bene e il male. A Bucha abbiamo visto tutto quello che gli uomini sono capaci di fare. Lungo le strade della citt\u00e0, alla periferia di Kiev, i corpi a terra senza vita di tanti civili che con la guerra non avevano nulla a\u2026","rel":"","context":"In &quot;Attualit\u00e0&quot;","block_context":{"text":"Attualit\u00e0","link":"https:\/\/antoniopascotto.it\/?cat=37"},"img":{"alt_text":"","src":"https:\/\/i0.wp.com\/antoniopascotto.it\/wp-content\/uploads\/2022\/06\/2022-06-03_151553.png?fit=802%2C432&ssl=1&resize=350%2C200","width":350,"height":200},"classes":[]}],"_links":{"self":[{"href":"https:\/\/antoniopascotto.it\/index.php?rest_route=\/wp\/v2\/posts\/431"}],"collection":[{"href":"https:\/\/antoniopascotto.it\/index.php?rest_route=\/wp\/v2\/posts"}],"about":[{"href":"https:\/\/antoniopascotto.it\/index.php?rest_route=\/wp\/v2\/types\/post"}],"author":[{"embeddable":true,"href":"https:\/\/antoniopascotto.it\/index.php?rest_route=\/wp\/v2\/users\/2"}],"replies":[{"embeddable":true,"href":"https:\/\/antoniopascotto.it\/index.php?rest_route=%2Fwp%2Fv2%2Fcomments&post=431"}],"version-history":[{"count":1,"href":"https:\/\/antoniopascotto.it\/index.php?rest_route=\/wp\/v2\/posts\/431\/revisions"}],"predecessor-version":[{"id":433,"href":"https:\/\/antoniopascotto.it\/index.php?rest_route=\/wp\/v2\/posts\/431\/revisions\/433"}],"wp:featuredmedia":[{"embeddable":true,"href":"https:\/\/antoniopascotto.it\/index.php?rest_route=\/wp\/v2\/media\/432"}],"wp:attachment":[{"href":"https:\/\/antoniopascotto.it\/index.php?rest_route=%2Fwp%2Fv2%2Fmedia&parent=431"}],"wp:term":[{"taxonomy":"category","embeddable":true,"href":"https:\/\/antoniopascotto.it\/index.php?rest_route=%2Fwp%2Fv2%2Fcategories&post=431"},{"taxonomy":"post_tag","embeddable":true,"href":"https:\/\/antoniopascotto.it\/index.php?rest_route=%2Fwp%2Fv2%2Ftags&post=431"}],"curies":[{"name":"wp","href":"https:\/\/api.w.org\/{rel}","templated":true}]}}