{"id":421,"date":"2017-11-14T04:04:10","date_gmt":"2017-11-14T04:04:10","guid":{"rendered":"http:\/\/antoniopascotto.it\/?p=421"},"modified":"2018-05-08T07:26:49","modified_gmt":"2018-05-08T07:26:49","slug":"litalia-nel-pallone","status":"publish","type":"post","link":"https:\/\/antoniopascotto.it\/?p=421","title":{"rendered":"L&#8217;ITALIA NEL PALLONE"},"content":{"rendered":"<p><img data-attachment-id=\"422\" data-permalink=\"https:\/\/antoniopascotto.it\/?attachment_id=422\" data-orig-file=\"https:\/\/i0.wp.com\/antoniopascotto.it\/wp-content\/uploads\/2017\/11\/PALLONE.jpg?fit=480%2C312&amp;ssl=1\" data-orig-size=\"480,312\" data-comments-opened=\"1\" data-image-meta=\"{&quot;aperture&quot;:&quot;0&quot;,&quot;credit&quot;:&quot;&quot;,&quot;camera&quot;:&quot;&quot;,&quot;caption&quot;:&quot;&quot;,&quot;created_timestamp&quot;:&quot;0&quot;,&quot;copyright&quot;:&quot;&quot;,&quot;focal_length&quot;:&quot;0&quot;,&quot;iso&quot;:&quot;0&quot;,&quot;shutter_speed&quot;:&quot;0&quot;,&quot;title&quot;:&quot;&quot;,&quot;orientation&quot;:&quot;0&quot;}\" data-image-title=\"PALLONE\" data-image-description=\"\" data-image-caption=\"\" data-medium-file=\"https:\/\/i0.wp.com\/antoniopascotto.it\/wp-content\/uploads\/2017\/11\/PALLONE.jpg?fit=300%2C195&amp;ssl=1\" data-large-file=\"https:\/\/i0.wp.com\/antoniopascotto.it\/wp-content\/uploads\/2017\/11\/PALLONE.jpg?fit=480%2C312&amp;ssl=1\" decoding=\"async\" loading=\"lazy\" class=\"alignleft size-medium wp-image-422\" src=\"https:\/\/i0.wp.com\/antoniopascotto.it\/wp-content\/uploads\/2017\/11\/PALLONE.jpg?resize=300%2C195\" alt=\"\" width=\"300\" height=\"195\" srcset=\"https:\/\/i0.wp.com\/antoniopascotto.it\/wp-content\/uploads\/2017\/11\/PALLONE.jpg?resize=300%2C195&amp;ssl=1 300w, https:\/\/i0.wp.com\/antoniopascotto.it\/wp-content\/uploads\/2017\/11\/PALLONE.jpg?w=480&amp;ssl=1 480w\" sizes=\"(max-width: 300px) 100vw, 300px\" data-recalc-dims=\"1\" \/>E\u2019 come se l\u2019esclusione dell\u2019Italia dai mondiali di calcio riflettesse il momento che stiamo attraversando. No, non voglio parlare di pallone. Gi\u00e0 in queste ore ne leggeremo e ne sentiremo tante. Ma ho come l\u2019impressione che un evento cos\u00ec clamoroso sia lo specchio dei tempi che stiamo vivendo. E sono tempi decisamente bui, dove non ci sono pi\u00f9 punti di riferimento.<\/p>\n<p>Viviamo un\u2019epoca di grandi smarrimenti, dove tutto quello che succede \u00e8 come se fosse gi\u00e0 scontato. Insomma, normale. Una normalit\u00e0 anomala, per\u00f2. Tutto si confonde in un flusso ininterrotto di eventi che consideriamo ordinari, regolari. Quante volte sentiamo dire: \u2018\u00e8 sempre stato cos\u00ec\u2019. Oppure: \u2018sono cose che si sanno\u2019. E\u2019 come se ogni comportamento, anche sbagliato, seguisse la norma.<\/p>\n<p>Ad esempio, \u00e8 il giornalista quello a caccia di guai, quello che se le cerca, anche se la sua unica colpa \u00e8 fare il proprio mestiere. E poco importa se alla fine ci rimette pure il naso. Lo stesso vale per le giovani attrici molestate dal regista famoso. Si sa, succede in quell\u2019ambiente. E per fare strada (ma quale strada?) \u00e8 il prezzo da pagare.<\/p>\n<p>E\u2019 normale, o diventa normale, non avere la sicurezza di un posto di lavoro. Diventa normale andare in pensione a settant\u2019anni perch\u00e9 bisogna far quadrare i conti. Le statistiche rivelano che cambia l\u2019aspettativa di vita. Pi\u00f9 in generale, \u00e8 cambiata la nostra vita.<\/p>\n<p>Le immagini scorrono con un ritmo cos\u00ec veloce che risulta difficile fermarsi e rendersi davvero conto di quello che ci succede intorno. La tecnologia, pure utile e rivoluzionaria, non ci aiuta in questo. Le notizie ci inseguono, ovunque ci troviamo. Il bip dello smartphone ci avvisa quando accade qualcosa. Lo sguardo si abbassa sul display. Leggiamo di fretta, mentre ci troviamo alla fermata dell\u2019autobus o stiamo per entrare in un negozio. Tutto scorre rapido. Troppo. Anche quando mandiamo un sms e, per fare prima, abbreviamo le parole. Quelle che ci mancano, poi, quando commentiamo i fatti.<\/p>\n<p>Non so se il parallelismo con il calcio sia quello giusto. In sessant\u2019anni non era mai successo che l\u2019Italia non si qualificasse ai mondiali. Uno shock. Ora il Paese si interroga dopo questa apocalisse. Occorre ricostruire, risorgere. Facciamolo, e non solo per il calcio.<\/p>\n<p>&nbsp;<\/p>\n","protected":false},"excerpt":{"rendered":"<p>E\u2019 come se l\u2019esclusione dell\u2019Italia dai mondiali di calcio riflettesse il momento che stiamo attraversando. No, non voglio parlare di pallone. Gi\u00e0 in queste ore ne leggeremo e ne sentiremo tante. Ma ho come l\u2019impressione che un evento cos\u00ec clamoroso sia lo specchio dei tempi che stiamo vivendo. E sono tempi decisamente bui, dove non [&hellip;]<\/p>\n","protected":false},"author":2,"featured_media":422,"comment_status":"open","ping_status":"open","sticky":false,"template":"","format":"image","meta":{"advanced_seo_description":"","jetpack_seo_html_title":"","jetpack_seo_noindex":false,"jetpack_post_was_ever_published":false,"_jetpack_newsletter_access":"","jetpack_publicize_message":"","jetpack_is_tweetstorm":false,"jetpack_publicize_feature_enabled":true,"jetpack_social_post_already_shared":true,"jetpack_social_options":{"image_generator_settings":{"template":"highway","enabled":false}}},"categories":[37,114],"tags":[116,117,115,14],"jetpack_publicize_connections":[],"jetpack_featured_media_url":"https:\/\/i0.wp.com\/antoniopascotto.it\/wp-content\/uploads\/2017\/11\/PALLONE.jpg?fit=480%2C312&ssl=1","jetpack_sharing_enabled":true,"jetpack_shortlink":"https:\/\/wp.me\/p8swp8-6N","jetpack-related-posts":[{"id":1267,"url":"https:\/\/antoniopascotto.it\/?p=1267","url_meta":{"origin":421,"position":0},"title":"IL VIRUS E LA VITA NELL\u2019OLTREMONDO","author":"Antonio Pascotto","date":"Marzo 22, 2020","format":"image","excerpt":"Era la vita a cavallo tra due mondi. Quello cosiddetto reale, fatto di sguardi, strette di mano, cene con gli amici. E quello virtuale, dove le immagini dei nostri amici, tanti ma tutti sui social, si materializzavano tra un clic e l\u2019altro grazie alla potenza degli algoritmi. Ora tutto questo\u2026","rel":"","context":"In &quot;Attualit\u00e0&quot;","block_context":{"text":"Attualit\u00e0","link":"https:\/\/antoniopascotto.it\/?cat=37"},"img":{"alt_text":"","src":"https:\/\/i0.wp.com\/antoniopascotto.it\/wp-content\/uploads\/2020\/03\/Paul-Gauguin-Da-dove-veniamo-Chi-siamo-Dove-andiamo-1897-1898-olio-su-tela-139-3745-cm-Museum-of-Fine-Arts-Boston.jpg?fit=1069%2C432&ssl=1&resize=350%2C200","width":350,"height":200},"classes":[]},{"id":1481,"url":"https:\/\/antoniopascotto.it\/?p=1481","url_meta":{"origin":421,"position":1},"title":"EVENTI","author":"Antonio Pascotto","date":"Ottobre 10, 2021","format":false,"excerpt":"Penso a una serie di eventi che oramai fanno parte della storia, e sono accaduti durante il secolo scorso. E li abbiamo vissuti. E li ricordiamo quando oramai sono trascorsi oltre vent'anni dall'inizio del nuovo secolo. Sembra strano. E in effetti non capita a tutti vivere abbastanza intensamente una serie\u2026","rel":"","context":"In &quot;Avvenimenti&quot;","block_context":{"text":"Avvenimenti","link":"https:\/\/antoniopascotto.it\/?cat=211"},"img":{"alt_text":"","src":"https:\/\/i0.wp.com\/antoniopascotto.it\/wp-content\/uploads\/2021\/10\/de-chirico.png?fit=686%2C401&ssl=1&resize=350%2C200","width":350,"height":200},"classes":[]},{"id":361,"url":"https:\/\/antoniopascotto.it\/?p=361","url_meta":{"origin":421,"position":2},"title":"LA PUBBLICITA&#8217; IN FUTURO SARA&#8217; RICHIESTA. GLI SPOT DIVENTERANNO &#8216;AFFASCINANTI&#8217;","author":"Antonio Pascotto","date":"Settembre 11, 2017","format":"gallery","excerpt":"Vedremo e leggeremo quello che pi\u00f9 ci interessa. A giocare in attacco sono agenzie, uffici di ricerca, opinion leader, planning e chi pi\u00f9 ne ha pi\u00f9 ne metta Gli esperti ne sono convinti. In un futuro non troppo lontano le pubblicit\u00e0 piaceranno di pi\u00f9. Anzi, saranno gli stessi utenti a\u2026","rel":"","context":"In &quot;Digitale&quot;","block_context":{"text":"Digitale","link":"https:\/\/antoniopascotto.it\/?cat=21"},"img":{"alt_text":"","src":"https:\/\/i0.wp.com\/antoniopascotto.it\/wp-content\/uploads\/2017\/09\/advertising.jpg?fit=350%2C212&ssl=1&resize=350%2C200","width":350,"height":200},"classes":[]},{"id":1298,"url":"https:\/\/antoniopascotto.it\/?p=1298","url_meta":{"origin":421,"position":3},"title":"LA REALTA&#8217; NON PUO&#8217; ESSERE QUESTA","author":"Antonio Pascotto","date":"Maggio 3, 2020","format":"image","excerpt":"Siamo passati dai discorsi sulla sicurezza di Internet a quelli sulla sicurezza personale e di tutto il mondo. La pandemia ha trasformato il nostro modo di pensare. E il luogo dove si annidavano pericoli ad ogni angolo, il Web, \u00e8 diventato quello dove si vive meglio, senza la paura di\u2026","rel":"","context":"In &quot;Digitale&quot;","block_context":{"text":"Digitale","link":"https:\/\/antoniopascotto.it\/?cat=21"},"img":{"alt_text":"","src":"https:\/\/i0.wp.com\/antoniopascotto.it\/wp-content\/uploads\/2020\/05\/2020-05-03_101208.png?fit=815%2C417&ssl=1&resize=350%2C200","width":350,"height":200},"classes":[]},{"id":1509,"url":"https:\/\/antoniopascotto.it\/?p=1509","url_meta":{"origin":421,"position":4},"title":"MARADONA","author":"Antonio Pascotto","date":"Novembre 22, 2021","format":"image","excerpt":"A Buenos Aires, in Plaza de Mayo, la piazza dell'Indipendenza della Spagna, c'\u00e8 la Casa Rosada, sede del Governo argentino. Dal balcone centrale si affacciava Evita. Entro in quel palazzo per seguire la visita del presidente della Camera Casini. Fuori uomini e donne manifestano a colpi di padelle e pentole.\u2026","rel":"","context":"In &quot;Celebrazioni&quot;","block_context":{"text":"Celebrazioni","link":"https:\/\/antoniopascotto.it\/?cat=213"},"img":{"alt_text":"","src":"https:\/\/i0.wp.com\/antoniopascotto.it\/wp-content\/uploads\/2021\/11\/2021-11-22_013409.jpg?fit=980%2C424&ssl=1&resize=350%2C200","width":350,"height":200},"classes":[]},{"id":2085,"url":"https:\/\/antoniopascotto.it\/?p=2085","url_meta":{"origin":421,"position":5},"title":"ROMANZO DIGITALE. IL NUOVO LIBRO DI ANTONIO PASCOTTO PRESENTATO A BANCA GENERALI DI ROMA","author":"Antonio Pascotto","date":"Gennaio 26, 2026","format":"image","excerpt":"ROMA \u2013 Un nuovo appuntamento con il pubblico per Antonio Pascotto e il suo Romanzo Digitale. Nella sala riunioni di Banca Generali, a Roma, il giornalista Mediaset ha presentato il libro, edito da Jolly Roger, che affronta una serie di temi analizzati con gli interventi di Sara Manfuso, firma del\u2026","rel":"","context":"In &quot;Intelligenza Artificiale&quot;","block_context":{"text":"Intelligenza Artificiale","link":"https:\/\/antoniopascotto.it\/?cat=400"},"img":{"alt_text":"","src":"https:\/\/i0.wp.com\/antoniopascotto.it\/wp-content\/uploads\/2024\/09\/2024-09-24_100235.jpg?fit=904%2C331&ssl=1&resize=350%2C200","width":350,"height":200},"classes":[]}],"_links":{"self":[{"href":"https:\/\/antoniopascotto.it\/index.php?rest_route=\/wp\/v2\/posts\/421"}],"collection":[{"href":"https:\/\/antoniopascotto.it\/index.php?rest_route=\/wp\/v2\/posts"}],"about":[{"href":"https:\/\/antoniopascotto.it\/index.php?rest_route=\/wp\/v2\/types\/post"}],"author":[{"embeddable":true,"href":"https:\/\/antoniopascotto.it\/index.php?rest_route=\/wp\/v2\/users\/2"}],"replies":[{"embeddable":true,"href":"https:\/\/antoniopascotto.it\/index.php?rest_route=%2Fwp%2Fv2%2Fcomments&post=421"}],"version-history":[{"count":6,"href":"https:\/\/antoniopascotto.it\/index.php?rest_route=\/wp\/v2\/posts\/421\/revisions"}],"predecessor-version":[{"id":429,"href":"https:\/\/antoniopascotto.it\/index.php?rest_route=\/wp\/v2\/posts\/421\/revisions\/429"}],"wp:featuredmedia":[{"embeddable":true,"href":"https:\/\/antoniopascotto.it\/index.php?rest_route=\/wp\/v2\/media\/422"}],"wp:attachment":[{"href":"https:\/\/antoniopascotto.it\/index.php?rest_route=%2Fwp%2Fv2%2Fmedia&parent=421"}],"wp:term":[{"taxonomy":"category","embeddable":true,"href":"https:\/\/antoniopascotto.it\/index.php?rest_route=%2Fwp%2Fv2%2Fcategories&post=421"},{"taxonomy":"post_tag","embeddable":true,"href":"https:\/\/antoniopascotto.it\/index.php?rest_route=%2Fwp%2Fv2%2Ftags&post=421"}],"curies":[{"name":"wp","href":"https:\/\/api.w.org\/{rel}","templated":true}]}}