{"id":409,"date":"2017-10-13T08:25:13","date_gmt":"2017-10-13T08:25:13","guid":{"rendered":"http:\/\/antoniopascotto.it\/?p=409"},"modified":"2022-01-18T16:59:43","modified_gmt":"2022-01-18T16:59:43","slug":"sbussolati-tra-famiglia-amore-e-societa","status":"publish","type":"post","link":"https:\/\/antoniopascotto.it\/?p=409","title":{"rendered":"SBUSSOLATI TRA FAMIGLIA, AMORE E SOCIETA\u2019"},"content":{"rendered":"<p><img data-attachment-id=\"411\" data-permalink=\"https:\/\/antoniopascotto.it\/?attachment_id=411\" data-orig-file=\"https:\/\/i0.wp.com\/antoniopascotto.it\/wp-content\/uploads\/2017\/10\/20171012_235453.jpg?fit=4608%2C3456&amp;ssl=1\" data-orig-size=\"4608,3456\" data-comments-opened=\"1\" data-image-meta=\"{&quot;aperture&quot;:&quot;1.9&quot;,&quot;credit&quot;:&quot;&quot;,&quot;camera&quot;:&quot;SM-A520F&quot;,&quot;caption&quot;:&quot;&quot;,&quot;created_timestamp&quot;:&quot;1507852493&quot;,&quot;copyright&quot;:&quot;&quot;,&quot;focal_length&quot;:&quot;3.6&quot;,&quot;iso&quot;:&quot;0&quot;,&quot;shutter_speed&quot;:&quot;0&quot;,&quot;title&quot;:&quot;&quot;,&quot;orientation&quot;:&quot;1&quot;}\" data-image-title=\"20171012_235453\" data-image-description=\"\" data-image-caption=\"\" data-medium-file=\"https:\/\/i0.wp.com\/antoniopascotto.it\/wp-content\/uploads\/2017\/10\/20171012_235453.jpg?fit=300%2C225&amp;ssl=1\" data-large-file=\"https:\/\/i0.wp.com\/antoniopascotto.it\/wp-content\/uploads\/2017\/10\/20171012_235453.jpg?fit=1024%2C768&amp;ssl=1\" decoding=\"async\" loading=\"lazy\" class=\"alignleft size-medium wp-image-411\" src=\"https:\/\/i0.wp.com\/antoniopascotto.it\/wp-content\/uploads\/2017\/10\/20171012_235453.jpg?resize=300%2C225\" alt=\"\" width=\"300\" height=\"225\" srcset=\"https:\/\/i0.wp.com\/antoniopascotto.it\/wp-content\/uploads\/2017\/10\/20171012_235453.jpg?resize=300%2C225&amp;ssl=1 300w, https:\/\/i0.wp.com\/antoniopascotto.it\/wp-content\/uploads\/2017\/10\/20171012_235453.jpg?resize=768%2C576&amp;ssl=1 768w, https:\/\/i0.wp.com\/antoniopascotto.it\/wp-content\/uploads\/2017\/10\/20171012_235453.jpg?resize=1024%2C768&amp;ssl=1 1024w, https:\/\/i0.wp.com\/antoniopascotto.it\/wp-content\/uploads\/2017\/10\/20171012_235453.jpg?w=2000 2000w, https:\/\/i0.wp.com\/antoniopascotto.it\/wp-content\/uploads\/2017\/10\/20171012_235453.jpg?w=3000 3000w\" sizes=\"(max-width: 300px) 100vw, 300px\" data-recalc-dims=\"1\" \/>Noi irpini siamo stati fortunati a scoprire il talento di Mario Zamma prima degli altri. Eravamo giovani quando si esibiva nei nostri teatri, nelle feste, nelle riunioni tra amici, e sfoderava il suo repertorio fatto di canzoni e musica, imitazioni, battute, considerazioni sulle cose della vita. Sempre con uno spirito allegro ma riflessivo al tempo stesso. Non aveva timori quando si trovava davanti a un personaggio politico: lo imitava mettendone in risalto pregi e difetti. Sempre con eleganza, certo. Perch\u00e9, nonostante l\u2019aspetto apparentemente scanzonato, Mario Zamma \u00e8 una persona elegante, sia nell\u2019animo sia sul palcoscenico. E ha fatto bene Nicola Canonico, un altro talento irpino, attore ma anche produttore, a volere organizzare a tutti i costi uno spettacolo costruito su misura per Mario.<\/p>\n<p><strong><em>Sbussolati<\/em><\/strong> \u00e8 uno show con i controfiocchi. Si ride, tanto, e ci si emoziona. Mario canta, suona il piano, recita poesie, si esibisce in un lungo elenco di battute, si trasforma anche fisicamente in una serie di personaggi che arrivano dritti al cuore. Un vero artista con la A maiuscola. Sar\u00e0 in scena a Roma, al Teatro degli Audaci, fino al 22 ottobre. Se avete tempo fateci un salto. Non ve ne pentirete. Bravo anche Roberto D\u2019Alessandro, autore dei testi con lo stesso Mario. A Nicola Canonico gli auguri per una carriera ricca di successi, anche come produttore. La sua Goog Mood, siamo certi, raccoglier\u00e0 molti frutti. Anche se quello migliore, per Nicola, si chiama Giuseppe, un frugoletto bello come il sole e come i suoi genitori, Nicola e Lorena Noce. Un\u2019altra artista di cui sentiremo parlare molto.<\/p>\n<p><img data-attachment-id=\"413\" data-permalink=\"https:\/\/antoniopascotto.it\/?attachment_id=413\" data-orig-file=\"https:\/\/i0.wp.com\/antoniopascotto.it\/wp-content\/uploads\/2017\/10\/21761460_1927943464128258_8883120667867510702_n.jpg?fit=681%2C960&amp;ssl=1\" data-orig-size=\"681,960\" data-comments-opened=\"1\" data-image-meta=\"{&quot;aperture&quot;:&quot;0&quot;,&quot;credit&quot;:&quot;&quot;,&quot;camera&quot;:&quot;&quot;,&quot;caption&quot;:&quot;&quot;,&quot;created_timestamp&quot;:&quot;0&quot;,&quot;copyright&quot;:&quot;&quot;,&quot;focal_length&quot;:&quot;0&quot;,&quot;iso&quot;:&quot;0&quot;,&quot;shutter_speed&quot;:&quot;0&quot;,&quot;title&quot;:&quot;&quot;,&quot;orientation&quot;:&quot;0&quot;}\" data-image-title=\"21761460_1927943464128258_8883120667867510702_n\" data-image-description=\"\" data-image-caption=\"\" data-medium-file=\"https:\/\/i0.wp.com\/antoniopascotto.it\/wp-content\/uploads\/2017\/10\/21761460_1927943464128258_8883120667867510702_n.jpg?fit=213%2C300&amp;ssl=1\" data-large-file=\"https:\/\/i0.wp.com\/antoniopascotto.it\/wp-content\/uploads\/2017\/10\/21761460_1927943464128258_8883120667867510702_n.jpg?fit=681%2C960&amp;ssl=1\" decoding=\"async\" loading=\"lazy\" class=\"alignleft size-medium wp-image-413\" src=\"https:\/\/i0.wp.com\/antoniopascotto.it\/wp-content\/uploads\/2017\/10\/21761460_1927943464128258_8883120667867510702_n.jpg?resize=213%2C300\" alt=\"\" width=\"213\" height=\"300\" srcset=\"https:\/\/i0.wp.com\/antoniopascotto.it\/wp-content\/uploads\/2017\/10\/21761460_1927943464128258_8883120667867510702_n.jpg?resize=213%2C300&amp;ssl=1 213w, https:\/\/i0.wp.com\/antoniopascotto.it\/wp-content\/uploads\/2017\/10\/21761460_1927943464128258_8883120667867510702_n.jpg?w=681&amp;ssl=1 681w\" sizes=\"(max-width: 213px) 100vw, 213px\" data-recalc-dims=\"1\" \/><\/p>\n","protected":false},"excerpt":{"rendered":"<p>Noi irpini siamo stati fortunati a scoprire il talento di Mario Zamma prima degli altri. Eravamo giovani quando si esibiva nei nostri teatri, nelle feste, nelle riunioni tra amici, e sfoderava il suo repertorio fatto di canzoni e musica, imitazioni, battute, considerazioni sulle cose della vita. Sempre con uno spirito allegro ma riflessivo al tempo [&hellip;]<\/p>\n","protected":false},"author":2,"featured_media":410,"comment_status":"open","ping_status":"open","sticky":false,"template":"","format":"image","meta":{"advanced_seo_description":"","jetpack_seo_html_title":"","jetpack_seo_noindex":false,"jetpack_post_was_ever_published":false,"_jetpack_newsletter_access":"","jetpack_publicize_message":"","jetpack_is_tweetstorm":false,"jetpack_publicize_feature_enabled":true,"jetpack_social_post_already_shared":true,"jetpack_social_options":{"image_generator_settings":{"template":"highway","enabled":false}}},"categories":[72,47,109],"tags":[110,113,112,111],"jetpack_publicize_connections":[],"jetpack_featured_media_url":"https:\/\/i0.wp.com\/antoniopascotto.it\/wp-content\/uploads\/2017\/10\/2017-10-13_102223.jpg?fit=586%2C455&ssl=1","jetpack_sharing_enabled":true,"jetpack_shortlink":"https:\/\/wp.me\/p8swp8-6B","jetpack-related-posts":[{"id":907,"url":"https:\/\/antoniopascotto.it\/?p=907","url_meta":{"origin":409,"position":0},"title":"IL MONDO SENZA INTERNET. IL FOTORACCONTO","author":"Antonio Pascotto","date":"Agosto 3, 2019","format":"image","excerpt":"Alla presentazione del mio libro, IL MONDO SENZA INTERNET, ci siamo proprio divertiti. Si, perch\u00e9 per me la presentazione di un lavoro \u00e8 anche un momento per stare insieme con gli amici, guardandosi negli occhi, interagendo con il fisico e con la mente. Cose che online non si possono fare.\u2026","rel":"","context":"In &quot;Digitale&quot;","block_context":{"text":"Digitale","link":"https:\/\/antoniopascotto.it\/?cat=21"},"img":{"alt_text":"","src":"https:\/\/i0.wp.com\/antoniopascotto.it\/wp-content\/uploads\/2019\/08\/2019-07-12_101142.jpg?fit=1200%2C739&ssl=1&resize=350%2C200","width":350,"height":200},"classes":[]},{"id":2137,"url":"https:\/\/antoniopascotto.it\/?p=2137","url_meta":{"origin":409,"position":1},"title":"IL RICORDO DI PIPPO BAUDO","author":"Antonio Pascotto","date":"Agosto 18, 2025","format":"image","excerpt":"Non avevo mai visto sui social tanta partecipazione. E cos\u00ec ho scoperto, se pure ce ne fosse stato bisogno, che Pippo Baudo era ovunque. Scattava foto con tutti, sorrideva sempre, era uno del popolo, insomma. Era l\u2019espressione vera di quello che viene definito nazionalpopolare. Nel senso buono del termine. Nelle\u2026","rel":"","context":"In &quot;Cultura&quot;","block_context":{"text":"Cultura","link":"https:\/\/antoniopascotto.it\/?cat=72"},"img":{"alt_text":"","src":"https:\/\/i0.wp.com\/antoniopascotto.it\/wp-content\/uploads\/2025\/08\/2025-08-18_103724.jpg?fit=853%2C451&ssl=1&resize=350%2C200","width":350,"height":200},"classes":[]},{"id":1270,"url":"https:\/\/antoniopascotto.it\/?p=1270","url_meta":{"origin":409,"position":2},"title":"ERAVAMO FELICI MA ASINTOMATICI","author":"Antonio Pascotto","date":"Marzo 28, 2020","format":false,"excerpt":"Mi sembra di vivere in un incubo. Rinchiuso in casa, in piena pandemia. Riscopro le mie cose, riprendo tra le mani libri, fumetti. Rivedo vecchi film. Altri sono nuovi. Molti li avevo persi. Non posso andare a correre, ma ho il tapis roulant, e lo uso. Si che lo uso.\u2026","rel":"","context":"In &quot;Digitale&quot;","block_context":{"text":"Digitale","link":"https:\/\/antoniopascotto.it\/?cat=21"},"img":{"alt_text":"","src":"https:\/\/i0.wp.com\/antoniopascotto.it\/wp-content\/uploads\/2020\/03\/FOTO-DA-PEXELS.jpg?fit=1006%2C496&ssl=1&resize=350%2C200","width":350,"height":200},"classes":[]},{"id":1721,"url":"https:\/\/antoniopascotto.it\/?p=1721","url_meta":{"origin":409,"position":3},"title":"ROMANZO DIGITALE IN ANTEPRIMA AL FESTIVAL DELLE PAURE","author":"Antonio Pascotto","date":"Gennaio 21, 2026","format":"image","excerpt":"Arriva il Festival delle paure, dal 6 all\u20198 ottobre, a Ostellato, in provincia di Ferrara. Una tre giorni di incontri patrocinata dal comune di Ostellato e organizzata dall\u2019associazione culturale \"Il Ragno d\u2019oro\" in collaborazione col filosofo della comunicazione Carmine Castoro. Si inizia il 6 ottobre con Paura a tavola: il\u2026","rel":"","context":"In &quot;Avvenimenti&quot;","block_context":{"text":"Avvenimenti","link":"https:\/\/antoniopascotto.it\/?cat=211"},"img":{"alt_text":"","src":"https:\/\/i0.wp.com\/antoniopascotto.it\/wp-content\/uploads\/2023\/10\/WhatsApp-Image-2023-10-04-at-11.21.33.jpeg?fit=1200%2C698&ssl=1&resize=350%2C200","width":350,"height":200},"classes":[]},{"id":1363,"url":"https:\/\/antoniopascotto.it\/?p=1363","url_meta":{"origin":409,"position":4},"title":"MOMENTI TRASCURABILI. L&#8217;ALTRA RECENSIONE","author":"Antonio Pascotto","date":"Settembre 22, 2020","format":"image","excerpt":"Ho appena finito di leggere l'ultimo libro di Francesco Piccolo, Momenti trascurabili. Un volumetto come sempre nello stile dell'autore, godibile, piacevole, scorrevole. Gli aggettivi si sprecano per un personaggio che ha al suo attivo numerosi scritti, tra cui un Premio Strega, ed \u00e8 sceneggiatore di successo. Ha firmato vari film\u2026","rel":"","context":"In &quot;Libri&quot;","block_context":{"text":"Libri","link":"https:\/\/antoniopascotto.it\/?cat=6"},"img":{"alt_text":"","src":"https:\/\/i0.wp.com\/antoniopascotto.it\/wp-content\/uploads\/2020\/09\/2020-09-22_143639.png?fit=632%2C355&ssl=1&resize=350%2C200","width":350,"height":200},"classes":[]},{"id":1210,"url":"https:\/\/antoniopascotto.it\/?p=1210","url_meta":{"origin":409,"position":5},"title":"DA &#8216;SCONNESSI&#8217; ALLA PREFAZIONE DEL MIO LIBRO. GRAZIE CHRISTIAN","author":"Antonio Pascotto","date":"Dicembre 16, 2019","format":"image","excerpt":"Christian Marazziti non \u00e8 solo un regista di successo. Scrive testi teatrali, \u00e8 un ottimo attore, ma soprattutto \u00e8 una persona sensibile, capace di affrontare i temi pi\u00f9 delicati con una professionalit\u00e0 fuori dal comune. Lo dimostra uno dei suoi ultimi lavori, una web serie dove si racconta l'impatto della\u2026","rel":"","context":"In &quot;Cultura&quot;","block_context":{"text":"Cultura","link":"https:\/\/antoniopascotto.it\/?cat=72"},"img":{"alt_text":"","src":"https:\/\/i0.wp.com\/antoniopascotto.it\/wp-content\/uploads\/2019\/12\/Antonio-Pascotto-e-Christian-Marazziti-2.jpg?fit=846%2C423&ssl=1&resize=350%2C200","width":350,"height":200},"classes":[]}],"_links":{"self":[{"href":"https:\/\/antoniopascotto.it\/index.php?rest_route=\/wp\/v2\/posts\/409"}],"collection":[{"href":"https:\/\/antoniopascotto.it\/index.php?rest_route=\/wp\/v2\/posts"}],"about":[{"href":"https:\/\/antoniopascotto.it\/index.php?rest_route=\/wp\/v2\/types\/post"}],"author":[{"embeddable":true,"href":"https:\/\/antoniopascotto.it\/index.php?rest_route=\/wp\/v2\/users\/2"}],"replies":[{"embeddable":true,"href":"https:\/\/antoniopascotto.it\/index.php?rest_route=%2Fwp%2Fv2%2Fcomments&post=409"}],"version-history":[{"count":3,"href":"https:\/\/antoniopascotto.it\/index.php?rest_route=\/wp\/v2\/posts\/409\/revisions"}],"predecessor-version":[{"id":415,"href":"https:\/\/antoniopascotto.it\/index.php?rest_route=\/wp\/v2\/posts\/409\/revisions\/415"}],"wp:featuredmedia":[{"embeddable":true,"href":"https:\/\/antoniopascotto.it\/index.php?rest_route=\/wp\/v2\/media\/410"}],"wp:attachment":[{"href":"https:\/\/antoniopascotto.it\/index.php?rest_route=%2Fwp%2Fv2%2Fmedia&parent=409"}],"wp:term":[{"taxonomy":"category","embeddable":true,"href":"https:\/\/antoniopascotto.it\/index.php?rest_route=%2Fwp%2Fv2%2Fcategories&post=409"},{"taxonomy":"post_tag","embeddable":true,"href":"https:\/\/antoniopascotto.it\/index.php?rest_route=%2Fwp%2Fv2%2Ftags&post=409"}],"curies":[{"name":"wp","href":"https:\/\/api.w.org\/{rel}","templated":true}]}}