{"id":405,"date":"2017-09-28T20:15:23","date_gmt":"2017-09-28T20:15:23","guid":{"rendered":"http:\/\/antoniopascotto.it\/?p=405"},"modified":"2017-09-28T20:15:23","modified_gmt":"2017-09-28T20:15:23","slug":"giornalisti-e-scoop-passione-e-sentimento","status":"publish","type":"post","link":"https:\/\/antoniopascotto.it\/?p=405","title":{"rendered":"GIORNALISTI E SCOOP. PASSIONE E SENTIMENTO"},"content":{"rendered":"<p><img data-attachment-id=\"406\" data-permalink=\"https:\/\/antoniopascotto.it\/?attachment_id=406\" data-orig-file=\"https:\/\/i0.wp.com\/antoniopascotto.it\/wp-content\/uploads\/2017\/09\/Brigitte-e-Marina.jpg?fit=319%2C314&amp;ssl=1\" data-orig-size=\"319,314\" data-comments-opened=\"1\" data-image-meta=\"{&quot;aperture&quot;:&quot;0&quot;,&quot;credit&quot;:&quot;&quot;,&quot;camera&quot;:&quot;&quot;,&quot;caption&quot;:&quot;&quot;,&quot;created_timestamp&quot;:&quot;0&quot;,&quot;copyright&quot;:&quot;&quot;,&quot;focal_length&quot;:&quot;0&quot;,&quot;iso&quot;:&quot;0&quot;,&quot;shutter_speed&quot;:&quot;0&quot;,&quot;title&quot;:&quot;&quot;,&quot;orientation&quot;:&quot;0&quot;}\" data-image-title=\"Brigitte e Marina\" data-image-description=\"\" data-image-caption=\"\" data-medium-file=\"https:\/\/i0.wp.com\/antoniopascotto.it\/wp-content\/uploads\/2017\/09\/Brigitte-e-Marina.jpg?fit=300%2C295&amp;ssl=1\" data-large-file=\"https:\/\/i0.wp.com\/antoniopascotto.it\/wp-content\/uploads\/2017\/09\/Brigitte-e-Marina.jpg?fit=319%2C314&amp;ssl=1\" decoding=\"async\" loading=\"lazy\" class=\"alignleft size-medium wp-image-406\" src=\"https:\/\/i0.wp.com\/antoniopascotto.it\/wp-content\/uploads\/2017\/09\/Brigitte-e-Marina.jpg?resize=300%2C295\" alt=\"\" width=\"300\" height=\"295\" srcset=\"https:\/\/i0.wp.com\/antoniopascotto.it\/wp-content\/uploads\/2017\/09\/Brigitte-e-Marina.jpg?resize=300%2C295&amp;ssl=1 300w, https:\/\/i0.wp.com\/antoniopascotto.it\/wp-content\/uploads\/2017\/09\/Brigitte-e-Marina.jpg?w=319&amp;ssl=1 319w\" sizes=\"(max-width: 300px) 100vw, 300px\" data-recalc-dims=\"1\" \/>Sono le 19 quando ricevo la telefonata, graditissima, di una giornalista che il mestiere lo ha sempre avuto nel sangue, Marina Como. Attualmente lavora per Porta a Porta. Quando si parla della Regina Elisabetta non pu\u00f2 essere che lei a realizzare il servizio. Nella sua lunga carriera ne ha intervistati tantissimi di personaggi famosi: dal principe Filippo di Edimburgo a Maria Jos\u00e9 di Savoia, passando per Woody Allen, Alberto Sordi, Bill Clinton e consorte, Dino Buzzati e tantissimi altri. Un lungo elenco di nomi. Molti dei quali sono diventati amici di Marina. Come Brigitte Bardot.<\/p>\n<p>Proprio la grande attrice, da tempo assente da tutti gli schermi, \u00e8 il motivo della telefonata. \u201cAntonio, come ti annunciavo, sono riuscita nello scoop. Questa sera, a Porta a Porta, ci sar\u00e0 un\u2019intervista al telefono con Brigitte Bardot. Sono riuscita a convincerla. Come ben sai, non rilascia dichiarazioni da anni. Non ha voluto che lasciassi il suo numero di telefono alla redazione. E\u2019 stata lei a chiamare. Ce l\u2019ho fatta\u201d.<\/p>\n<p>Ecco, Marina Como \u00e8 un esempio di come sia forte la passione per questo mestiere. Marina non aveva certamente bisogno di questo scoop per confermare la sua professionalit\u00e0. Il sito della Rai, nella sezione Rai Teche, \u00e8 pieno di sue interviste. Recentemente ha anche pubblicato un libro dal titolo \u2018Accadde solo per caso\u2019.<\/p>\n<p>La cosa che colpisce \u00e8 anche l\u2019entusiasmo con il quale mi ha comunicato la notizia dello scoop. Dopo anni di luminosa carriera, ho pensato, Marina ha ancora la voglia di manifestare a un collega pi\u00f9 giovane, anche se il sottoscritto non \u00e8 pi\u00f9 giovanissimo, la sua emozione nell\u2019essere riuscita a far parlare, dopo anni, un\u2019icona del cinema francese e internazionale che oramai si dedica solo alla causa per gli animali. Per me \u00e8 stata una lezione. Lo \u00e8, credo, per tutti quelli che amano o che vogliono fare questo lavoro.<\/p>\n","protected":false},"excerpt":{"rendered":"<p>Sono le 19 quando ricevo la telefonata, graditissima, di una giornalista che il mestiere lo ha sempre avuto nel sangue, Marina Como. Attualmente lavora per Porta a Porta. Quando si parla della Regina Elisabetta non pu\u00f2 essere che lei a realizzare il servizio. Nella sua lunga carriera ne ha intervistati tantissimi di personaggi famosi: dal [&hellip;]<\/p>\n","protected":false},"author":2,"featured_media":406,"comment_status":"open","ping_status":"open","sticky":false,"template":"","format":"gallery","meta":{"advanced_seo_description":"","jetpack_seo_html_title":"","jetpack_seo_noindex":false,"jetpack_post_was_ever_published":false,"_jetpack_newsletter_access":"","jetpack_publicize_message":"","jetpack_is_tweetstorm":false,"jetpack_publicize_feature_enabled":true,"jetpack_social_post_already_shared":true,"jetpack_social_options":{"image_generator_settings":{"template":"highway","enabled":false}}},"categories":[105,72,22,104,20],"tags":[107,108,26,106,23],"jetpack_publicize_connections":[],"jetpack_featured_media_url":"https:\/\/i0.wp.com\/antoniopascotto.it\/wp-content\/uploads\/2017\/09\/Brigitte-e-Marina.jpg?fit=319%2C314&ssl=1","jetpack_sharing_enabled":true,"jetpack_shortlink":"https:\/\/wp.me\/p8swp8-6x","jetpack-related-posts":[{"id":772,"url":"https:\/\/antoniopascotto.it\/?p=772","url_meta":{"origin":405,"position":0},"title":"IL PUNTO DI VISTA DI SESTINI","author":"Antonio Pascotto","date":"Settembre 10, 2018","format":false,"excerpt":"Massimo Sestini \u00e8 un fuoriclasse. Non solo perch\u00e9 \u00e8 uno dei fotoreporter italiani pi\u00f9 famosi. Non solo perch\u00e9 \u00e8 autore di scoop famosi come l\u2019arresto a Ginevra di Licio Gelli e il primo bikini di Lady D. Non solo per aver ripreso dall\u2019elicottero un barcone di migranti tratti in salvo,\u2026","rel":"","context":"In &quot;Foto&quot;","block_context":{"text":"Foto","link":"https:\/\/antoniopascotto.it\/?cat=228"},"img":{"alt_text":"","src":"https:\/\/i0.wp.com\/antoniopascotto.it\/wp-content\/uploads\/2018\/09\/BIG01_3687555.jpg?fit=968%2C645&ssl=1&resize=350%2C200","width":350,"height":200},"classes":[]},{"id":266,"url":"https:\/\/antoniopascotto.it\/?p=266","url_meta":{"origin":405,"position":1},"title":"LA SVOLTA DIGITALE","author":"Antonio Pascotto","date":"Febbraio 26, 2017","format":"gallery","excerpt":"Dopo oltre mezzo secolo la televisione continua a esercitare la sua centralit\u00e0. Tra i mezzi di comunicazione di massa\u00a0 rimane la preferita dal pubblico, che in primo luogo sceglie i telegiornali per seguire cosa succede nel mondo. Il piccolo schermo \u00e8 sempre influente, ma soprattutto, pi\u00f9 di ogni altro mezzo,\u2026","rel":"","context":"In &quot;Digitale&quot;","block_context":{"text":"Digitale","link":"https:\/\/antoniopascotto.it\/?cat=21"},"img":{"alt_text":"","src":"https:\/\/i0.wp.com\/antoniopascotto.it\/wp-content\/uploads\/2017\/02\/DIGITALE-300x216.jpg?resize=350%2C200","width":350,"height":200},"classes":[]},{"id":604,"url":"https:\/\/antoniopascotto.it\/?p=604","url_meta":{"origin":405,"position":2},"title":"QUELLE STORIE MALEDETTE","author":"Antonio Pascotto","date":"Marzo 12, 2018","format":"image","excerpt":"Non c\u2019era bisogno di conferme. Franca Leosini ancora una volta ha saputo indagare nell\u2019animo dei protagonisti di una vicenda di cronaca della quale si era gi\u00e0 parlato tanto. Ha studiato le carte, gli atti processuali, faldoni di oltre diecimila pagine. E non si \u00e8 risparmiata davanti al volto della giovane\u2026","rel":"","context":"In &quot;Giornalismo&quot;","block_context":{"text":"Giornalismo","link":"https:\/\/antoniopascotto.it\/?cat=22"},"img":{"alt_text":"","src":"https:\/\/i0.wp.com\/antoniopascotto.it\/wp-content\/uploads\/2018\/03\/2018-03-12_180941.jpg?fit=742%2C431&ssl=1&resize=350%2C200","width":350,"height":200},"classes":[]},{"id":2069,"url":"https:\/\/antoniopascotto.it\/?p=2069","url_meta":{"origin":405,"position":3},"title":"INTELLIGENZA ARTIFICIALE, A POMPEI CONVEGNO SU GIORNALISMO E NUOVE TECNOLOGIE","author":"Antonio Pascotto","date":"Gennaio 26, 2026","format":"image","excerpt":"Confronto sul futuro della professione: l\u2019IA sar\u00e0 una risorsa o un rischio? L\u2019evento \u00e8 stato organizzato dall\u2019Associazione Giornalisti Vesuviani \u201cIntelligenza artificiale: risorsa o pericolo per il giornalismo?\u201d. Su questo tema si sono confrontati giornalisti e sociologi in un incontro organizzato a Pompei questo il tema dall\u2019Associazione giornalisti vesuviani intitolata a\u2026","rel":"","context":"In &quot;Digitale&quot;","block_context":{"text":"Digitale","link":"https:\/\/antoniopascotto.it\/?cat=21"},"img":{"alt_text":"","src":"https:\/\/i0.wp.com\/antoniopascotto.it\/wp-content\/uploads\/2024\/06\/2024-06-02_111321.jpg?fit=912%2C383&ssl=1&resize=350%2C200","width":350,"height":200},"classes":[]},{"id":1164,"url":"https:\/\/antoniopascotto.it\/?p=1164","url_meta":{"origin":405,"position":4},"title":"FESTA DEL CINEMA DI ROMA. UNA SERA SUL RED CARPET","author":"Antonio Pascotto","date":"Ottobre 20, 2019","format":"image","excerpt":"\u00a0 Nel giorno di Downton Abbey e di Bill Murray, ma anche di Wes Anderson e Peter Cattaneo, facciamo un\u2019incursione sul red carpet della Festa del Cinema di Roma. E cos\u00ec un tranquillo sabato sera si trasforma in un gioco surreale dove alcuni personaggi pi\u00f9 o meno noti sfilano sotto\u2026","rel":"","context":"In &quot;Cinema&quot;","block_context":{"text":"Cinema","link":"https:\/\/antoniopascotto.it\/?cat=105"},"img":{"alt_text":"","src":"https:\/\/i0.wp.com\/antoniopascotto.it\/wp-content\/uploads\/2019\/10\/IMG_20191019_222313.jpg?fit=1200%2C900&ssl=1&resize=350%2C200","width":350,"height":200},"classes":[]},{"id":646,"url":"https:\/\/antoniopascotto.it\/?p=646","url_meta":{"origin":405,"position":5},"title":"CARO AMICO TI SCRIVO","author":"Antonio Pascotto","date":"Aprile 25, 2018","format":"image","excerpt":"Emozionato, davanti alla televisione,\u00a0guardando uno speciale davvero unico, dedicato a Lucio Dalla. Ho ripercorso, grazie a Giorgio Verdelli e agli autori del programma, momenti incredibili con musiche e canzoni che sono diventate anche colonna sonora di una parte della nostra vita. A cominciare da quella 4 marzo 1943, presentata da\u2026","rel":"","context":"In &quot;Musica&quot;","block_context":{"text":"Musica","link":"https:\/\/antoniopascotto.it\/?cat=46"},"img":{"alt_text":"","src":"https:\/\/i0.wp.com\/antoniopascotto.it\/wp-content\/uploads\/2018\/04\/dalla-1.jpg?fit=805%2C350&ssl=1&resize=350%2C200","width":350,"height":200},"classes":[]}],"_links":{"self":[{"href":"https:\/\/antoniopascotto.it\/index.php?rest_route=\/wp\/v2\/posts\/405"}],"collection":[{"href":"https:\/\/antoniopascotto.it\/index.php?rest_route=\/wp\/v2\/posts"}],"about":[{"href":"https:\/\/antoniopascotto.it\/index.php?rest_route=\/wp\/v2\/types\/post"}],"author":[{"embeddable":true,"href":"https:\/\/antoniopascotto.it\/index.php?rest_route=\/wp\/v2\/users\/2"}],"replies":[{"embeddable":true,"href":"https:\/\/antoniopascotto.it\/index.php?rest_route=%2Fwp%2Fv2%2Fcomments&post=405"}],"version-history":[{"count":1,"href":"https:\/\/antoniopascotto.it\/index.php?rest_route=\/wp\/v2\/posts\/405\/revisions"}],"predecessor-version":[{"id":407,"href":"https:\/\/antoniopascotto.it\/index.php?rest_route=\/wp\/v2\/posts\/405\/revisions\/407"}],"wp:featuredmedia":[{"embeddable":true,"href":"https:\/\/antoniopascotto.it\/index.php?rest_route=\/wp\/v2\/media\/406"}],"wp:attachment":[{"href":"https:\/\/antoniopascotto.it\/index.php?rest_route=%2Fwp%2Fv2%2Fmedia&parent=405"}],"wp:term":[{"taxonomy":"category","embeddable":true,"href":"https:\/\/antoniopascotto.it\/index.php?rest_route=%2Fwp%2Fv2%2Fcategories&post=405"},{"taxonomy":"post_tag","embeddable":true,"href":"https:\/\/antoniopascotto.it\/index.php?rest_route=%2Fwp%2Fv2%2Ftags&post=405"}],"curies":[{"name":"wp","href":"https:\/\/api.w.org\/{rel}","templated":true}]}}