{"id":401,"date":"2017-09-22T08:12:48","date_gmt":"2017-09-22T08:12:48","guid":{"rendered":"http:\/\/antoniopascotto.it\/?p=401"},"modified":"2017-09-22T08:13:09","modified_gmt":"2017-09-22T08:13:09","slug":"buone-notizie","status":"publish","type":"post","link":"https:\/\/antoniopascotto.it\/?p=401","title":{"rendered":"BUONE NOTIZIE"},"content":{"rendered":"<p><img data-attachment-id=\"402\" data-permalink=\"https:\/\/antoniopascotto.it\/?attachment_id=402\" data-orig-file=\"https:\/\/i0.wp.com\/antoniopascotto.it\/wp-content\/uploads\/2017\/09\/buone-notizie-corriere-600x400.jpg?fit=600%2C400&amp;ssl=1\" data-orig-size=\"600,400\" data-comments-opened=\"1\" data-image-meta=\"{&quot;aperture&quot;:&quot;0&quot;,&quot;credit&quot;:&quot;&quot;,&quot;camera&quot;:&quot;&quot;,&quot;caption&quot;:&quot;&quot;,&quot;created_timestamp&quot;:&quot;0&quot;,&quot;copyright&quot;:&quot;&quot;,&quot;focal_length&quot;:&quot;0&quot;,&quot;iso&quot;:&quot;0&quot;,&quot;shutter_speed&quot;:&quot;0&quot;,&quot;title&quot;:&quot;&quot;,&quot;orientation&quot;:&quot;0&quot;}\" data-image-title=\"buone-notizie-corriere-600&#215;400\" data-image-description=\"\" data-image-caption=\"\" data-medium-file=\"https:\/\/i0.wp.com\/antoniopascotto.it\/wp-content\/uploads\/2017\/09\/buone-notizie-corriere-600x400.jpg?fit=300%2C200&amp;ssl=1\" data-large-file=\"https:\/\/i0.wp.com\/antoniopascotto.it\/wp-content\/uploads\/2017\/09\/buone-notizie-corriere-600x400.jpg?fit=600%2C400&amp;ssl=1\" decoding=\"async\" loading=\"lazy\" class=\"alignleft size-medium wp-image-402\" src=\"https:\/\/i0.wp.com\/antoniopascotto.it\/wp-content\/uploads\/2017\/09\/buone-notizie-corriere-600x400.jpg?resize=300%2C200\" alt=\"\" width=\"300\" height=\"200\" srcset=\"https:\/\/i0.wp.com\/antoniopascotto.it\/wp-content\/uploads\/2017\/09\/buone-notizie-corriere-600x400.jpg?resize=300%2C200&amp;ssl=1 300w, https:\/\/i0.wp.com\/antoniopascotto.it\/wp-content\/uploads\/2017\/09\/buone-notizie-corriere-600x400.jpg?resize=600%2C400&amp;ssl=1 600w\" sizes=\"(max-width: 300px) 100vw, 300px\" data-recalc-dims=\"1\" \/>Finalmente una buona notizia: la nascita di un giornale di buone notizie. L\u2019idea del Correre della Sera \u00e8 buona, anzi ottima. <a href=\"http:\/\/www.corriere.it\/buone-notizie\/\" target=\"_blank\" rel=\"noopener noreferrer\">Buone Notizie<\/a> viene allegato al quotidiano di via Solferino ogni marted\u00ec. Tutti i giorni siamo costretti a leggere i fatti drammatici che arrivano da ogni dove. Riflettono l\u2019epoca in cui viviamo. Non \u00e8 un bel mondo. Il male imperversa. E i giornalisti fanno il loro mestiere. Raccontano quello che succede.<\/p>\n<p>Un tempo, nelle scuole di giornalismo, si insegnava la regola delle tre S: sesso, soldi e sangue. I tre argomenti che dovrebbero far vendere pi\u00f9 giornali e, quindi, far aumentare la pubblicit\u00e0. In realt\u00e0 oggi siamo raggiunti solo da cattive notizie. E c\u2019\u00e8 pure chi, in un mare magnum di avvenimenti drammatici, \u00e8 alla ricerca di buone nuove. Io, ad esempio. Costretto per lavoro ad occuparmi di tutto e di pi\u00f9, cerco di scovare quei fatti che possono alleviare lo spirito e arrivare dritti al cuore. Buone Notizie del Corriere mi faciliter\u00e0 il compito. E state certi che anche altre testate, d&#8217;ora in poi, daranno pi\u00f9 spazio alle cose belle.<\/p>\n<p>Ad esempio, su Repubblica ho letto con piacere la storia raccontata da <a href=\"http:\/\/www.repubblica.it\/cronaca\/2017\/09\/22\/news\/la_ragazza_che_salvo_il_soldato_mi_ha_sorriso_74_anni_dopo_-176161372\/?ref=RHPPRT-BS-I0-C4-P1-S1.4-T1\" target=\"_blank\" rel=\"noopener noreferrer\">Cristina Nadotti<\/a>. Riguarda due persone anziane. Lei \u00e8 Rosina Spinosa, 95 anni. Lui si chiama Len Harley, 98 compiuti. Le loro vite si intrecciarono 74 anni fa, in Abruzzo. Lei contadina, lui soldato inglese in fuga dai nazisti. Rosina salv\u00f2 quel giovane militare nascondendolo in soffitta. Dopo la guerra lui l\u2019ha cercata pi\u00f9 volte, inutilmente. Solo dopo tutti questi anni, grazie ai rispettivi nipoti e alla tecnologia, Rosina e Len si sono rivisti via Skype. Si sono dati appuntamento per i prossimi giorni. In attesa di vedersi di persona si chiameranno con Facetime. Il digitale aiuta. E aiutano anche queste notizie, che ci riempiono di gioia.<\/p>\n","protected":false},"excerpt":{"rendered":"<p>Finalmente una buona notizia: la nascita di un giornale di buone notizie. L\u2019idea del Correre della Sera \u00e8 buona, anzi ottima. Buone Notizie viene allegato al quotidiano di via Solferino ogni marted\u00ec. Tutti i giorni siamo costretti a leggere i fatti drammatici che arrivano da ogni dove. Riflettono l\u2019epoca in cui viviamo. Non \u00e8 un [&hellip;]<\/p>\n","protected":false},"author":2,"featured_media":402,"comment_status":"open","ping_status":"open","sticky":false,"template":"","format":"gallery","meta":{"advanced_seo_description":"","jetpack_seo_html_title":"","jetpack_seo_noindex":false,"jetpack_post_was_ever_published":false,"_jetpack_newsletter_access":"","jetpack_publicize_message":"","jetpack_is_tweetstorm":false,"jetpack_publicize_feature_enabled":true,"jetpack_social_post_already_shared":true,"jetpack_social_options":{"image_generator_settings":{"template":"highway","enabled":false}}},"categories":[22],"tags":[99,100,102,103,101],"jetpack_publicize_connections":[],"jetpack_featured_media_url":"https:\/\/i0.wp.com\/antoniopascotto.it\/wp-content\/uploads\/2017\/09\/buone-notizie-corriere-600x400.jpg?fit=600%2C400&ssl=1","jetpack_sharing_enabled":true,"jetpack_shortlink":"https:\/\/wp.me\/p8swp8-6t","jetpack-related-posts":[{"id":293,"url":"https:\/\/antoniopascotto.it\/?p=293","url_meta":{"origin":401,"position":0},"title":"LA TECNOLOGIA NON CI RENDE STUPIDI, MA ATTENZIONE ALLE NOTIZIE FALSE","author":"Antonio Pascotto","date":"Aprile 3, 2017","format":"gallery","excerpt":"La tecnologia non ci rende stupidi, anche se qualcuno pensa che sui social si parla come al bar. Ma come sempre il risultato dipende dall\u2019utilizzo dei mezzi. Oggi siamo immersi nei social, ci raduniamo su Facebook o su Twitter, postiamo foto a valanga su Instagram. Siamo come un popolo che\u2026","rel":"","context":"In &quot;Giornalismo&quot;","block_context":{"text":"Giornalismo","link":"https:\/\/antoniopascotto.it\/?cat=22"},"img":{"alt_text":"","src":"https:\/\/i0.wp.com\/antoniopascotto.it\/wp-content\/uploads\/2017\/04\/social-media-marketing2017-social.jpg?fit=350%2C206&ssl=1&resize=350%2C200","width":350,"height":200},"classes":[]},{"id":266,"url":"https:\/\/antoniopascotto.it\/?p=266","url_meta":{"origin":401,"position":1},"title":"LA SVOLTA DIGITALE","author":"Antonio Pascotto","date":"Febbraio 26, 2017","format":"gallery","excerpt":"Dopo oltre mezzo secolo la televisione continua a esercitare la sua centralit\u00e0. Tra i mezzi di comunicazione di massa\u00a0 rimane la preferita dal pubblico, che in primo luogo sceglie i telegiornali per seguire cosa succede nel mondo. Il piccolo schermo \u00e8 sempre influente, ma soprattutto, pi\u00f9 di ogni altro mezzo,\u2026","rel":"","context":"In &quot;Digitale&quot;","block_context":{"text":"Digitale","link":"https:\/\/antoniopascotto.it\/?cat=21"},"img":{"alt_text":"","src":"https:\/\/i0.wp.com\/antoniopascotto.it\/wp-content\/uploads\/2017\/02\/DIGITALE-300x216.jpg?resize=350%2C200","width":350,"height":200},"classes":[]},{"id":516,"url":"https:\/\/antoniopascotto.it\/?p=516","url_meta":{"origin":401,"position":2},"title":"L\u2019ITALIA CHE CANTA","author":"Antonio Pascotto","date":"Febbraio 9, 2018","format":false,"excerpt":"In queste ore ce le cantano tutti. Nell\u2019Italia del Festival, nell\u2019Italia della canzonetta che a volte diventa poesia e a volte dramma, siamo tutti usignoli. Ma contrariamente all\u2019uccello canterino, non sempre siamo protetti. Si canta a Sanremo. Sul palco dell\u2019Ariston ci sono anche gradite sorprese, come quella, ma \u00e8 un\u2026","rel":"","context":"In &quot;Musica&quot;","block_context":{"text":"Musica","link":"https:\/\/antoniopascotto.it\/?cat=46"},"img":{"alt_text":"","src":"https:\/\/i0.wp.com\/antoniopascotto.it\/wp-content\/uploads\/2018\/02\/PENTAGRAMMA-2.jpg?fit=900%2C480&ssl=1&resize=350%2C200","width":350,"height":200},"classes":[]},{"id":1241,"url":"https:\/\/antoniopascotto.it\/?p=1241","url_meta":{"origin":401,"position":3},"title":"LE NOSTRE PAURE","author":"Antonio Pascotto","date":"Marzo 4, 2020","format":"image","excerpt":"Abbiamo paura, e nell\u2019averla mettiamo in evidenza tutte le nostre debolezze. Che sia il terrorismo islamico o il timore di un contagio da coronavirus alla fine dobbiamo ammetterlo: siamo in preda a qualcosa che \u00e8 sempre pi\u00f9 grande di noi, e quasi sempre non abbiamo modo di alzare le nostre\u2026","rel":"","context":"In &quot;Attualit\u00e0&quot;","block_context":{"text":"Attualit\u00e0","link":"https:\/\/antoniopascotto.it\/?cat=37"},"img":{"alt_text":"","src":"https:\/\/i0.wp.com\/antoniopascotto.it\/wp-content\/uploads\/2020\/03\/2020-03-04_051853.jpg?fit=1156%2C532&ssl=1&resize=350%2C200","width":350,"height":200},"classes":[]},{"id":421,"url":"https:\/\/antoniopascotto.it\/?p=421","url_meta":{"origin":401,"position":4},"title":"L&#8217;ITALIA NEL PALLONE","author":"Antonio Pascotto","date":"Novembre 14, 2017","format":"image","excerpt":"E\u2019 come se l\u2019esclusione dell\u2019Italia dai mondiali di calcio riflettesse il momento che stiamo attraversando. No, non voglio parlare di pallone. Gi\u00e0 in queste ore ne leggeremo e ne sentiremo tante. Ma ho come l\u2019impressione che un evento cos\u00ec clamoroso sia lo specchio dei tempi che stiamo vivendo. E sono\u2026","rel":"","context":"In &quot;Attualit\u00e0&quot;","block_context":{"text":"Attualit\u00e0","link":"https:\/\/antoniopascotto.it\/?cat=37"},"img":{"alt_text":"","src":"https:\/\/i0.wp.com\/antoniopascotto.it\/wp-content\/uploads\/2017\/11\/PALLONE.jpg?fit=480%2C312&ssl=1&resize=350%2C200","width":350,"height":200},"classes":[]},{"id":798,"url":"https:\/\/antoniopascotto.it\/?p=798","url_meta":{"origin":401,"position":5},"title":"DIAMO TEMPO AL TEMPO","author":"Antonio Pascotto","date":"Gennaio 1, 2019","format":"image","excerpt":"Un altro anno \u00e8 alle spalle. Come auspicio siamo soliti dire: speriamo che quello appena arrivato sia migliore del precedente. Se le cose non sono andate per il meglio diciamo: il tempo sar\u00e0 galantuomo. Oppure: arriveranno tempi migliori. O ancora: diamo tempo al tempo. E se fa freddo? Diciamo: \u00e8\u2026","rel":"","context":"In &quot;Riflessioni&quot;","block_context":{"text":"Riflessioni","link":"https:\/\/antoniopascotto.it\/?cat=231"},"img":{"alt_text":"","src":"https:\/\/i0.wp.com\/antoniopascotto.it\/wp-content\/uploads\/2019\/01\/2019-01-01_171749.jpg?fit=770%2C433&ssl=1&resize=350%2C200","width":350,"height":200},"classes":[]}],"_links":{"self":[{"href":"https:\/\/antoniopascotto.it\/index.php?rest_route=\/wp\/v2\/posts\/401"}],"collection":[{"href":"https:\/\/antoniopascotto.it\/index.php?rest_route=\/wp\/v2\/posts"}],"about":[{"href":"https:\/\/antoniopascotto.it\/index.php?rest_route=\/wp\/v2\/types\/post"}],"author":[{"embeddable":true,"href":"https:\/\/antoniopascotto.it\/index.php?rest_route=\/wp\/v2\/users\/2"}],"replies":[{"embeddable":true,"href":"https:\/\/antoniopascotto.it\/index.php?rest_route=%2Fwp%2Fv2%2Fcomments&post=401"}],"version-history":[{"count":1,"href":"https:\/\/antoniopascotto.it\/index.php?rest_route=\/wp\/v2\/posts\/401\/revisions"}],"predecessor-version":[{"id":403,"href":"https:\/\/antoniopascotto.it\/index.php?rest_route=\/wp\/v2\/posts\/401\/revisions\/403"}],"wp:featuredmedia":[{"embeddable":true,"href":"https:\/\/antoniopascotto.it\/index.php?rest_route=\/wp\/v2\/media\/402"}],"wp:attachment":[{"href":"https:\/\/antoniopascotto.it\/index.php?rest_route=%2Fwp%2Fv2%2Fmedia&parent=401"}],"wp:term":[{"taxonomy":"category","embeddable":true,"href":"https:\/\/antoniopascotto.it\/index.php?rest_route=%2Fwp%2Fv2%2Fcategories&post=401"},{"taxonomy":"post_tag","embeddable":true,"href":"https:\/\/antoniopascotto.it\/index.php?rest_route=%2Fwp%2Fv2%2Ftags&post=401"}],"curies":[{"name":"wp","href":"https:\/\/api.w.org\/{rel}","templated":true}]}}