{"id":361,"date":"2017-09-11T07:56:55","date_gmt":"2017-09-11T07:56:55","guid":{"rendered":"http:\/\/antoniopascotto.it\/?p=361"},"modified":"2017-09-11T07:56:55","modified_gmt":"2017-09-11T07:56:55","slug":"la-pubblicita-in-futuro-sara-richiesta-gli-spot-diventeranno-affascinanti","status":"publish","type":"post","link":"https:\/\/antoniopascotto.it\/?p=361","title":{"rendered":"LA PUBBLICITA&#8217; IN FUTURO SARA&#8217; RICHIESTA. GLI SPOT DIVENTERANNO &#8216;AFFASCINANTI&#8217;"},"content":{"rendered":"<blockquote>\n<h2 class=\"entrySubTit\">Vedremo e leggeremo quello che pi\u00f9 ci interessa. A giocare in attacco sono agenzie, uffici di ricerca, opinion leader, planning e chi pi\u00f9 ne ha pi\u00f9 ne metta<\/h2>\n<\/blockquote>\n<p><img data-attachment-id=\"363\" data-permalink=\"https:\/\/antoniopascotto.it\/?attachment_id=363\" data-orig-file=\"https:\/\/i0.wp.com\/antoniopascotto.it\/wp-content\/uploads\/2017\/09\/storytelling.jpg?fit=660%2C241&amp;ssl=1\" data-orig-size=\"660,241\" data-comments-opened=\"1\" data-image-meta=\"{&quot;aperture&quot;:&quot;0&quot;,&quot;credit&quot;:&quot;&quot;,&quot;camera&quot;:&quot;&quot;,&quot;caption&quot;:&quot;&quot;,&quot;created_timestamp&quot;:&quot;1426237249&quot;,&quot;copyright&quot;:&quot;&quot;,&quot;focal_length&quot;:&quot;0&quot;,&quot;iso&quot;:&quot;0&quot;,&quot;shutter_speed&quot;:&quot;0&quot;,&quot;title&quot;:&quot;&quot;,&quot;orientation&quot;:&quot;1&quot;}\" data-image-title=\"storytelling\" data-image-description=\"\" data-image-caption=\"\" data-medium-file=\"https:\/\/i0.wp.com\/antoniopascotto.it\/wp-content\/uploads\/2017\/09\/storytelling.jpg?fit=300%2C110&amp;ssl=1\" data-large-file=\"https:\/\/i0.wp.com\/antoniopascotto.it\/wp-content\/uploads\/2017\/09\/storytelling.jpg?fit=660%2C241&amp;ssl=1\" decoding=\"async\" loading=\"lazy\" class=\"alignleft size-medium wp-image-363\" src=\"https:\/\/i0.wp.com\/antoniopascotto.it\/wp-content\/uploads\/2017\/09\/storytelling.jpg?resize=300%2C110\" alt=\"\" width=\"300\" height=\"110\" srcset=\"https:\/\/i0.wp.com\/antoniopascotto.it\/wp-content\/uploads\/2017\/09\/storytelling.jpg?resize=300%2C110&amp;ssl=1 300w, https:\/\/i0.wp.com\/antoniopascotto.it\/wp-content\/uploads\/2017\/09\/storytelling.jpg?w=660&amp;ssl=1 660w\" sizes=\"(max-width: 300px) 100vw, 300px\" data-recalc-dims=\"1\" \/>Gli esperti ne sono convinti. In un futuro non troppo lontano le pubblicit\u00e0 piaceranno di pi\u00f9. Anzi, saranno gli stessi utenti a desiderarle. Perch\u00e9 gli spot diventeranno pi\u00f9 affascinanti, appaganti e coinvolgenti. E soprattutto non saranno invasivi. I film non verranno interrotti all\u2019improvviso e si potr\u00e0 leggere l\u2019articolo di un sito dall\u2019inizio alla fine senza i popup, quelle fastidiosissime finestre pubblicitarie che si aprono proprio sulle frasi o sui titoli che catturano l\u2019attenzione del pubblico.<br \/>\nAltro che persuasori occulti. L\u2019attivit\u00e0 dei signori della pubblicit\u00e0 non conosce confini. E questo lo sapevamo. Ma da ora in poi, invece che propinarci a getto continuo un flusso continuo di messaggi spesso poco graditi, saranno dalla nostra parte. Cio\u00e8 dalla parte del consumatore. Almeno cos\u00ec sostengono i guru dello spot. Intanto hanno gi\u00e0 pianificato le strategie che di fatto ci faranno entrare in una nuova era, quella della personalizzazione della comunicazione. Vedremo e leggeremo quello che pi\u00f9 ci interessa. La pubblica opinione diventer\u00e0 l\u2019opinione del pubblico, chiamato a decidere cosa conviene fare e in quale momento.<br \/>\nIn realt\u00e0 la grande mole di dati in possesso degli uffici di comunicazione e marketing mette in condizione i creativi della pubblicit\u00e0 di capire cosa vogliono davvero i consumatori. Gi\u00e0 succede in parte, e il caso Amazon \u00e8 quello pi\u00f9 evidente. Anche per questo in breve tempo muteranno i modelli di organizzazione all\u2019interno di un\u2019azienda. Ogni storytelling sar\u00e0 costruito a seconda delle esigenze di un utente, e cambier\u00e0 ogni volta che si vorr\u00e0.<br \/>\nSono finiti i tempi in cui il telespettatore o il lettore veniva subissato di informazioni spesso ripetitive e a volte anche controproducenti per gli stessi brand. Dalla passivit\u00e0 si passer\u00e0 all\u2019attivit\u00e0 del pubblico che diventer\u00e0 gestore dei propri gusti e consumi. Tutto \u00e8 bene quel che finisce bene. O no?<\/p>\n<p>LEGGI TUTTO L&#8217;ARTICOLO SU\u00a0<a href=\"http:\/\/www.worldpass.it\/Inchieste\/9\/2017\/09\/01\/La_pubblicita_in_futuro_sara_richiesta__Gli_spot_diventeranno_euroaffascinantieuro\/356\" target=\"_blank\" rel=\"noopener noreferrer\">www.worldpass.it<\/a><\/p>\n<p>&nbsp;<\/p>\n<p>&nbsp;<\/p>\n","protected":false},"excerpt":{"rendered":"<p>Vedremo e leggeremo quello che pi\u00f9 ci interessa. A giocare in attacco sono agenzie, uffici di ricerca, opinion leader, planning e chi pi\u00f9 ne ha pi\u00f9 ne metta Gli esperti ne sono convinti. In un futuro non troppo lontano le pubblicit\u00e0 piaceranno di pi\u00f9. Anzi, saranno gli stessi utenti a desiderarle. Perch\u00e9 gli spot diventeranno [&hellip;]<\/p>\n","protected":false},"author":2,"featured_media":362,"comment_status":"open","ping_status":"open","sticky":false,"template":"","format":"gallery","meta":{"advanced_seo_description":"","jetpack_seo_html_title":"","jetpack_seo_noindex":false,"jetpack_post_was_ever_published":false,"_jetpack_newsletter_access":"","jetpack_publicize_message":"","jetpack_is_tweetstorm":false,"jetpack_publicize_feature_enabled":true,"jetpack_social_post_already_shared":true,"jetpack_social_options":{"image_generator_settings":{"template":"highway","enabled":false}}},"categories":[21,77,3],"tags":[78,79,14],"jetpack_publicize_connections":[],"jetpack_featured_media_url":"https:\/\/i0.wp.com\/antoniopascotto.it\/wp-content\/uploads\/2017\/09\/advertising.jpg?fit=350%2C212&ssl=1","jetpack_sharing_enabled":true,"jetpack_shortlink":"https:\/\/wp.me\/p8swp8-5P","jetpack-related-posts":[{"id":1320,"url":"https:\/\/antoniopascotto.it\/?p=1320","url_meta":{"origin":361,"position":0},"title":"COSI\u2019 UMANI E COSI\u2019 VULNERABILI","author":"Antonio Pascotto","date":"Giugno 1, 2020","format":"image","excerpt":"La tecnologia ci d\u00e0 una mano. Anche se molti di noi non riescono ancora a fidarsi fino in fondo. Diciamoci la verit\u00e0, gli algoritmi saranno pure perfetti, procedimenti e calcoli saranno pure infallibili, ma nessuno \u00e8 riuscito a prevedere, nemmeno per lontane ipotesi, quello che sarebbe successo. Nessuna avvisaglia, nemmeno\u2026","rel":"","context":"In &quot;Internet&quot;","block_context":{"text":"Internet","link":"https:\/\/antoniopascotto.it\/?cat=262"},"img":{"alt_text":"","src":"https:\/\/i0.wp.com\/antoniopascotto.it\/wp-content\/uploads\/2020\/06\/2020-06-01_161832.jpg?fit=792%2C431&ssl=1&resize=350%2C200","width":350,"height":200},"classes":[]},{"id":626,"url":"https:\/\/antoniopascotto.it\/?p=626","url_meta":{"origin":361,"position":1},"title":"IL GIORNO IN CUI FACEBOOK NON FU PIU\u2019 LO STESSO","author":"Antonio Pascotto","date":"Marzo 28, 2018","format":"image","excerpt":"E\u2019 il caso Cambridge Analytica ad assestare il colpo finale alla credibilit\u00e0 del social network pi\u00f9 diffuso al mondo. Tutto nasce da un\u2019inchiesta di Guardian e New York Times. Quasi in contemporanea i cronisti delle due testate giornaliste indagano sulla societ\u00e0 britannica di analisi dati che durante la campagna elettorale\u2026","rel":"","context":"In &quot;Facebook&quot;","block_context":{"text":"Facebook","link":"https:\/\/antoniopascotto.it\/?cat=170"},"img":{"alt_text":"","src":"https:\/\/i0.wp.com\/antoniopascotto.it\/wp-content\/uploads\/2018\/03\/facebook-2.jpg?fit=863%2C486&ssl=1&resize=350%2C200","width":350,"height":200},"classes":[]},{"id":466,"url":"https:\/\/antoniopascotto.it\/?p=466","url_meta":{"origin":361,"position":2},"title":"PER GLI AUGURI DI NATALE SIAMO TUTTI VIDEOMAKER","author":"Antonio Pascotto","date":"Dicembre 24, 2017","format":"image","excerpt":"Il tintinnio di campanelli irrompe all\u2019improvviso nel telefonino come una suoneria. E\u2019 l\u2019inizio di uno dei tantissimi video che in queste ore affollano la memoria dello smartphone. Ce n\u2019\u00e8 per tutti i tipi e per tutti i gusti. Dal Babbo Natale che parla in dialetto romanesco e ti manda letteralmente\u2026","rel":"","context":"In &quot;Attualit\u00e0&quot;","block_context":{"text":"Attualit\u00e0","link":"https:\/\/antoniopascotto.it\/?cat=37"},"img":{"alt_text":"","src":"https:\/\/i0.wp.com\/antoniopascotto.it\/wp-content\/uploads\/2017\/12\/MERRY-CHRISTMAS.jpg?fit=625%2C343&ssl=1&resize=350%2C200","width":350,"height":200},"classes":[]},{"id":197,"url":"https:\/\/antoniopascotto.it\/?p=197","url_meta":{"origin":361,"position":3},"title":"AVVISO AI NAVIGANTI","author":"Antonio Pascotto","date":"Febbraio 19, 2017","format":"gallery","excerpt":"Si finir\u00e0 per navigare sempre e ovunque. In casa e fuori dalle mura domestiche. Sempre connessi e senza l\u2019ausilio del pc o di altri dispositivi, neppure quelli portatili. Sar\u00e0 una vita tutta digitale, dove non occorreranno banconote n\u00e9 carte di credito. Per pagare la spesa al supermercato baster\u00e0 una stretta\u2026","rel":"","context":"In &quot;Web&quot;","block_context":{"text":"Web","link":"https:\/\/antoniopascotto.it\/?cat=5"},"img":{"alt_text":"","src":"https:\/\/i0.wp.com\/antoniopascotto.it\/wp-content\/uploads\/2017\/02\/6-1-300x201.jpg?resize=350%2C200","width":350,"height":200},"classes":[]},{"id":1576,"url":"https:\/\/antoniopascotto.it\/?p=1576","url_meta":{"origin":361,"position":4},"title":"NAZIONALPOPOLARE","author":"Antonio Pascotto","date":"Febbraio 21, 2022","format":"image","excerpt":"Oggi vorrei occuparmi di un termine molto utilizzato in passato e in modo assai diverso in questa fase della nostra vita, caratterizzata dalla comunicazione digitale. Il termine in questione \u00e8 nazional-popolare, con e senza trattino. Volendo scomodare addirittura Gramsci, nazional-popolare si riferisce alle opere letterarie o artistiche, e comunque a\u2026","rel":"","context":"In &quot;Attualit\u00e0&quot;","block_context":{"text":"Attualit\u00e0","link":"https:\/\/antoniopascotto.it\/?cat=37"},"img":{"alt_text":"","src":"https:\/\/i0.wp.com\/antoniopascotto.it\/wp-content\/uploads\/2022\/02\/2022-02-21_085458.png?fit=1067%2C469&ssl=1&resize=350%2C200","width":350,"height":200},"classes":[]},{"id":730,"url":"https:\/\/antoniopascotto.it\/?p=730","url_meta":{"origin":361,"position":5},"title":"LE ETA&#8217; DEL PARADISO","author":"Antonio Pascotto","date":"Giugno 29, 2018","format":"image","excerpt":"Mi sono sempre chiesto che et\u00e0 hanno le persone in paradiso. Cio\u00e9, se uno muore a 90 anni, in paradiso avr\u00e0 90 anni? Oppure, se muore prima, in paradiso sar\u00e0 pi\u00f9 giovane? Quindi sar\u00e0 ricompensato rispetto al minor tempo trascorso\u00a0durante la vita terrena? Un'idea di paradiso, in qualche modo, me\u2026","rel":"","context":"In &quot;Riflessioni&quot;","block_context":{"text":"Riflessioni","link":"https:\/\/antoniopascotto.it\/?cat=231"},"img":{"alt_text":"","src":"https:\/\/i0.wp.com\/antoniopascotto.it\/wp-content\/uploads\/2018\/06\/il-paradiso-allimprovviso-200x240cm-101689.jpg?fit=600%2C315&ssl=1&resize=350%2C200","width":350,"height":200},"classes":[]}],"_links":{"self":[{"href":"https:\/\/antoniopascotto.it\/index.php?rest_route=\/wp\/v2\/posts\/361"}],"collection":[{"href":"https:\/\/antoniopascotto.it\/index.php?rest_route=\/wp\/v2\/posts"}],"about":[{"href":"https:\/\/antoniopascotto.it\/index.php?rest_route=\/wp\/v2\/types\/post"}],"author":[{"embeddable":true,"href":"https:\/\/antoniopascotto.it\/index.php?rest_route=\/wp\/v2\/users\/2"}],"replies":[{"embeddable":true,"href":"https:\/\/antoniopascotto.it\/index.php?rest_route=%2Fwp%2Fv2%2Fcomments&post=361"}],"version-history":[{"count":1,"href":"https:\/\/antoniopascotto.it\/index.php?rest_route=\/wp\/v2\/posts\/361\/revisions"}],"predecessor-version":[{"id":364,"href":"https:\/\/antoniopascotto.it\/index.php?rest_route=\/wp\/v2\/posts\/361\/revisions\/364"}],"wp:featuredmedia":[{"embeddable":true,"href":"https:\/\/antoniopascotto.it\/index.php?rest_route=\/wp\/v2\/media\/362"}],"wp:attachment":[{"href":"https:\/\/antoniopascotto.it\/index.php?rest_route=%2Fwp%2Fv2%2Fmedia&parent=361"}],"wp:term":[{"taxonomy":"category","embeddable":true,"href":"https:\/\/antoniopascotto.it\/index.php?rest_route=%2Fwp%2Fv2%2Fcategories&post=361"},{"taxonomy":"post_tag","embeddable":true,"href":"https:\/\/antoniopascotto.it\/index.php?rest_route=%2Fwp%2Fv2%2Ftags&post=361"}],"curies":[{"name":"wp","href":"https:\/\/api.w.org\/{rel}","templated":true}]}}