{"id":327,"date":"2017-07-05T09:11:24","date_gmt":"2017-07-05T09:11:24","guid":{"rendered":"http:\/\/antoniopascotto.it\/?p=327"},"modified":"2017-07-05T09:12:37","modified_gmt":"2017-07-05T09:12:37","slug":"vasco-bonolis-rai-e-polemiche","status":"publish","type":"post","link":"https:\/\/antoniopascotto.it\/?p=327","title":{"rendered":"VASCO, BONOLIS, RAI E POLEMICHE"},"content":{"rendered":"<p><img data-attachment-id=\"328\" data-permalink=\"https:\/\/antoniopascotto.it\/?attachment_id=328\" data-orig-file=\"https:\/\/i0.wp.com\/antoniopascotto.it\/wp-content\/uploads\/2017\/07\/VASCO-MODENA-PARK.jpg?fit=650%2C379&amp;ssl=1\" data-orig-size=\"650,379\" data-comments-opened=\"1\" data-image-meta=\"{&quot;aperture&quot;:&quot;0&quot;,&quot;credit&quot;:&quot;&quot;,&quot;camera&quot;:&quot;&quot;,&quot;caption&quot;:&quot;&quot;,&quot;created_timestamp&quot;:&quot;0&quot;,&quot;copyright&quot;:&quot;&quot;,&quot;focal_length&quot;:&quot;0&quot;,&quot;iso&quot;:&quot;0&quot;,&quot;shutter_speed&quot;:&quot;0&quot;,&quot;title&quot;:&quot;&quot;,&quot;orientation&quot;:&quot;0&quot;}\" data-image-title=\"VASCO MODENA PARK\" data-image-description=\"\" data-image-caption=\"\" data-medium-file=\"https:\/\/i0.wp.com\/antoniopascotto.it\/wp-content\/uploads\/2017\/07\/VASCO-MODENA-PARK.jpg?fit=300%2C175&amp;ssl=1\" data-large-file=\"https:\/\/i0.wp.com\/antoniopascotto.it\/wp-content\/uploads\/2017\/07\/VASCO-MODENA-PARK.jpg?fit=650%2C379&amp;ssl=1\" decoding=\"async\" loading=\"lazy\" class=\"alignleft size-medium wp-image-328\" src=\"https:\/\/i0.wp.com\/antoniopascotto.it\/wp-content\/uploads\/2017\/07\/VASCO-MODENA-PARK.jpg?resize=300%2C175\" alt=\"\" width=\"300\" height=\"175\" srcset=\"https:\/\/i0.wp.com\/antoniopascotto.it\/wp-content\/uploads\/2017\/07\/VASCO-MODENA-PARK.jpg?resize=300%2C175&amp;ssl=1 300w, https:\/\/i0.wp.com\/antoniopascotto.it\/wp-content\/uploads\/2017\/07\/VASCO-MODENA-PARK.jpg?w=650&amp;ssl=1 650w\" sizes=\"(max-width: 300px) 100vw, 300px\" data-recalc-dims=\"1\" \/>Torno sul concerto di Vasco Rossi a Modena Park e sulle polemiche per la conduzione di Paolo Bonolis. Giudicata, evidentemente, visto il tenore dei tweet e dei post sui social, un po\u2019 troppo invadente. Ho rivisto su RaiPlay la trasmissione e sinceramente non ho notato questa \u2018invadenza\u2019. Anzi, Bonolis come sempre \u00e8 stato molto professionale. Piuttosto gli autori hanno impostato in un certo modo la diretta perch\u00e9, per motivi di contratto con i produttori del concerto, non potevano trasmettere tutti i brani della scaletta. Anche per rispetto nei confronti del pubblico pagante che da giorni si era accalcato sul prato modenese.<br \/>\nQuello che mi ha colpito, invece, \u00e8 stata la decisione della Rai di affidare l\u2019evento musicale dell\u2019anno a un conduttore che non fa parte della squadra di viale Mazzini. Bonolis \u00e8 un presentatore Mediaset, e dopo tutte le polemiche sui compensi a Fazio e company, forse la Rai avrebbe dovuto scegliere un nome tra le mura di casa. Per carit\u00e0, meglio cos\u00ec, Bonolis \u00e8 davvero bravo. Alla faccia di tutti i detrattori.<\/p>\n","protected":false},"excerpt":{"rendered":"<p>Torno sul concerto di Vasco Rossi a Modena Park e sulle polemiche per la conduzione di Paolo Bonolis. Giudicata, evidentemente, visto il tenore dei tweet e dei post sui social, un po\u2019 troppo invadente. Ho rivisto su RaiPlay la trasmissione e sinceramente non ho notato questa \u2018invadenza\u2019. Anzi, Bonolis come sempre \u00e8 stato molto professionale. [&hellip;]<\/p>\n","protected":false},"author":2,"featured_media":328,"comment_status":"open","ping_status":"open","sticky":false,"template":"","format":"gallery","meta":{"advanced_seo_description":"","jetpack_seo_html_title":"","jetpack_seo_noindex":false,"jetpack_post_was_ever_published":false,"_jetpack_newsletter_access":"","jetpack_publicize_message":"","jetpack_is_tweetstorm":false,"jetpack_publicize_feature_enabled":true,"jetpack_social_post_already_shared":true,"jetpack_social_options":{"image_generator_settings":{"template":"highway","enabled":false}}},"categories":[46,48,47],"tags":[52,50,51,49],"jetpack_publicize_connections":[],"jetpack_featured_media_url":"https:\/\/i0.wp.com\/antoniopascotto.it\/wp-content\/uploads\/2017\/07\/VASCO-MODENA-PARK.jpg?fit=650%2C379&ssl=1","jetpack_sharing_enabled":true,"jetpack_shortlink":"https:\/\/wp.me\/p8swp8-5h","jetpack-related-posts":[{"id":646,"url":"https:\/\/antoniopascotto.it\/?p=646","url_meta":{"origin":327,"position":0},"title":"CARO AMICO TI SCRIVO","author":"Antonio Pascotto","date":"Aprile 25, 2018","format":"image","excerpt":"Emozionato, davanti alla televisione,\u00a0guardando uno speciale davvero unico, dedicato a Lucio Dalla. Ho ripercorso, grazie a Giorgio Verdelli e agli autori del programma, momenti incredibili con musiche e canzoni che sono diventate anche colonna sonora di una parte della nostra vita. A cominciare da quella 4 marzo 1943, presentata da\u2026","rel":"","context":"In &quot;Musica&quot;","block_context":{"text":"Musica","link":"https:\/\/antoniopascotto.it\/?cat=46"},"img":{"alt_text":"","src":"https:\/\/i0.wp.com\/antoniopascotto.it\/wp-content\/uploads\/2018\/04\/dalla-1.jpg?fit=805%2C350&ssl=1&resize=350%2C200","width":350,"height":200},"classes":[]},{"id":1308,"url":"https:\/\/antoniopascotto.it\/?p=1308","url_meta":{"origin":327,"position":1},"title":"L&#8217;ABBRACCIO DI SILVIA","author":"Antonio Pascotto","date":"Maggio 12, 2020","format":"image","excerpt":"Non voglio entrare nelle polemiche sul riscatto. Poche parole anche sulla necessit\u00e0 da parte di Silvia Romano, prigioniera per 18 lunghissimi mesi, di dichiararsi convertita all\u2019Islam. Aveva cominciato a leggere il Corano dopo aver chiesto ai suoi rapitori dei libri. Ha detto che la sua \u00e8 stata una conversione spontanea.\u2026","rel":"","context":"In &quot;Attualit\u00e0&quot;","block_context":{"text":"Attualit\u00e0","link":"https:\/\/antoniopascotto.it\/?cat=37"},"img":{"alt_text":"","src":"https:\/\/i0.wp.com\/antoniopascotto.it\/wp-content\/uploads\/2020\/05\/2020-05-12_092636.jpg?fit=755%2C387&ssl=1&resize=350%2C200","width":350,"height":200},"classes":[]},{"id":1395,"url":"https:\/\/antoniopascotto.it\/?p=1395","url_meta":{"origin":327,"position":2},"title":"PIOGGIA SU ROMA","author":"Antonio Pascotto","date":"Dicembre 23, 2020","format":"image","excerpt":"\u00a0 La pioggia scende copiosa e insistente su una Roma semideserta, mentre le gocce tamburellano le lamiere dell'auto che schizza acqua dai tergicristalli, accompagnandoci lungo il percorso come il suono di un concerto. Ma nemmeno il maltempo riesce a cancellare l'atmosfera magica di una citt\u00e0 che non \u00e8 mai monotona.\u2026","rel":"","context":"In &quot;Roma&quot;","block_context":{"text":"Roma","link":"https:\/\/antoniopascotto.it\/?cat=9"},"img":{"alt_text":"","src":"https:\/\/i0.wp.com\/antoniopascotto.it\/wp-content\/uploads\/2020\/12\/PIOGGIA.png?fit=811%2C385&ssl=1&resize=350%2C200","width":350,"height":200},"classes":[]},{"id":270,"url":"https:\/\/antoniopascotto.it\/?p=270","url_meta":{"origin":327,"position":3},"title":"SE IL FASCINO DEL NOIR FA DISCUTERE","author":"Antonio Pascotto","date":"Febbraio 28, 2017","format":"gallery","excerpt":"Chi li sente, adesso, i vari Lupi, Gasparri, Giovanardi, Quagliarello e altri. Non bastava Rocco Schiavone, il vicequestore romano fuori dalle righe, trasferito ad Aosta sotto le sembianze dell\u2019attore Marco Giallini, che la mattina presto, prima di lavorare, apre il cassetto della sua scrivania e prende uno spinello da fumare\u2026","rel":"","context":"In &quot;Televisione&quot;","block_context":{"text":"Televisione","link":"https:\/\/antoniopascotto.it\/?cat=20"},"img":{"alt_text":"","src":"https:\/\/i0.wp.com\/antoniopascotto.it\/wp-content\/uploads\/2017\/02\/Montalbano.jpg?fit=725%2C451&ssl=1&resize=350%2C200","width":350,"height":200},"classes":[]},{"id":596,"url":"https:\/\/antoniopascotto.it\/?p=596","url_meta":{"origin":327,"position":4},"title":"L&#8217;IMPORTANZA DI CHIAMARSI LUCIO","author":"Antonio Pascotto","date":"Marzo 6, 2018","format":"image","excerpt":"Il voto, la politica, i partiti, le difficolt\u00e0 per formare una maggioranza. In questi giorni di grande fibrillazione abbiamo messo da parte emozioni e riflessioni. Ma non lo abbiamo fatto apposta. Ci siamo distratti, ed \u00e8 comprensibile. Per fortuna c\u2019\u00e8 sempre tempo per voltarsi indietro e ripescare dal cassetto dei\u2026","rel":"","context":"In &quot;Musica&quot;","block_context":{"text":"Musica","link":"https:\/\/antoniopascotto.it\/?cat=46"},"img":{"alt_text":"","src":"https:\/\/i0.wp.com\/antoniopascotto.it\/wp-content\/uploads\/2018\/03\/dalla-e-battisti.jpg?fit=768%2C384&ssl=1&resize=350%2C200","width":350,"height":200},"classes":[]},{"id":405,"url":"https:\/\/antoniopascotto.it\/?p=405","url_meta":{"origin":327,"position":5},"title":"GIORNALISTI E SCOOP. PASSIONE E SENTIMENTO","author":"Antonio Pascotto","date":"Settembre 28, 2017","format":"gallery","excerpt":"Sono le 19 quando ricevo la telefonata, graditissima, di una giornalista che il mestiere lo ha sempre avuto nel sangue, Marina Como. Attualmente lavora per Porta a Porta. Quando si parla della Regina Elisabetta non pu\u00f2 essere che lei a realizzare il servizio. Nella sua lunga carriera ne ha intervistati\u2026","rel":"","context":"In &quot;Cinema&quot;","block_context":{"text":"Cinema","link":"https:\/\/antoniopascotto.it\/?cat=105"},"img":{"alt_text":"","src":"https:\/\/i0.wp.com\/antoniopascotto.it\/wp-content\/uploads\/2017\/09\/Brigitte-e-Marina.jpg?fit=319%2C314&ssl=1&resize=350%2C200","width":350,"height":200},"classes":[]}],"_links":{"self":[{"href":"https:\/\/antoniopascotto.it\/index.php?rest_route=\/wp\/v2\/posts\/327"}],"collection":[{"href":"https:\/\/antoniopascotto.it\/index.php?rest_route=\/wp\/v2\/posts"}],"about":[{"href":"https:\/\/antoniopascotto.it\/index.php?rest_route=\/wp\/v2\/types\/post"}],"author":[{"embeddable":true,"href":"https:\/\/antoniopascotto.it\/index.php?rest_route=\/wp\/v2\/users\/2"}],"replies":[{"embeddable":true,"href":"https:\/\/antoniopascotto.it\/index.php?rest_route=%2Fwp%2Fv2%2Fcomments&post=327"}],"version-history":[{"count":2,"href":"https:\/\/antoniopascotto.it\/index.php?rest_route=\/wp\/v2\/posts\/327\/revisions"}],"predecessor-version":[{"id":330,"href":"https:\/\/antoniopascotto.it\/index.php?rest_route=\/wp\/v2\/posts\/327\/revisions\/330"}],"wp:featuredmedia":[{"embeddable":true,"href":"https:\/\/antoniopascotto.it\/index.php?rest_route=\/wp\/v2\/media\/328"}],"wp:attachment":[{"href":"https:\/\/antoniopascotto.it\/index.php?rest_route=%2Fwp%2Fv2%2Fmedia&parent=327"}],"wp:term":[{"taxonomy":"category","embeddable":true,"href":"https:\/\/antoniopascotto.it\/index.php?rest_route=%2Fwp%2Fv2%2Fcategories&post=327"},{"taxonomy":"post_tag","embeddable":true,"href":"https:\/\/antoniopascotto.it\/index.php?rest_route=%2Fwp%2Fv2%2Ftags&post=327"}],"curies":[{"name":"wp","href":"https:\/\/api.w.org\/{rel}","templated":true}]}}