{"id":293,"date":"2017-04-03T00:12:01","date_gmt":"2017-04-03T00:12:01","guid":{"rendered":"http:\/\/antoniopascotto.it\/?p=293"},"modified":"2017-04-03T00:12:44","modified_gmt":"2017-04-03T00:12:44","slug":"la-tecnologia-non-ci-rende-stupidi-ma-attenzione-alle-notizie-false","status":"publish","type":"post","link":"https:\/\/antoniopascotto.it\/?p=293","title":{"rendered":"LA TECNOLOGIA NON CI RENDE STUPIDI, MA ATTENZIONE ALLE NOTIZIE FALSE"},"content":{"rendered":"<p><strong><img data-attachment-id=\"294\" data-permalink=\"https:\/\/antoniopascotto.it\/?attachment_id=294\" data-orig-file=\"https:\/\/i0.wp.com\/antoniopascotto.it\/wp-content\/uploads\/2017\/04\/social-media-marketing2017-social.jpg?fit=350%2C206&amp;ssl=1\" data-orig-size=\"350,206\" data-comments-opened=\"1\" data-image-meta=\"{&quot;aperture&quot;:&quot;0&quot;,&quot;credit&quot;:&quot;&quot;,&quot;camera&quot;:&quot;&quot;,&quot;caption&quot;:&quot;&quot;,&quot;created_timestamp&quot;:&quot;1390556486&quot;,&quot;copyright&quot;:&quot;&quot;,&quot;focal_length&quot;:&quot;0&quot;,&quot;iso&quot;:&quot;0&quot;,&quot;shutter_speed&quot;:&quot;0&quot;,&quot;title&quot;:&quot;&quot;,&quot;orientation&quot;:&quot;1&quot;}\" data-image-title=\"social-media-marketing2017-social\" data-image-description=\"\" data-image-caption=\"\" data-medium-file=\"https:\/\/i0.wp.com\/antoniopascotto.it\/wp-content\/uploads\/2017\/04\/social-media-marketing2017-social.jpg?fit=300%2C177&amp;ssl=1\" data-large-file=\"https:\/\/i0.wp.com\/antoniopascotto.it\/wp-content\/uploads\/2017\/04\/social-media-marketing2017-social.jpg?fit=350%2C206&amp;ssl=1\" decoding=\"async\" loading=\"lazy\" class=\"alignleft size-medium wp-image-294\" src=\"https:\/\/i0.wp.com\/antoniopascotto.it\/wp-content\/uploads\/2017\/04\/social-media-marketing2017-social.jpg?resize=300%2C177\" alt=\"\" width=\"300\" height=\"177\" srcset=\"https:\/\/i0.wp.com\/antoniopascotto.it\/wp-content\/uploads\/2017\/04\/social-media-marketing2017-social.jpg?resize=300%2C177&amp;ssl=1 300w, https:\/\/i0.wp.com\/antoniopascotto.it\/wp-content\/uploads\/2017\/04\/social-media-marketing2017-social.jpg?w=350&amp;ssl=1 350w\" sizes=\"(max-width: 300px) 100vw, 300px\" data-recalc-dims=\"1\" \/>La tecnologia non ci rende stupidi, anche se qualcuno pensa che sui social si parla come al bar. <\/strong>Ma come sempre il risultato dipende dall\u2019utilizzo dei mezzi. Oggi siamo immersi nei social, ci raduniamo su Facebook o su Twitter, postiamo foto a valanga su Instagram. Siamo come un popolo che ha invaso un pianeta, occupandone ampi spazi. Anzi, di pi\u00f9. Da qualche milione siamo diventati miliardi. Non \u00e8 una semplice comunit\u00e0, non \u00e8 uno Stato. E\u2019 un vero e proprio mondo. Semmai un mondo a parte, che si manifesta nelle pi\u00f9 svariate forme.<br \/>\nPer questo c\u2019\u00e8 chi sostiene con forza una regolamentazione. A partire dalle notizie fasulle, le cosiddette fake news. Si tratta di notizie alternative, realizzate su misura per attirare l\u2019attenzione e generare contatti. Fanno presa, certo, incuriosiscono e spesso raggiungono una vasta area di utenti creduloni che leggono, condividono e contribuiscono a far diventare virali le pi\u00f9 incredibili bufale. Un fenomeno che chiama in causa esperti, sociologi, giornalisti, editori. Una reazione inevitabile, per fare ordine nel mare magnum di internet.<\/p>\n<p><a href=\"http:\/\/www.worldpass.it\/Inchieste\/9\/2017\/03\/30\/La_tecnologia_non_ci_rende_stupidi_ma_attenzione_alle_notizie_false\/314\" target=\"_blank\"><strong>LEGGI TUTTO L&#8217;ARTICOLO SU WORLDPASS<\/strong><\/a><\/p>\n","protected":false},"excerpt":{"rendered":"<p>La tecnologia non ci rende stupidi, anche se qualcuno pensa che sui social si parla come al bar. Ma come sempre il risultato dipende dall\u2019utilizzo dei mezzi. Oggi siamo immersi nei social, ci raduniamo su Facebook o su Twitter, postiamo foto a valanga su Instagram. Siamo come un popolo che ha invaso un pianeta, occupandone [&hellip;]<\/p>\n","protected":false},"author":2,"featured_media":294,"comment_status":"open","ping_status":"open","sticky":false,"template":"","format":"gallery","meta":{"advanced_seo_description":"","jetpack_seo_html_title":"","jetpack_seo_noindex":false,"jetpack_post_was_ever_published":false,"_jetpack_newsletter_access":"","jetpack_publicize_message":"","jetpack_is_tweetstorm":false,"jetpack_publicize_feature_enabled":true,"jetpack_social_post_already_shared":true,"jetpack_social_options":{"image_generator_settings":{"template":"highway","enabled":false}}},"categories":[22,3,5],"tags":[45,26,14],"jetpack_publicize_connections":[],"jetpack_featured_media_url":"https:\/\/i0.wp.com\/antoniopascotto.it\/wp-content\/uploads\/2017\/04\/social-media-marketing2017-social.jpg?fit=350%2C206&ssl=1","jetpack_sharing_enabled":true,"jetpack_shortlink":"https:\/\/wp.me\/p8swp8-4J","jetpack-related-posts":[{"id":401,"url":"https:\/\/antoniopascotto.it\/?p=401","url_meta":{"origin":293,"position":0},"title":"BUONE NOTIZIE","author":"Antonio Pascotto","date":"Settembre 22, 2017","format":"gallery","excerpt":"Finalmente una buona notizia: la nascita di un giornale di buone notizie. L\u2019idea del Correre della Sera \u00e8 buona, anzi ottima. Buone Notizie viene allegato al quotidiano di via Solferino ogni marted\u00ec. Tutti i giorni siamo costretti a leggere i fatti drammatici che arrivano da ogni dove. Riflettono l\u2019epoca in\u2026","rel":"","context":"In &quot;Giornalismo&quot;","block_context":{"text":"Giornalismo","link":"https:\/\/antoniopascotto.it\/?cat=22"},"img":{"alt_text":"","src":"https:\/\/i0.wp.com\/antoniopascotto.it\/wp-content\/uploads\/2017\/09\/buone-notizie-corriere-600x400.jpg?fit=600%2C400&ssl=1&resize=350%2C200","width":350,"height":200},"classes":[]},{"id":266,"url":"https:\/\/antoniopascotto.it\/?p=266","url_meta":{"origin":293,"position":1},"title":"LA SVOLTA DIGITALE","author":"Antonio Pascotto","date":"Febbraio 26, 2017","format":"gallery","excerpt":"Dopo oltre mezzo secolo la televisione continua a esercitare la sua centralit\u00e0. Tra i mezzi di comunicazione di massa\u00a0 rimane la preferita dal pubblico, che in primo luogo sceglie i telegiornali per seguire cosa succede nel mondo. Il piccolo schermo \u00e8 sempre influente, ma soprattutto, pi\u00f9 di ogni altro mezzo,\u2026","rel":"","context":"In &quot;Digitale&quot;","block_context":{"text":"Digitale","link":"https:\/\/antoniopascotto.it\/?cat=21"},"img":{"alt_text":"","src":"https:\/\/i0.wp.com\/antoniopascotto.it\/wp-content\/uploads\/2017\/02\/DIGITALE-300x216.jpg?resize=350%2C200","width":350,"height":200},"classes":[]},{"id":2085,"url":"https:\/\/antoniopascotto.it\/?p=2085","url_meta":{"origin":293,"position":2},"title":"ROMANZO DIGITALE. IL NUOVO LIBRO DI ANTONIO PASCOTTO PRESENTATO A BANCA GENERALI DI ROMA","author":"Antonio Pascotto","date":"Gennaio 26, 2026","format":"image","excerpt":"ROMA \u2013 Un nuovo appuntamento con il pubblico per Antonio Pascotto e il suo Romanzo Digitale. Nella sala riunioni di Banca Generali, a Roma, il giornalista Mediaset ha presentato il libro, edito da Jolly Roger, che affronta una serie di temi analizzati con gli interventi di Sara Manfuso, firma del\u2026","rel":"","context":"In &quot;Intelligenza Artificiale&quot;","block_context":{"text":"Intelligenza Artificiale","link":"https:\/\/antoniopascotto.it\/?cat=400"},"img":{"alt_text":"","src":"https:\/\/i0.wp.com\/antoniopascotto.it\/wp-content\/uploads\/2024\/09\/2024-09-24_100235.jpg?fit=904%2C331&ssl=1&resize=350%2C200","width":350,"height":200},"classes":[]},{"id":1241,"url":"https:\/\/antoniopascotto.it\/?p=1241","url_meta":{"origin":293,"position":3},"title":"LE NOSTRE PAURE","author":"Antonio Pascotto","date":"Marzo 4, 2020","format":"image","excerpt":"Abbiamo paura, e nell\u2019averla mettiamo in evidenza tutte le nostre debolezze. Che sia il terrorismo islamico o il timore di un contagio da coronavirus alla fine dobbiamo ammetterlo: siamo in preda a qualcosa che \u00e8 sempre pi\u00f9 grande di noi, e quasi sempre non abbiamo modo di alzare le nostre\u2026","rel":"","context":"In &quot;Attualit\u00e0&quot;","block_context":{"text":"Attualit\u00e0","link":"https:\/\/antoniopascotto.it\/?cat=37"},"img":{"alt_text":"","src":"https:\/\/i0.wp.com\/antoniopascotto.it\/wp-content\/uploads\/2020\/03\/2020-03-04_051853.jpg?fit=1156%2C532&ssl=1&resize=350%2C200","width":350,"height":200},"classes":[]},{"id":859,"url":"https:\/\/antoniopascotto.it\/?p=859","url_meta":{"origin":293,"position":4},"title":"POSTMODERNITA&#8217;","author":"Antonio Pascotto","date":"Marzo 18, 2019","format":"image","excerpt":"Siamo postmoderni, cio\u00e8 facciamo parte di un\u2019era che si basa sulla mercificazione del tempo e delle nostre esperienze. Siamo impegnati a regolare il tempo che consumiamo sui nostri device per partecipare alla rappresentazione digitale che ci vede impegnati direttamente come attori in un mondo che fabbrica emozioni e dove noi\u2026","rel":"","context":"In &quot;Attualit\u00e0&quot;","block_context":{"text":"Attualit\u00e0","link":"https:\/\/antoniopascotto.it\/?cat=37"},"img":{"alt_text":"","src":"https:\/\/i0.wp.com\/antoniopascotto.it\/wp-content\/uploads\/2019\/03\/2019-03-18_190950.jpg?fit=770%2C425&ssl=1&resize=350%2C200","width":350,"height":200},"classes":[]},{"id":2069,"url":"https:\/\/antoniopascotto.it\/?p=2069","url_meta":{"origin":293,"position":5},"title":"INTELLIGENZA ARTIFICIALE, A POMPEI CONVEGNO SU GIORNALISMO E NUOVE TECNOLOGIE","author":"Antonio Pascotto","date":"Gennaio 26, 2026","format":"image","excerpt":"Confronto sul futuro della professione: l\u2019IA sar\u00e0 una risorsa o un rischio? L\u2019evento \u00e8 stato organizzato dall\u2019Associazione Giornalisti Vesuviani \u201cIntelligenza artificiale: risorsa o pericolo per il giornalismo?\u201d. Su questo tema si sono confrontati giornalisti e sociologi in un incontro organizzato a Pompei questo il tema dall\u2019Associazione giornalisti vesuviani intitolata a\u2026","rel":"","context":"In &quot;Digitale&quot;","block_context":{"text":"Digitale","link":"https:\/\/antoniopascotto.it\/?cat=21"},"img":{"alt_text":"","src":"https:\/\/i0.wp.com\/antoniopascotto.it\/wp-content\/uploads\/2024\/06\/2024-06-02_111321.jpg?fit=912%2C383&ssl=1&resize=350%2C200","width":350,"height":200},"classes":[]}],"_links":{"self":[{"href":"https:\/\/antoniopascotto.it\/index.php?rest_route=\/wp\/v2\/posts\/293"}],"collection":[{"href":"https:\/\/antoniopascotto.it\/index.php?rest_route=\/wp\/v2\/posts"}],"about":[{"href":"https:\/\/antoniopascotto.it\/index.php?rest_route=\/wp\/v2\/types\/post"}],"author":[{"embeddable":true,"href":"https:\/\/antoniopascotto.it\/index.php?rest_route=\/wp\/v2\/users\/2"}],"replies":[{"embeddable":true,"href":"https:\/\/antoniopascotto.it\/index.php?rest_route=%2Fwp%2Fv2%2Fcomments&post=293"}],"version-history":[{"count":2,"href":"https:\/\/antoniopascotto.it\/index.php?rest_route=\/wp\/v2\/posts\/293\/revisions"}],"predecessor-version":[{"id":296,"href":"https:\/\/antoniopascotto.it\/index.php?rest_route=\/wp\/v2\/posts\/293\/revisions\/296"}],"wp:featuredmedia":[{"embeddable":true,"href":"https:\/\/antoniopascotto.it\/index.php?rest_route=\/wp\/v2\/media\/294"}],"wp:attachment":[{"href":"https:\/\/antoniopascotto.it\/index.php?rest_route=%2Fwp%2Fv2%2Fmedia&parent=293"}],"wp:term":[{"taxonomy":"category","embeddable":true,"href":"https:\/\/antoniopascotto.it\/index.php?rest_route=%2Fwp%2Fv2%2Fcategories&post=293"},{"taxonomy":"post_tag","embeddable":true,"href":"https:\/\/antoniopascotto.it\/index.php?rest_route=%2Fwp%2Fv2%2Ftags&post=293"}],"curies":[{"name":"wp","href":"https:\/\/api.w.org\/{rel}","templated":true}]}}