{"id":270,"date":"2017-02-28T08:24:15","date_gmt":"2017-02-28T08:24:15","guid":{"rendered":"http:\/\/antoniopascotto.it\/?p=270"},"modified":"2017-03-06T05:48:08","modified_gmt":"2017-03-06T05:48:08","slug":"se-il-fascino-del-noir-fa-discutere","status":"publish","type":"post","link":"https:\/\/antoniopascotto.it\/?p=270","title":{"rendered":"SE IL FASCINO DEL NOIR FA DISCUTERE"},"content":{"rendered":"<p><img data-attachment-id=\"271\" data-permalink=\"https:\/\/antoniopascotto.it\/?attachment_id=271\" data-orig-file=\"https:\/\/i0.wp.com\/antoniopascotto.it\/wp-content\/uploads\/2017\/02\/Montalbano.jpg?fit=725%2C451&amp;ssl=1\" data-orig-size=\"725,451\" data-comments-opened=\"1\" data-image-meta=\"{&quot;aperture&quot;:&quot;0&quot;,&quot;credit&quot;:&quot;&quot;,&quot;camera&quot;:&quot;&quot;,&quot;caption&quot;:&quot;&quot;,&quot;created_timestamp&quot;:&quot;0&quot;,&quot;copyright&quot;:&quot;&quot;,&quot;focal_length&quot;:&quot;0&quot;,&quot;iso&quot;:&quot;0&quot;,&quot;shutter_speed&quot;:&quot;0&quot;,&quot;title&quot;:&quot;&quot;,&quot;orientation&quot;:&quot;0&quot;}\" data-image-title=\"Montalbano\" data-image-description=\"\" data-image-caption=\"\" data-medium-file=\"https:\/\/i0.wp.com\/antoniopascotto.it\/wp-content\/uploads\/2017\/02\/Montalbano.jpg?fit=300%2C187&amp;ssl=1\" data-large-file=\"https:\/\/i0.wp.com\/antoniopascotto.it\/wp-content\/uploads\/2017\/02\/Montalbano.jpg?fit=725%2C451&amp;ssl=1\" decoding=\"async\" loading=\"lazy\" class=\"alignleft size-medium wp-image-271\" src=\"https:\/\/i0.wp.com\/antoniopascotto.it\/wp-content\/uploads\/2017\/02\/Montalbano.jpg?resize=300%2C187\" alt=\"\" width=\"300\" height=\"187\" srcset=\"https:\/\/i0.wp.com\/antoniopascotto.it\/wp-content\/uploads\/2017\/02\/Montalbano.jpg?resize=300%2C187&amp;ssl=1 300w, https:\/\/i0.wp.com\/antoniopascotto.it\/wp-content\/uploads\/2017\/02\/Montalbano.jpg?w=725&amp;ssl=1 725w\" sizes=\"(max-width: 300px) 100vw, 300px\" data-recalc-dims=\"1\" \/>Chi li sente, adesso, i vari Lupi, Gasparri, Giovanardi, Quagliarello e altri. Non bastava Rocco Schiavone, il vicequestore romano fuori dalle righe, trasferito ad Aosta sotto le sembianze dell\u2019attore Marco Giallini, che la mattina presto, prima di lavorare, apre il cassetto della sua scrivania e prende uno spinello da fumare davanti alla finestra .<\/p>\n<p>E che dire dei bastardi di Pizzofalcone, personaggi nati dalla penna di Maurizio De Giovanni, poliziotti bravissimi, come l\u2019ispettore Lojacono, interpretato da Alessandro Gassmann, ma che hanno anche strane abitudini, come la giovane agente esperta di armi che nasconde ai suoi genitori la propria omosessualit\u00e0 e si fidanza con un medico legale interpretato da una bellissima Rosaria Martone.<\/p>\n<p>Le due fiction hanno sollevato un mare di polemiche. Non sono mancate le interrogazioni parlamentari. E ora ci si mette anche il vecchio Salvo Montalbano. Il commissario dei commissari. In <em>Un covo di vipere<\/em> indaga su uno strano omicidio, che nasconde i rapporti di un imprenditore con giovani donne, anche molto vicine alla sua sfera familiare. Non diciamo di pi\u00f9 per evitare di svelare il colpo di scena finale e rovinare la visione a chi non avesse ancora visto la puntata.<\/p>\n<p>La domanda \u00e8: dopo Schiavone e gli sbirri di Pizzofalcone, riuscir\u00e0\u00a0Montalbano, con la forza del suo quasi ventennale consenso, a evitare\u00a0critiche e discussioni?<\/p>\n<p>P.S.: E&#8217; passato qualche giorno dalla data del post. E la risposta \u00e8: si, c&#8217;\u00e8 voluto Montalbano per evitare polemiche. Come ha sottolineato Aldo Grasso: <em>L&#8217;incesto in prima serata?\u00a0Tranquilli, ci pensa Montalbano. Solo Montalbano poteva affrontare un tema da tragedia greca in prima serata, su Rai1.\u00a0<\/em><\/p>\n","protected":false},"excerpt":{"rendered":"<p>Chi li sente, adesso, i vari Lupi, Gasparri, Giovanardi, Quagliarello e altri. Non bastava Rocco Schiavone, il vicequestore romano fuori dalle righe, trasferito ad Aosta sotto le sembianze dell\u2019attore Marco Giallini, che la mattina presto, prima di lavorare, apre il cassetto della sua scrivania e prende uno spinello da fumare davanti alla finestra . E [&hellip;]<\/p>\n","protected":false},"author":2,"featured_media":271,"comment_status":"open","ping_status":"open","sticky":false,"template":"","format":"gallery","meta":{"advanced_seo_description":"","jetpack_seo_html_title":"","jetpack_seo_noindex":false,"jetpack_post_was_ever_published":false,"_jetpack_newsletter_access":"","jetpack_publicize_message":"","jetpack_is_tweetstorm":false,"jetpack_publicize_feature_enabled":true,"jetpack_social_post_already_shared":false,"jetpack_social_options":{"image_generator_settings":{"template":"highway","enabled":false}}},"categories":[20],"tags":[34,32,33,27,29,30,28,31],"jetpack_publicize_connections":[],"jetpack_featured_media_url":"https:\/\/i0.wp.com\/antoniopascotto.it\/wp-content\/uploads\/2017\/02\/Montalbano.jpg?fit=725%2C451&ssl=1","jetpack_sharing_enabled":true,"jetpack_shortlink":"https:\/\/wp.me\/p8swp8-4m","jetpack-related-posts":[{"id":1576,"url":"https:\/\/antoniopascotto.it\/?p=1576","url_meta":{"origin":270,"position":0},"title":"NAZIONALPOPOLARE","author":"Antonio Pascotto","date":"Febbraio 21, 2022","format":"image","excerpt":"Oggi vorrei occuparmi di un termine molto utilizzato in passato e in modo assai diverso in questa fase della nostra vita, caratterizzata dalla comunicazione digitale. Il termine in questione \u00e8 nazional-popolare, con e senza trattino. Volendo scomodare addirittura Gramsci, nazional-popolare si riferisce alle opere letterarie o artistiche, e comunque a\u2026","rel":"","context":"In &quot;Attualit\u00e0&quot;","block_context":{"text":"Attualit\u00e0","link":"https:\/\/antoniopascotto.it\/?cat=37"},"img":{"alt_text":"","src":"https:\/\/i0.wp.com\/antoniopascotto.it\/wp-content\/uploads\/2022\/02\/2022-02-21_085458.png?fit=1067%2C469&ssl=1&resize=350%2C200","width":350,"height":200},"classes":[]},{"id":365,"url":"https:\/\/antoniopascotto.it\/?p=365","url_meta":{"origin":270,"position":1},"title":"NEW YORK 2001-2017 LA CITTA&#8217; DEGLI EROI","author":"Antonio Pascotto","date":"Settembre 11, 2017","format":"gallery","excerpt":"Sono trascorsi 16 anni ma sembra ieri. L\u2019arrivo di notte, in una citt\u00e0 illuminata dalle fotoelettriche puntate su Ground Zero. O meglio, su quello che era rimasto del World Trade Center: Lower Manhattan, New York, il centro del mondo. Le sagome dei grattacieli sembravano finte. Imponenti, anche affascinanti se non\u2026","rel":"","context":"In &quot;Attualit\u00e0&quot;","block_context":{"text":"Attualit\u00e0","link":"https:\/\/antoniopascotto.it\/?cat=37"},"img":{"alt_text":"","src":"https:\/\/i0.wp.com\/antoniopascotto.it\/wp-content\/uploads\/2017\/09\/Istantanea-9-11-09-2016-01-21.png?fit=460%2C345&ssl=1&resize=350%2C200","width":350,"height":200},"classes":[]},{"id":1463,"url":"https:\/\/antoniopascotto.it\/?p=1463","url_meta":{"origin":270,"position":2},"title":"QUEI GIORNI A NEW YORK, LA CITTA&#8217; DEGLI EROI","author":"Antonio Pascotto","date":"Settembre 10, 2021","format":"image","excerpt":"Fui catapultato\u00a0a New York\u00a0nei giorni immediatamente successivi all'attacco alle Torri Gemelle. L'attesa di 16 ore nell'aeroporto di Fiumicino, poi finalmente il volo Alitalia che ci port\u00f2 nella citt\u00e0 martoriata, da sempre al centro del mondo, ma in quel momento ancora di pi\u00f9. Ci sentivamo tutti cittadini della Grande Mela. Arrivai\u2026","rel":"","context":"In &quot;Celebrazioni&quot;","block_context":{"text":"Celebrazioni","link":"https:\/\/antoniopascotto.it\/?cat=213"},"img":{"alt_text":"","src":"https:\/\/i0.wp.com\/antoniopascotto.it\/wp-content\/uploads\/2021\/09\/20729571_10214025851469130_743593202763141375_n.jpg?fit=460%2C345&ssl=1&resize=350%2C200","width":350,"height":200},"classes":[]},{"id":696,"url":"https:\/\/antoniopascotto.it\/?p=696","url_meta":{"origin":270,"position":3},"title":"A SPASSO NEL TEMPO","author":"Antonio Pascotto","date":"Giugno 6, 2018","format":"image","excerpt":"Mi piace guardare le foto d\u2019epoca. Rimango assorto su quelle immagini in bianco e nero o color ruggine, spesso un po\u2019 sbiadite, ma al contempo ricche di storia e di significati. Le vivo come se fosse il presente. Entro fisicamente negli scatti ed \u00e8 come trovarmi sul posto. Mi immergo\u2026","rel":"","context":"In &quot;Foto&quot;","block_context":{"text":"Foto","link":"https:\/\/antoniopascotto.it\/?cat=228"},"img":{"alt_text":"","src":"https:\/\/i0.wp.com\/antoniopascotto.it\/wp-content\/uploads\/2018\/06\/2018-06-06_001856.jpg?fit=660%2C528&ssl=1&resize=350%2C200","width":350,"height":200},"classes":[]},{"id":730,"url":"https:\/\/antoniopascotto.it\/?p=730","url_meta":{"origin":270,"position":4},"title":"LE ETA&#8217; DEL PARADISO","author":"Antonio Pascotto","date":"Giugno 29, 2018","format":"image","excerpt":"Mi sono sempre chiesto che et\u00e0 hanno le persone in paradiso. Cio\u00e9, se uno muore a 90 anni, in paradiso avr\u00e0 90 anni? Oppure, se muore prima, in paradiso sar\u00e0 pi\u00f9 giovane? Quindi sar\u00e0 ricompensato rispetto al minor tempo trascorso\u00a0durante la vita terrena? Un'idea di paradiso, in qualche modo, me\u2026","rel":"","context":"In &quot;Riflessioni&quot;","block_context":{"text":"Riflessioni","link":"https:\/\/antoniopascotto.it\/?cat=231"},"img":{"alt_text":"","src":"https:\/\/i0.wp.com\/antoniopascotto.it\/wp-content\/uploads\/2018\/06\/il-paradiso-allimprovviso-200x240cm-101689.jpg?fit=600%2C315&ssl=1&resize=350%2C200","width":350,"height":200},"classes":[]},{"id":1154,"url":"https:\/\/antoniopascotto.it\/?p=1154","url_meta":{"origin":270,"position":5},"title":"UN PREMIO PER IL MONDO SENZA INTERNET","author":"Antonio Pascotto","date":"Ottobre 13, 2019","format":"image","excerpt":"Quando si riceve un premio \u00e8 sempre un momento bellissimo. E' il riconoscimento per il lavoro svolto, per qualcosa su cui hai veramente creduto. Il Mondo Senza Internet \u00e8 il frutto di alcuni mesi di lavoro tra creativit\u00e0, riflessioni, letture, ricerche. E quando ti accorgi che il tempo che hai\u2026","rel":"","context":"In &quot;Cultura&quot;","block_context":{"text":"Cultura","link":"https:\/\/antoniopascotto.it\/?cat=72"},"img":{"alt_text":"","src":"https:\/\/i0.wp.com\/antoniopascotto.it\/wp-content\/uploads\/2019\/10\/FAHO3249.jpg?fit=1200%2C900&ssl=1&resize=350%2C200","width":350,"height":200},"classes":[]}],"_links":{"self":[{"href":"https:\/\/antoniopascotto.it\/index.php?rest_route=\/wp\/v2\/posts\/270"}],"collection":[{"href":"https:\/\/antoniopascotto.it\/index.php?rest_route=\/wp\/v2\/posts"}],"about":[{"href":"https:\/\/antoniopascotto.it\/index.php?rest_route=\/wp\/v2\/types\/post"}],"author":[{"embeddable":true,"href":"https:\/\/antoniopascotto.it\/index.php?rest_route=\/wp\/v2\/users\/2"}],"replies":[{"embeddable":true,"href":"https:\/\/antoniopascotto.it\/index.php?rest_route=%2Fwp%2Fv2%2Fcomments&post=270"}],"version-history":[{"count":5,"href":"https:\/\/antoniopascotto.it\/index.php?rest_route=\/wp\/v2\/posts\/270\/revisions"}],"predecessor-version":[{"id":282,"href":"https:\/\/antoniopascotto.it\/index.php?rest_route=\/wp\/v2\/posts\/270\/revisions\/282"}],"wp:featuredmedia":[{"embeddable":true,"href":"https:\/\/antoniopascotto.it\/index.php?rest_route=\/wp\/v2\/media\/271"}],"wp:attachment":[{"href":"https:\/\/antoniopascotto.it\/index.php?rest_route=%2Fwp%2Fv2%2Fmedia&parent=270"}],"wp:term":[{"taxonomy":"category","embeddable":true,"href":"https:\/\/antoniopascotto.it\/index.php?rest_route=%2Fwp%2Fv2%2Fcategories&post=270"},{"taxonomy":"post_tag","embeddable":true,"href":"https:\/\/antoniopascotto.it\/index.php?rest_route=%2Fwp%2Fv2%2Ftags&post=270"}],"curies":[{"name":"wp","href":"https:\/\/api.w.org\/{rel}","templated":true}]}}