{"id":254,"date":"2017-02-22T10:39:12","date_gmt":"2017-02-22T10:39:12","guid":{"rendered":"http:\/\/antoniopascotto.it\/?p=254"},"modified":"2017-02-22T10:39:39","modified_gmt":"2017-02-22T10:39:39","slug":"taxi-petardi-raggi-e-scissionisti","status":"publish","type":"post","link":"https:\/\/antoniopascotto.it\/?p=254","title":{"rendered":"TAXI, PETARDI, RAGGI E SCISSIONISTI"},"content":{"rendered":"<p><img data-attachment-id=\"255\" data-permalink=\"https:\/\/antoniopascotto.it\/?attachment_id=255\" data-orig-file=\"https:\/\/i0.wp.com\/antoniopascotto.it\/wp-content\/uploads\/2017\/02\/taxi-2-8-2.jpg?fit=436%2C290&amp;ssl=1\" data-orig-size=\"436,290\" data-comments-opened=\"1\" data-image-meta=\"{&quot;aperture&quot;:&quot;0&quot;,&quot;credit&quot;:&quot;&quot;,&quot;camera&quot;:&quot;&quot;,&quot;caption&quot;:&quot;&quot;,&quot;created_timestamp&quot;:&quot;0&quot;,&quot;copyright&quot;:&quot;&quot;,&quot;focal_length&quot;:&quot;0&quot;,&quot;iso&quot;:&quot;0&quot;,&quot;shutter_speed&quot;:&quot;0&quot;,&quot;title&quot;:&quot;&quot;,&quot;orientation&quot;:&quot;1&quot;}\" data-image-title=\"\" data-image-description=\"\" data-image-caption=\"\" data-medium-file=\"https:\/\/i0.wp.com\/antoniopascotto.it\/wp-content\/uploads\/2017\/02\/taxi-2-8-2.jpg?fit=300%2C200&amp;ssl=1\" data-large-file=\"https:\/\/i0.wp.com\/antoniopascotto.it\/wp-content\/uploads\/2017\/02\/taxi-2-8-2.jpg?fit=436%2C290&amp;ssl=1\" decoding=\"async\" loading=\"lazy\" class=\"alignleft size-medium wp-image-255\" src=\"https:\/\/i0.wp.com\/antoniopascotto.it\/wp-content\/uploads\/2017\/02\/taxi-2-8-2.jpg?resize=300%2C200\" alt=\"\" width=\"300\" height=\"200\" srcset=\"https:\/\/i0.wp.com\/antoniopascotto.it\/wp-content\/uploads\/2017\/02\/taxi-2-8-2.jpg?resize=300%2C200&amp;ssl=1 300w, https:\/\/i0.wp.com\/antoniopascotto.it\/wp-content\/uploads\/2017\/02\/taxi-2-8-2.jpg?w=436&amp;ssl=1 436w\" sizes=\"(max-width: 300px) 100vw, 300px\" data-recalc-dims=\"1\" \/>La capitale non sta passando un bel momento. I problemi dell&#8217;amministrazione comunale sono ben noti. E il traffico pure. Quello di tutti i giorni, problema cronico, e quello provocato dalle continue manifestazioni organizzate nel centro cittadino. Come l&#8217;ultima protesta dei taxisti. Che forse hanno pure ragione. Ma si passa dalla parte del torto quando vengono fatti scoppiare petardi, quando vengono inseguiti probabili autisti Uber, quando vengono rigate auto sospette per lo stesso motivo o quando vengono feriti comuni cittadini. Che si sentono particolarmente offesi nel vedere in piazza anche il sindaco nello stesso giorno in cui la citt\u00e0 \u00e8 in tilt. Solo che in questo caso non \u00e8 come nei partiti, dove chi non \u00e8 d&#8217;accordo provoca la scissione. Anzi, di pi\u00f9. Perch\u00e9 nel partito democratico si scindono anche gli scissionisti. Mentre Renzi se ne va in America. Viva l&#8217;Italia.<\/p>\n","protected":false},"excerpt":{"rendered":"<p>La capitale non sta passando un bel momento. I problemi dell&#8217;amministrazione comunale sono ben noti. E il traffico pure. Quello di tutti i giorni, problema cronico, e quello provocato dalle continue manifestazioni organizzate nel centro cittadino. Come l&#8217;ultima protesta dei taxisti. Che forse hanno pure ragione. Ma si passa dalla parte del torto quando vengono [&hellip;]<\/p>\n","protected":false},"author":2,"featured_media":253,"comment_status":"open","ping_status":"open","sticky":false,"template":"","format":"gallery","meta":{"advanced_seo_description":"","jetpack_seo_html_title":"","jetpack_seo_noindex":false,"jetpack_post_was_ever_published":false,"_jetpack_newsletter_access":"","jetpack_publicize_message":"","jetpack_is_tweetstorm":false,"jetpack_publicize_feature_enabled":true,"jetpack_social_post_already_shared":false,"jetpack_social_options":{"image_generator_settings":{"template":"highway","enabled":false}}},"categories":[9],"tags":[12,11,13,10],"jetpack_publicize_connections":[],"jetpack_featured_media_url":"https:\/\/i0.wp.com\/antoniopascotto.it\/wp-content\/uploads\/2017\/02\/taxi-2-8-1.jpg?fit=436%2C290&ssl=1","jetpack_sharing_enabled":true,"jetpack_shortlink":"https:\/\/wp.me\/p8swp8-46","jetpack-related-posts":[{"id":626,"url":"https:\/\/antoniopascotto.it\/?p=626","url_meta":{"origin":254,"position":0},"title":"IL GIORNO IN CUI FACEBOOK NON FU PIU\u2019 LO STESSO","author":"Antonio Pascotto","date":"Marzo 28, 2018","format":"image","excerpt":"E\u2019 il caso Cambridge Analytica ad assestare il colpo finale alla credibilit\u00e0 del social network pi\u00f9 diffuso al mondo. Tutto nasce da un\u2019inchiesta di Guardian e New York Times. Quasi in contemporanea i cronisti delle due testate giornaliste indagano sulla societ\u00e0 britannica di analisi dati che durante la campagna elettorale\u2026","rel":"","context":"In &quot;Facebook&quot;","block_context":{"text":"Facebook","link":"https:\/\/antoniopascotto.it\/?cat=170"},"img":{"alt_text":"","src":"https:\/\/i0.wp.com\/antoniopascotto.it\/wp-content\/uploads\/2018\/03\/facebook-2.jpg?fit=863%2C486&ssl=1&resize=350%2C200","width":350,"height":200},"classes":[]},{"id":1499,"url":"https:\/\/antoniopascotto.it\/?p=1499","url_meta":{"origin":254,"position":1},"title":"L&#8217;ESISTENZA DELL&#8217;ESSERE","author":"Antonio Pascotto","date":"Ottobre 19, 2021","format":false,"excerpt":"Sin dai tempi degli antichi filosofi si \u00e8 dibattuto sull'esistenza dell'essere. Noi siamo consapevoli di essere e di esistere. Platone sosteneva che l'esistenza era subordinata alle idee. Per Socrate il senso dell'esistenza era da ritrovare nella propria anima. Sarebbe bello, oggi, scoprire cosa pensano, i due, del mondo che ci\u2026","rel":"","context":"In &quot;Riflessioni&quot;","block_context":{"text":"Riflessioni","link":"https:\/\/antoniopascotto.it\/?cat=231"},"img":{"alt_text":"","src":"https:\/\/i0.wp.com\/antoniopascotto.it\/wp-content\/uploads\/2021\/10\/LINVOCAZIONE.png?fit=775%2C427&ssl=1&resize=350%2C200","width":350,"height":200},"classes":[]},{"id":421,"url":"https:\/\/antoniopascotto.it\/?p=421","url_meta":{"origin":254,"position":2},"title":"L&#8217;ITALIA NEL PALLONE","author":"Antonio Pascotto","date":"Novembre 14, 2017","format":"image","excerpt":"E\u2019 come se l\u2019esclusione dell\u2019Italia dai mondiali di calcio riflettesse il momento che stiamo attraversando. No, non voglio parlare di pallone. Gi\u00e0 in queste ore ne leggeremo e ne sentiremo tante. Ma ho come l\u2019impressione che un evento cos\u00ec clamoroso sia lo specchio dei tempi che stiamo vivendo. E sono\u2026","rel":"","context":"In &quot;Attualit\u00e0&quot;","block_context":{"text":"Attualit\u00e0","link":"https:\/\/antoniopascotto.it\/?cat=37"},"img":{"alt_text":"","src":"https:\/\/i0.wp.com\/antoniopascotto.it\/wp-content\/uploads\/2017\/11\/PALLONE.jpg?fit=480%2C312&ssl=1&resize=350%2C200","width":350,"height":200},"classes":[]},{"id":1374,"url":"https:\/\/antoniopascotto.it\/?p=1374","url_meta":{"origin":254,"position":3},"title":"I PENTITI DEL WEB","author":"Antonio Pascotto","date":"Ottobre 22, 2020","format":"image","excerpt":"Prima il loro impegno per la costruzione del mondo digitale in cui stiamo vivendo, poi il rimorso per il risultato del lavoro svolto sino ad oggi. Li chiamano i pentiti del Web, quelli che nella Silicon Valley si sono dati da fare per promuovere lo sviluppo tecnologico legato ai social\u2026","rel":"","context":"In &quot;Digitale&quot;","block_context":{"text":"Digitale","link":"https:\/\/antoniopascotto.it\/?cat=21"},"img":{"alt_text":"","src":"https:\/\/i0.wp.com\/antoniopascotto.it\/wp-content\/uploads\/2020\/10\/2020-10-22_102227.jpg?fit=935%2C407&ssl=1&resize=350%2C200","width":350,"height":200},"classes":[]},{"id":1474,"url":"https:\/\/antoniopascotto.it\/?p=1474","url_meta":{"origin":254,"position":4},"title":"ANDARE DI GOMITO","author":"Antonio Pascotto","date":"Settembre 16, 2021","format":"image","excerpt":"Andare di gomito. Significa: eccedere nel bere, esagerare fino a diventare brilli. Non proprio ubriachi, ma alticci, quello si. Io, come molti altri, sono andato di gomito alla grande in tutto il periodo del Covid, tra lockdown, misure restrittive e comportamenti esemplari per combattere il virus. No, non fraintendiamoci. Non\u2026","rel":"","context":"In &quot;Attualit\u00e0&quot;","block_context":{"text":"Attualit\u00e0","link":"https:\/\/antoniopascotto.it\/?cat=37"},"img":{"alt_text":"","src":"https:\/\/i0.wp.com\/antoniopascotto.it\/wp-content\/uploads\/2021\/09\/gomito.jpg?fit=1200%2C553&ssl=1&resize=350%2C200","width":350,"height":200},"classes":[]},{"id":501,"url":"https:\/\/antoniopascotto.it\/?p=501","url_meta":{"origin":254,"position":5},"title":"IL PRESENTE SENZA TEMPO","author":"Antonio Pascotto","date":"Gennaio 29, 2018","format":false,"excerpt":"Dai tempo al tempo. Oppure: il tempo \u00e8 galantuomo. E ancora: a tempo perso, avere tempo da perdere, tempo da lupi, lascia il tempo che trova, guadagnare tempo. Potrei continuare cos\u00ec all\u2019infinito. I modi di dire che contengono la parola tempo sono innumerevoli. Anche il numero di saggi sull\u2019argomento \u00e8\u2026","rel":"","context":"In &quot;Scienza&quot;","block_context":{"text":"Scienza","link":"https:\/\/antoniopascotto.it\/?cat=152"},"img":{"alt_text":"","src":"https:\/\/i0.wp.com\/antoniopascotto.it\/wp-content\/uploads\/2018\/01\/orologi2.jpg?fit=600%2C300&ssl=1&resize=350%2C200","width":350,"height":200},"classes":[]}],"_links":{"self":[{"href":"https:\/\/antoniopascotto.it\/index.php?rest_route=\/wp\/v2\/posts\/254"}],"collection":[{"href":"https:\/\/antoniopascotto.it\/index.php?rest_route=\/wp\/v2\/posts"}],"about":[{"href":"https:\/\/antoniopascotto.it\/index.php?rest_route=\/wp\/v2\/types\/post"}],"author":[{"embeddable":true,"href":"https:\/\/antoniopascotto.it\/index.php?rest_route=\/wp\/v2\/users\/2"}],"replies":[{"embeddable":true,"href":"https:\/\/antoniopascotto.it\/index.php?rest_route=%2Fwp%2Fv2%2Fcomments&post=254"}],"version-history":[{"count":1,"href":"https:\/\/antoniopascotto.it\/index.php?rest_route=\/wp\/v2\/posts\/254\/revisions"}],"predecessor-version":[{"id":256,"href":"https:\/\/antoniopascotto.it\/index.php?rest_route=\/wp\/v2\/posts\/254\/revisions\/256"}],"wp:featuredmedia":[{"embeddable":true,"href":"https:\/\/antoniopascotto.it\/index.php?rest_route=\/wp\/v2\/media\/253"}],"wp:attachment":[{"href":"https:\/\/antoniopascotto.it\/index.php?rest_route=%2Fwp%2Fv2%2Fmedia&parent=254"}],"wp:term":[{"taxonomy":"category","embeddable":true,"href":"https:\/\/antoniopascotto.it\/index.php?rest_route=%2Fwp%2Fv2%2Fcategories&post=254"},{"taxonomy":"post_tag","embeddable":true,"href":"https:\/\/antoniopascotto.it\/index.php?rest_route=%2Fwp%2Fv2%2Ftags&post=254"}],"curies":[{"name":"wp","href":"https:\/\/api.w.org\/{rel}","templated":true}]}}