{"id":216,"date":"2017-02-20T05:46:49","date_gmt":"2017-02-20T05:46:49","guid":{"rendered":"http:\/\/antoniopascotto.it\/?p=216"},"modified":"2018-02-24T12:59:30","modified_gmt":"2018-02-24T12:59:30","slug":"le-non-regole-della-politica-il-caso-pd-e-i-tweet-di-trump","status":"publish","type":"post","link":"https:\/\/antoniopascotto.it\/?p=216","title":{"rendered":"LE NON REGOLE DELLA POLITICA. IL CASO PD E I TWEET DI TRUMP"},"content":{"rendered":"<p><img data-attachment-id=\"217\" data-permalink=\"https:\/\/antoniopascotto.it\/?attachment_id=217\" data-orig-file=\"https:\/\/i0.wp.com\/antoniopascotto.it\/wp-content\/uploads\/2017\/02\/SOCIAL.jpg?fit=710%2C450&amp;ssl=1\" data-orig-size=\"710,450\" data-comments-opened=\"1\" data-image-meta=\"{&quot;aperture&quot;:&quot;0&quot;,&quot;credit&quot;:&quot;&quot;,&quot;camera&quot;:&quot;&quot;,&quot;caption&quot;:&quot;&quot;,&quot;created_timestamp&quot;:&quot;0&quot;,&quot;copyright&quot;:&quot;&quot;,&quot;focal_length&quot;:&quot;0&quot;,&quot;iso&quot;:&quot;0&quot;,&quot;shutter_speed&quot;:&quot;0&quot;,&quot;title&quot;:&quot;&quot;,&quot;orientation&quot;:&quot;0&quot;}\" data-image-title=\"SOCIAL\" data-image-description=\"\" data-image-caption=\"\" data-medium-file=\"https:\/\/i0.wp.com\/antoniopascotto.it\/wp-content\/uploads\/2017\/02\/SOCIAL.jpg?fit=300%2C190&amp;ssl=1\" data-large-file=\"https:\/\/i0.wp.com\/antoniopascotto.it\/wp-content\/uploads\/2017\/02\/SOCIAL.jpg?fit=710%2C450&amp;ssl=1\" decoding=\"async\" loading=\"lazy\" class=\"alignleft size-medium wp-image-217\" src=\"https:\/\/i0.wp.com\/antoniopascotto.it\/wp-content\/uploads\/2017\/02\/SOCIAL.jpg?resize=300%2C190\" alt=\"\" width=\"300\" height=\"190\" srcset=\"https:\/\/i0.wp.com\/antoniopascotto.it\/wp-content\/uploads\/2017\/02\/SOCIAL.jpg?resize=300%2C190&amp;ssl=1 300w, https:\/\/i0.wp.com\/antoniopascotto.it\/wp-content\/uploads\/2017\/02\/SOCIAL.jpg?w=710&amp;ssl=1 710w\" sizes=\"(max-width: 300px) 100vw, 300px\" data-recalc-dims=\"1\" \/>In politica non ci sono regole. E la tecnologia, da questo punto di vista, non aiuta. Lo dimostrano l\u2019ultima assemblea del Pd e i tweet del presidente degli Stati Uniti. Tutti sappiamo che l\u2019ex premier italiano \u00e8 molto bravo con i social. Deve anche a loro la sua scalata come rottamatore. Eppure, nonostante gli strumenti a disposizione che certamente hanno favorito l\u2019interazione, non \u00e8 riuscito a evitare il risultato del referendum costituzionale e le divisioni all\u2019interno del suo partito.<\/p>\n<p>Per non parlare di Trump e dei suoi cinguettii. Oggi ancora pi\u00f9 devastanti rispetto a una campagna elettorale dai toni a dir poco accesi. Eppure, in questo caso, il tycoon \u00e8 riuscito a farsi eleggere ed \u00e8 diventato l\u2019uomo pi\u00f9 potente del mondo. Salvo poi a provocare, una volta arrivato alla Casa Bianca, proteste e sentenze giudiziarie nei confronti di alcune sue iniziative.<\/p>\n<p>La tesi \u00e8 che le tecnologie consentono la condivisione e la partecipazione, ma in politica, e non solo, il dialogo \u00e8 tutta un\u2019altra storia. Ne parla Sherry Turkle, docente di Sociologia della scienza e della tecnologia al MIT di Boston in un bel libro dal titolo <strong>La conversazione necessaria<\/strong>. Lo studioso sostiene che le relazioni oggi sono pi\u00f9 difficili e carenti. I nuovi mezzi a disposizione, web e social, impongono nuovi modi di pensare e di esprimersi. Ma l\u2019agor\u00e0 della rete penalizza il confronto vero, il faccia a faccia, insomma la realt\u00e0. Dietro lo schermo di un pc aumenta la sicurezza: meglio un sms che una telefonata. Ma \u00e8 solo un inganno.<\/p>\n","protected":false},"excerpt":{"rendered":"<p>In politica non ci sono regole. E la tecnologia, da questo punto di vista, non aiuta. Lo dimostrano l\u2019ultima assemblea del Pd e i tweet del presidente degli Stati Uniti. Tutti sappiamo che l\u2019ex premier italiano \u00e8 molto bravo con i social. Deve anche a loro la sua scalata come rottamatore. Eppure, nonostante gli strumenti [&hellip;]<\/p>\n","protected":false},"author":2,"featured_media":217,"comment_status":"open","ping_status":"open","sticky":false,"template":"","format":"standard","meta":{"advanced_seo_description":"","jetpack_seo_html_title":"","jetpack_seo_noindex":false,"jetpack_post_was_ever_published":false,"_jetpack_newsletter_access":"","jetpack_publicize_message":"","jetpack_is_tweetstorm":false,"jetpack_publicize_feature_enabled":true,"jetpack_social_post_already_shared":false,"jetpack_social_options":{"image_generator_settings":{"template":"highway","enabled":false}}},"categories":[4,3],"tags":[],"jetpack_publicize_connections":[],"jetpack_featured_media_url":"https:\/\/i0.wp.com\/antoniopascotto.it\/wp-content\/uploads\/2017\/02\/SOCIAL.jpg?fit=710%2C450&ssl=1","jetpack_sharing_enabled":true,"jetpack_shortlink":"https:\/\/wp.me\/p8swp8-3u","jetpack-related-posts":[{"id":1320,"url":"https:\/\/antoniopascotto.it\/?p=1320","url_meta":{"origin":216,"position":0},"title":"COSI\u2019 UMANI E COSI\u2019 VULNERABILI","author":"Antonio Pascotto","date":"Giugno 1, 2020","format":"image","excerpt":"La tecnologia ci d\u00e0 una mano. Anche se molti di noi non riescono ancora a fidarsi fino in fondo. Diciamoci la verit\u00e0, gli algoritmi saranno pure perfetti, procedimenti e calcoli saranno pure infallibili, ma nessuno \u00e8 riuscito a prevedere, nemmeno per lontane ipotesi, quello che sarebbe successo. Nessuna avvisaglia, nemmeno\u2026","rel":"","context":"In &quot;Internet&quot;","block_context":{"text":"Internet","link":"https:\/\/antoniopascotto.it\/?cat=262"},"img":{"alt_text":"","src":"https:\/\/i0.wp.com\/antoniopascotto.it\/wp-content\/uploads\/2020\/06\/2020-06-01_161832.jpg?fit=792%2C431&ssl=1&resize=350%2C200","width":350,"height":200},"classes":[]},{"id":626,"url":"https:\/\/antoniopascotto.it\/?p=626","url_meta":{"origin":216,"position":1},"title":"IL GIORNO IN CUI FACEBOOK NON FU PIU\u2019 LO STESSO","author":"Antonio Pascotto","date":"Marzo 28, 2018","format":"image","excerpt":"E\u2019 il caso Cambridge Analytica ad assestare il colpo finale alla credibilit\u00e0 del social network pi\u00f9 diffuso al mondo. Tutto nasce da un\u2019inchiesta di Guardian e New York Times. Quasi in contemporanea i cronisti delle due testate giornaliste indagano sulla societ\u00e0 britannica di analisi dati che durante la campagna elettorale\u2026","rel":"","context":"In &quot;Facebook&quot;","block_context":{"text":"Facebook","link":"https:\/\/antoniopascotto.it\/?cat=170"},"img":{"alt_text":"","src":"https:\/\/i0.wp.com\/antoniopascotto.it\/wp-content\/uploads\/2018\/03\/facebook-2.jpg?fit=863%2C486&ssl=1&resize=350%2C200","width":350,"height":200},"classes":[]},{"id":1505,"url":"https:\/\/antoniopascotto.it\/?p=1505","url_meta":{"origin":216,"position":2},"title":"IL FUTURO DELLA TERRA","author":"Antonio Pascotto","date":"Novembre 4, 2021","format":"image","excerpt":"\u00c8 cambiata la geografia del lavoro, tra tecnologia, cultura digitale e mercati. Quello che manca \u00e8 una visione sociale capace di coniugare le esigenze della popolazione con un mondo in continua trasformazione. Da questo punto di vista la societ\u00e0 non cammina di pari passo con lo sviluppo tecnologico. Gli Stati\u2026","rel":"","context":"In &quot;Ambiente&quot;","block_context":{"text":"Ambiente","link":"https:\/\/antoniopascotto.it\/?cat=58"},"img":{"alt_text":"","src":"https:\/\/i0.wp.com\/antoniopascotto.it\/wp-content\/uploads\/2021\/11\/IL-FUTURO-DELLA-TERRA.jpg?fit=740%2C365&ssl=1&resize=350%2C200","width":350,"height":200},"classes":[]},{"id":867,"url":"https:\/\/antoniopascotto.it\/?p=867","url_meta":{"origin":216,"position":3},"title":"UN BRUSCO RISVEGLIO","author":"Antonio Pascotto","date":"Aprile 15, 2019","format":"image","excerpt":"Per 3 ore Facebook, Instagram e Whatsapp sono rimasti irraggiungibili in molte parti del mondo. Due miliardi e mezzo di persone isolate. Come un mese fa, quando i social si bloccarono per 14 lunghissime ore. Eppure anche questa volta ho visto gente smarrita, con la testa china sul telefonino, in\u2026","rel":"","context":"In &quot;Facebook&quot;","block_context":{"text":"Facebook","link":"https:\/\/antoniopascotto.it\/?cat=170"},"img":{"alt_text":"","src":"https:\/\/i0.wp.com\/antoniopascotto.it\/wp-content\/uploads\/2019\/04\/2019-04-15_170929.jpg?fit=815%2C482&ssl=1&resize=350%2C200","width":350,"height":200},"classes":[]},{"id":1327,"url":"https:\/\/antoniopascotto.it\/?p=1327","url_meta":{"origin":216,"position":4},"title":"IL CORPO NON E\u2019 PIU\u2019 CENTRALE MA RIPRENDIAMOCI LA LIBERTA\u2019","author":"Antonio Pascotto","date":"Giugno 19, 2020","format":"image","excerpt":"Insomma, il corpo non sembra essere pi\u00f9 centrale. Nessuna particolare attenzione all\u2019abbigliamento. Via giacca e cravatta, e nemmeno la camicia stirata. Ci si veste come si vuole, e si assume una postura qualsiasi. Eppure la realt\u00e0 \u00e8 questa, oramai. Una realt\u00e0 fatta di finestre collegate l\u2019una con l\u2019altra, sopra e\u2026","rel":"","context":"In &quot;Riflessioni&quot;","block_context":{"text":"Riflessioni","link":"https:\/\/antoniopascotto.it\/?cat=231"},"img":{"alt_text":"","src":"https:\/\/i0.wp.com\/antoniopascotto.it\/wp-content\/uploads\/2020\/06\/2020-06-19_104059.jpg?fit=1001%2C453&ssl=1&resize=350%2C200","width":350,"height":200},"classes":[]},{"id":1417,"url":"https:\/\/antoniopascotto.it\/?p=1417","url_meta":{"origin":216,"position":5},"title":"BEATA SOLITUDINE","author":"Antonio Pascotto","date":"Gennaio 23, 2021","format":"image","excerpt":"Mai come in questo periodo ci sentiamo soli. Hai voglia a dire che su Facebook o su Instagram abbiamo migliaia e migliaia di contatti. \u201cIo ho 4mila amici su Facebook\u201d. \u201cIo 5mila, ho dovuto pure aprire un altro profilo, perch\u00e9 il primo non bastava\u201d. \u201cIo su Twitter ho fatto il\u2026","rel":"","context":"In &quot;Riflessioni&quot;","block_context":{"text":"Riflessioni","link":"https:\/\/antoniopascotto.it\/?cat=231"},"img":{"alt_text":"","src":"https:\/\/i0.wp.com\/antoniopascotto.it\/wp-content\/uploads\/2021\/01\/hopper.jpg?fit=729%2C394&ssl=1&resize=350%2C200","width":350,"height":200},"classes":[]}],"_links":{"self":[{"href":"https:\/\/antoniopascotto.it\/index.php?rest_route=\/wp\/v2\/posts\/216"}],"collection":[{"href":"https:\/\/antoniopascotto.it\/index.php?rest_route=\/wp\/v2\/posts"}],"about":[{"href":"https:\/\/antoniopascotto.it\/index.php?rest_route=\/wp\/v2\/types\/post"}],"author":[{"embeddable":true,"href":"https:\/\/antoniopascotto.it\/index.php?rest_route=\/wp\/v2\/users\/2"}],"replies":[{"embeddable":true,"href":"https:\/\/antoniopascotto.it\/index.php?rest_route=%2Fwp%2Fv2%2Fcomments&post=216"}],"version-history":[{"count":1,"href":"https:\/\/antoniopascotto.it\/index.php?rest_route=\/wp\/v2\/posts\/216\/revisions"}],"predecessor-version":[{"id":218,"href":"https:\/\/antoniopascotto.it\/index.php?rest_route=\/wp\/v2\/posts\/216\/revisions\/218"}],"wp:featuredmedia":[{"embeddable":true,"href":"https:\/\/antoniopascotto.it\/index.php?rest_route=\/wp\/v2\/media\/217"}],"wp:attachment":[{"href":"https:\/\/antoniopascotto.it\/index.php?rest_route=%2Fwp%2Fv2%2Fmedia&parent=216"}],"wp:term":[{"taxonomy":"category","embeddable":true,"href":"https:\/\/antoniopascotto.it\/index.php?rest_route=%2Fwp%2Fv2%2Fcategories&post=216"},{"taxonomy":"post_tag","embeddable":true,"href":"https:\/\/antoniopascotto.it\/index.php?rest_route=%2Fwp%2Fv2%2Ftags&post=216"}],"curies":[{"name":"wp","href":"https:\/\/api.w.org\/{rel}","templated":true}]}}