{"id":197,"date":"2017-02-19T11:12:31","date_gmt":"2017-02-19T11:12:31","guid":{"rendered":"http:\/\/antoniopascotto.it\/?p=197"},"modified":"2017-02-21T07:30:58","modified_gmt":"2017-02-21T07:30:58","slug":"avviso-ai-naviganti","status":"publish","type":"post","link":"https:\/\/antoniopascotto.it\/?p=197","title":{"rendered":"AVVISO AI NAVIGANTI"},"content":{"rendered":"<p><img decoding=\"async\" loading=\"lazy\" class=\"alignleft size-medium wp-image-198\" src=\"https:\/\/i0.wp.com\/antoniopascotto.it\/wp-content\/uploads\/2017\/02\/6-1-300x201.jpg?resize=300%2C201\" alt=\"\" width=\"300\" height=\"201\" data-recalc-dims=\"1\" \/>Si finir\u00e0 per navigare sempre e ovunque.<br \/>\nIn casa e fuori dalle mura domestiche. Sempre connessi e senza l\u2019ausilio del pc o di altri dispositivi, neppure quelli portatili.<br \/>\nSar\u00e0 una vita tutta digitale, dove non occorreranno banconote n\u00e9 carte di credito. Per pagare la spesa al supermercato baster\u00e0 una stretta di mano con la signorina della cassa. Immediatamente si attiver\u00e0 un microchip che collegher\u00e0 l\u2019ufficio entrate del magazzino con la nostra banca, quindi con il nostro conto corrente.<br \/>\nIl computer in quanto tale sparir\u00e0, sostituito da un circuito integrato applicato nel tessuto sottocutaneo della pelle.<br \/>\nDiventeremo elaboratori elettronici di noi stessi: chiudendo gli occhi apparir\u00e0 l\u2019home page del motore di ricerca preferito, il nostro tutor, che soddisfer\u00e0 tutte le richieste.<br \/>\nOgni tipo di relazione passer\u00e0 attraverso la rete: i social network non saranno soltanto piazze virtuali dove scambiare impressioni e manifestare stati d\u2019animo.<br \/>\nDiventeranno vere e proprie mappe multimediali per orientarsi nella vita di tutti i giorni tra uffici, strade, negozi.<br \/>\nQuando entreremo nella nostra boutique preferita la commessa avr\u00e0 gi\u00e0 confezionato l\u2019abito scelto e misurato online.<br \/>\nIl concetto di spazio e di tempo non sar\u00e0 pi\u00f9 lo stesso.<br \/>\nAnticipazioni dal futuro o semplicemente il frutto di una accesa fantasia?<br \/>\nA giudicare da quel che si sente in giro alcune previsioni potrebbero diventare presto realt\u00e0.<br \/>\nUn ricercatore indiano, Pranav Mistry, ha inventato una tecnologia che consente all\u2019uomo di utilizzare il corpo come un computer: con una webcam appesa al collo, un microfono, un miniproiettore e un collegamento alla rete \u00e8 possibile navigare senza pc e senza monitor. Quasi come Tom Cruise in Minority Report.<br \/>\nIn Canada, invece, alcuni studiosi hanno sviluppato un microchip capace di comunicare con il cervello.<br \/>\nSar\u00e0 utile soprattutto per la prevenzione di malattie. La nostra cartella clinica \u00e8 gi\u00e0 finita\u00a0sull\u2019Ipad.<br \/>\nCambier\u00e0 l\u2019organizzazione della nostra vita. Muteranno le coscienze.<br \/>\nDe Kerckhove aveva gi\u00e0 parlato di intelligenza connettiva e collettiva.<br \/>\nTutta la vita girer\u00e0 in un bit. In attesa che la tecnologia rallenti i ritmi per scoprire, cito di nuovo De Kerckhove, la vera quiete.<\/p>\n","protected":false},"excerpt":{"rendered":"<p>Si finir\u00e0 per navigare sempre e ovunque. In casa e fuori dalle mura domestiche. Sempre connessi e senza l\u2019ausilio del pc o di altri dispositivi, neppure quelli portatili. Sar\u00e0 una vita tutta digitale, dove non occorreranno banconote n\u00e9 carte di credito. Per pagare la spesa al supermercato baster\u00e0 una stretta di mano con la signorina [&hellip;]<\/p>\n","protected":false},"author":2,"featured_media":0,"comment_status":"open","ping_status":"open","sticky":false,"template":"","format":"gallery","meta":{"advanced_seo_description":"","jetpack_seo_html_title":"","jetpack_seo_noindex":false,"jetpack_post_was_ever_published":false,"_jetpack_newsletter_access":"","jetpack_publicize_message":"","jetpack_is_tweetstorm":false,"jetpack_publicize_feature_enabled":true,"jetpack_social_post_already_shared":false,"jetpack_social_options":{"image_generator_settings":{"template":"highway","enabled":false}}},"categories":[5],"tags":[],"jetpack_publicize_connections":[],"jetpack_featured_media_url":"","jetpack_sharing_enabled":true,"jetpack_shortlink":"https:\/\/wp.me\/p8swp8-3b","jetpack-related-posts":[{"id":1315,"url":"https:\/\/antoniopascotto.it\/?p=1315","url_meta":{"origin":197,"position":0},"title":"RICORDI DEL LOCKDOWN","author":"Antonio Pascotto","date":"Maggio 23, 2020","format":"image","excerpt":"Facciamo in modo che rimangano solo dei ricordi. Lo dico ora. Lo far\u00f2 anche alla fine di questo mio post. Il lockdown \u00e8 finito. Si riparte. Riaprono le attivit\u00e0. Ma queste settimane di isolamento non le dimenticheremo mai. Per una serie di motivi. Tra i tanti, anche per la nostra\u2026","rel":"","context":"In &quot;Attualit\u00e0&quot;","block_context":{"text":"Attualit\u00e0","link":"https:\/\/antoniopascotto.it\/?cat=37"},"img":{"alt_text":"","src":"https:\/\/i0.wp.com\/antoniopascotto.it\/wp-content\/uploads\/2020\/05\/2020-05-23_133243.jpg?fit=686%2C362&ssl=1&resize=350%2C200","width":350,"height":200},"classes":[]},{"id":600,"url":"https:\/\/antoniopascotto.it\/?p=600","url_meta":{"origin":197,"position":1},"title":"BELLEZZA, MIMOSE E MISS","author":"Antonio Pascotto","date":"Marzo 8, 2018","format":"image","excerpt":"Non mi sono mai piaciute le critiche ai concorsi di bellezza. Mi sono sempre chiesto: che male c\u2019\u00e8? In giro si vedono tanti spettacoli di cattivo gusto, spesso volgari, e pure un tantino presuntuosetti. Per non parlare di alcune pubblicit\u00e0 che secondo me sviliscono la figura della donna.\u00a0 Invece qualche\u2026","rel":"","context":"In &quot;Attualit\u00e0&quot;","block_context":{"text":"Attualit\u00e0","link":"https:\/\/antoniopascotto.it\/?cat=37"},"img":{"alt_text":"","src":"https:\/\/i0.wp.com\/antoniopascotto.it\/wp-content\/uploads\/2018\/03\/MIMOSE.jpg?fit=600%2C336&ssl=1&resize=350%2C200","width":350,"height":200},"classes":[]},{"id":892,"url":"https:\/\/antoniopascotto.it\/?p=892","url_meta":{"origin":197,"position":2},"title":"UN MILIARDO DI ANNI IN RETE","author":"Antonio Pascotto","date":"Maggio 30, 2019","format":"image","excerpt":"I dati vengono snocciolati giorno per giorno, aumentando a dismisura. E cos\u00ec scopriamo che gli utenti di Internet, in tutto 4 miliardi di persone, in pratica met\u00e0 della popolazione mondiale, trascorrono online un tempo che equivale complessivamente a un miliardo di anni. Complici anche i cellulari, in pratica connessi ventiquattro\u2026","rel":"","context":"In &quot;Internet&quot;","block_context":{"text":"Internet","link":"https:\/\/antoniopascotto.it\/?cat=262"},"img":{"alt_text":"","src":"https:\/\/i0.wp.com\/antoniopascotto.it\/wp-content\/uploads\/2019\/05\/2019-05-30_090352.jpg?fit=919%2C505&ssl=1&resize=350%2C200","width":350,"height":200},"classes":[]},{"id":819,"url":"https:\/\/antoniopascotto.it\/?p=819","url_meta":{"origin":197,"position":3},"title":"DIO E IL CINEMA","author":"Antonio Pascotto","date":"Febbraio 24, 2019","format":"image","excerpt":"La mia introduzione al libro di Donato Placido e Antonio G D'Errico 'Dio e il cinema. Una vita maledetta tra cielo e terra'. Ferrari Editore. Quella che avete tra le mani non \u00e8 una semplice autobiografia. E\u2019 molto di pi\u00f9. E\u2019 il racconto di una vita, ma anche una riflessione\u2026","rel":"","context":"In &quot;Libri&quot;","block_context":{"text":"Libri","link":"https:\/\/antoniopascotto.it\/?cat=6"},"img":{"alt_text":"","src":"https:\/\/i0.wp.com\/antoniopascotto.it\/wp-content\/uploads\/2019\/02\/2019-02-24_112607.jpg?fit=601%2C327&ssl=1&resize=350%2C200","width":350,"height":200},"classes":[]},{"id":1481,"url":"https:\/\/antoniopascotto.it\/?p=1481","url_meta":{"origin":197,"position":4},"title":"EVENTI","author":"Antonio Pascotto","date":"Ottobre 10, 2021","format":false,"excerpt":"Penso a una serie di eventi che oramai fanno parte della storia, e sono accaduti durante il secolo scorso. E li abbiamo vissuti. E li ricordiamo quando oramai sono trascorsi oltre vent'anni dall'inizio del nuovo secolo. Sembra strano. E in effetti non capita a tutti vivere abbastanza intensamente una serie\u2026","rel":"","context":"In &quot;Avvenimenti&quot;","block_context":{"text":"Avvenimenti","link":"https:\/\/antoniopascotto.it\/?cat=211"},"img":{"alt_text":"","src":"https:\/\/i0.wp.com\/antoniopascotto.it\/wp-content\/uploads\/2021\/10\/de-chirico.png?fit=686%2C401&ssl=1&resize=350%2C200","width":350,"height":200},"classes":[]},{"id":1435,"url":"https:\/\/antoniopascotto.it\/?p=1435","url_meta":{"origin":197,"position":5},"title":"MASKERATE","author":"Antonio Pascotto","date":"Aprile 16, 2021","format":"image","excerpt":"Siamo tutti mascherati, col viso coperto e gli sguardi nascosti. Non abbiamo espressioni. Per poter comunicare con il corpo dobbiamo fare ricorso solo alla postura. Ma anche quella, sempre per colpa delle maschere, \u00e8 penalizzata. E non \u00e8 vero che una maschera dice pi\u00f9 di ogni altra cosa. Si, ci\u2026","rel":"","context":"In &quot;Tecnologia&quot;","block_context":{"text":"Tecnologia","link":"https:\/\/antoniopascotto.it\/?cat=3"},"img":{"alt_text":"","src":"https:\/\/i0.wp.com\/antoniopascotto.it\/wp-content\/uploads\/2021\/04\/MAGRITTE.png?fit=563%2C347&ssl=1&resize=350%2C200","width":350,"height":200},"classes":[]}],"_links":{"self":[{"href":"https:\/\/antoniopascotto.it\/index.php?rest_route=\/wp\/v2\/posts\/197"}],"collection":[{"href":"https:\/\/antoniopascotto.it\/index.php?rest_route=\/wp\/v2\/posts"}],"about":[{"href":"https:\/\/antoniopascotto.it\/index.php?rest_route=\/wp\/v2\/types\/post"}],"author":[{"embeddable":true,"href":"https:\/\/antoniopascotto.it\/index.php?rest_route=\/wp\/v2\/users\/2"}],"replies":[{"embeddable":true,"href":"https:\/\/antoniopascotto.it\/index.php?rest_route=%2Fwp%2Fv2%2Fcomments&post=197"}],"version-history":[{"count":4,"href":"https:\/\/antoniopascotto.it\/index.php?rest_route=\/wp\/v2\/posts\/197\/revisions"}],"predecessor-version":[{"id":215,"href":"https:\/\/antoniopascotto.it\/index.php?rest_route=\/wp\/v2\/posts\/197\/revisions\/215"}],"wp:attachment":[{"href":"https:\/\/antoniopascotto.it\/index.php?rest_route=%2Fwp%2Fv2%2Fmedia&parent=197"}],"wp:term":[{"taxonomy":"category","embeddable":true,"href":"https:\/\/antoniopascotto.it\/index.php?rest_route=%2Fwp%2Fv2%2Fcategories&post=197"},{"taxonomy":"post_tag","embeddable":true,"href":"https:\/\/antoniopascotto.it\/index.php?rest_route=%2Fwp%2Fv2%2Ftags&post=197"}],"curies":[{"name":"wp","href":"https:\/\/api.w.org\/{rel}","templated":true}]}}