{"id":1634,"date":"2026-01-21T08:30:39","date_gmt":"2026-01-21T08:30:39","guid":{"rendered":"http:\/\/antoniopascotto.it\/?p=1634"},"modified":"2026-01-26T10:15:28","modified_gmt":"2026-01-26T10:15:28","slug":"lintelligenza-artificiale-a-modo-mio","status":"publish","type":"post","link":"https:\/\/antoniopascotto.it\/?p=1634","title":{"rendered":"L&#8217;INTELLIGENZA ARTIFICIALE A MODO MIO"},"content":{"rendered":"<p>Quando mia madre arrivava a scuola per il colloquio con i professori tutti le dicevano: \u00absuo figlio \u00e8 intelligente, per questo potrebbe fare molto di pi\u00f9.\u00bb Questa storia dell\u2019intelligenza me la sono portata appresso per anni. Era diventata una specie di scusa. Cio\u00e8, mi trinceravo dietro il fatto che potevo sembrare intelligente anche se non mi impegnavo a fondo nelle attivit\u00e0 scolastiche. Una intelligenza artificiale a modo mio insomma. Ma si trattava di un\u2019illusione. Come quella che oggi accompagna ogni discorso sull\u2019Intelligenza Artificiale. A partire dal rapporto che abbiamo con le macchine che consideriamo pi\u00f9 intelligenti di noi. Ma \u00e8 solo una nostra percezione. Computer e robot sono veloci e siamo meravigliati di questa loro capacit\u00e0. Poi una convinzione abbastanza diffusa: pensano. Ma non \u00e8 cos\u00ec. La memoria di un pc non pu\u00f2 essere come la nostra. E non c\u2019\u00e8 traccia di emozioni. \u00c8 gi\u00e0 difficile capire come funziona il nostro cervello, figuriamoci se \u00e8 possibile affermare che un robot possa provare un qualsiasi sentimento. Le macchine sono state create dall\u2019uomo e sviluppate a sua immagine e somiglianza. Forse \u00e8 per questo che le vediamo come se fossero esseri pensanti. C\u2019erano cascati pure illustri scienziati che paragonarono il cervello umano a quello di un robot. L\u2019esperienza ci ha convinti del contrario.<\/p>\n<p>Esploriamo l\u2019ecosistema digitale come se fossimo degli esperti anche se non ne capiamo nulla. Quel senso di intelligenza che avvertiamo nelle macchine artificiali ha offuscato la nostra vista. Simulazioni che alimentano il nostro Io quotidiano, piccoli grandi inganni che ci hanno indirizzato verso un mondo distorto dove la fantasia diventa realt\u00e0. Come per i tradizionali media, anche tutto quello che ha a che fare con l\u2019Intelligenza Artificiale \u00e8 un\u2019estensione dei nostri corpi. Siamo una razza in via di trasformazione che non ha nemmeno pi\u00f9 bisogno di interfacce. Ci muoviamo nei nostri spazi tra droni, sensori, telecamere e auto a guida autonoma. La realt\u00e0 \u00e8 quella che percepiamo, e cambia a seconda delle simulazioni e dei mondi che ci vengono presentati. \u00c8 quella del metaverso o della realt\u00e0 aumentata, dove alle immagini dell\u2019ambiente vero che ci circonda si aggiungono quelle create dai computer, digitali e tridimensionali. \u00c8 quella del teletrasporto. Secondo il fisico giapponese Michio Kaku entro i prossimi anni potremo gi\u00e0 teletrasportare la prima molecola.&nbsp; Trasformiamo la realt\u00e0 per cambiare noi stessi, per essere pi\u00f9 intelligenti. E lo siamo davvero, aiutati dalla tecnologia. Chiss\u00e0 cosa direbbero oggi gli insegnanti a mia madre.<\/p>\n<p>NELL&#8217;IMMAGINE: Foto da Pexels di Tara Winstead<\/p>\n<h5 class=\"Text_text___5YSC Text_size-h18__iqcc8 Text_color-midnight2C343E__UNUpO spacing_noMargin__Q_PsJ Text_ellipsis__HHCcM\"><\/h5>\n","protected":false},"excerpt":{"rendered":"<p>Quando mia madre arrivava a scuola per il colloquio con i professori tutti le dicevano: \u00absuo figlio \u00e8 intelligente, per questo potrebbe fare molto di pi\u00f9.\u00bb Questa storia dell\u2019intelligenza me la sono portata appresso per anni. Era diventata una specie di scusa. Cio\u00e8, mi trinceravo dietro il fatto che potevo sembrare intelligente anche se non [&hellip;]<\/p>\n","protected":false},"author":2,"featured_media":1635,"comment_status":"open","ping_status":"open","sticky":false,"template":"","format":"image","meta":{"advanced_seo_description":"","jetpack_seo_html_title":"","jetpack_seo_noindex":false,"jetpack_post_was_ever_published":false,"_jetpack_newsletter_access":"","jetpack_publicize_message":"","jetpack_is_tweetstorm":false,"jetpack_publicize_feature_enabled":true,"jetpack_social_post_already_shared":true,"jetpack_social_options":{"image_generator_settings":{"template":"highway","enabled":false}}},"categories":[212,231,3,5],"tags":[381,380,155,379,65,42,14,24],"jetpack_publicize_connections":[],"jetpack_featured_media_url":"https:\/\/i0.wp.com\/antoniopascotto.it\/wp-content\/uploads\/2023\/04\/2023-04-04_152635.png?fit=964%2C443&ssl=1","jetpack_sharing_enabled":true,"jetpack_shortlink":"https:\/\/wp.me\/p8swp8-qm","jetpack-related-posts":[{"id":1630,"url":"https:\/\/antoniopascotto.it\/?p=1630","url_meta":{"origin":1634,"position":0},"title":"CONVERSARE CON UN BOT","author":"Antonio Pascotto","date":"Gennaio 21, 2026","format":"image","excerpt":"Provo a parlare con un bot. O, come si dice, chatbot. Si tratta di un\u2019intelligenza artificiale ChatGPT. Significa Generative Pretrained Transformer. Un bot \u00e8 capace di comprendere il linguaggio umano e intrattenere conversazioni di qualsiasi tipo. Tento di confrontarmi con lui, faccio domande, esprimo opinioni. Lui mi risponde, ma ha\u2026","rel":"","context":"In &quot;Digitale&quot;","block_context":{"text":"Digitale","link":"https:\/\/antoniopascotto.it\/?cat=21"},"img":{"alt_text":"","src":"https:\/\/i0.wp.com\/antoniopascotto.it\/wp-content\/uploads\/2023\/01\/2023-01-16_205955.png?fit=1058%2C546&ssl=1&resize=350%2C200","width":350,"height":200},"classes":[]},{"id":2069,"url":"https:\/\/antoniopascotto.it\/?p=2069","url_meta":{"origin":1634,"position":1},"title":"INTELLIGENZA ARTIFICIALE, A POMPEI CONVEGNO SU GIORNALISMO E NUOVE TECNOLOGIE","author":"Antonio Pascotto","date":"Gennaio 26, 2026","format":"image","excerpt":"Confronto sul futuro della professione: l\u2019IA sar\u00e0 una risorsa o un rischio? L\u2019evento \u00e8 stato organizzato dall\u2019Associazione Giornalisti Vesuviani \u201cIntelligenza artificiale: risorsa o pericolo per il giornalismo?\u201d. Su questo tema si sono confrontati giornalisti e sociologi in un incontro organizzato a Pompei questo il tema dall\u2019Associazione giornalisti vesuviani intitolata a\u2026","rel":"","context":"In &quot;Digitale&quot;","block_context":{"text":"Digitale","link":"https:\/\/antoniopascotto.it\/?cat=21"},"img":{"alt_text":"","src":"https:\/\/i0.wp.com\/antoniopascotto.it\/wp-content\/uploads\/2024\/06\/2024-06-02_111321.jpg?fit=912%2C383&ssl=1&resize=350%2C200","width":350,"height":200},"classes":[]},{"id":2085,"url":"https:\/\/antoniopascotto.it\/?p=2085","url_meta":{"origin":1634,"position":2},"title":"ROMANZO DIGITALE. IL NUOVO LIBRO DI ANTONIO PASCOTTO PRESENTATO A BANCA GENERALI DI ROMA","author":"Antonio Pascotto","date":"Gennaio 26, 2026","format":"image","excerpt":"ROMA \u2013 Un nuovo appuntamento con il pubblico per Antonio Pascotto e il suo Romanzo Digitale. Nella sala riunioni di Banca Generali, a Roma, il giornalista Mediaset ha presentato il libro, edito da Jolly Roger, che affronta una serie di temi analizzati con gli interventi di Sara Manfuso, firma del\u2026","rel":"","context":"In &quot;Intelligenza Artificiale&quot;","block_context":{"text":"Intelligenza Artificiale","link":"https:\/\/antoniopascotto.it\/?cat=400"},"img":{"alt_text":"","src":"https:\/\/i0.wp.com\/antoniopascotto.it\/wp-content\/uploads\/2024\/09\/2024-09-24_100235.jpg?fit=904%2C331&ssl=1&resize=350%2C200","width":350,"height":200},"classes":[]},{"id":1320,"url":"https:\/\/antoniopascotto.it\/?p=1320","url_meta":{"origin":1634,"position":3},"title":"COSI\u2019 UMANI E COSI\u2019 VULNERABILI","author":"Antonio Pascotto","date":"Giugno 1, 2020","format":"image","excerpt":"La tecnologia ci d\u00e0 una mano. Anche se molti di noi non riescono ancora a fidarsi fino in fondo. Diciamoci la verit\u00e0, gli algoritmi saranno pure perfetti, procedimenti e calcoli saranno pure infallibili, ma nessuno \u00e8 riuscito a prevedere, nemmeno per lontane ipotesi, quello che sarebbe successo. Nessuna avvisaglia, nemmeno\u2026","rel":"","context":"In &quot;Internet&quot;","block_context":{"text":"Internet","link":"https:\/\/antoniopascotto.it\/?cat=262"},"img":{"alt_text":"","src":"https:\/\/i0.wp.com\/antoniopascotto.it\/wp-content\/uploads\/2020\/06\/2020-06-01_161832.jpg?fit=792%2C431&ssl=1&resize=350%2C200","width":350,"height":200},"classes":[]},{"id":1685,"url":"https:\/\/antoniopascotto.it\/?p=1685","url_meta":{"origin":1634,"position":4},"title":"IL FASCINO DELLE ANTICHE FOTO INGIALLITE","author":"Antonio Pascotto","date":"Gennaio 20, 2026","format":false,"excerpt":"Ho un archivio di foto digitali scattate con una Nikon acquistata qualche anno fa e di quelle fatte con lo smartphone. Sono tutte sul computer e sui miei hard disk. Ma quelle davvero antiche, ritrovate negli anni in soffitta e nei cassetti di vecchi mobili, le ho tenute conservate in\u2026","rel":"","context":"Articolo simile","block_context":{"text":"Articolo simile","link":""},"img":{"alt_text":"","src":"https:\/\/i0.wp.com\/antoniopascotto.it\/wp-content\/uploads\/2023\/06\/2023-06-27_084330.jpg?fit=1109%2C502&ssl=1&resize=350%2C200","width":350,"height":200},"classes":[]},{"id":1732,"url":"https:\/\/antoniopascotto.it\/?p=1732","url_meta":{"origin":1634,"position":5},"title":"&#8216;E&#8217; UN LIBRO PROFETICO&#8217;. IL SOCIOLOGO DE KERCKHOVE ALLA PRESENTAZIONE DI ROMANZO DIGITALE","author":"Antonio Pascotto","date":"Gennaio 24, 2026","format":"image","excerpt":"Una\u00a0hall\u00a0gremita per l\u2019esclusiva presentazione di \u201cRomanzo digitale\u201d: il nuovo libro del caporedattore di\u00a0Tgcom24, Antonio Pascotto. La presentazione \u2013 trasmessa in diretta sulla piattaforma digitale \u201cEurocomunicazione\u201d, diretta da Giovanni De Negri \u2013 \u00a0\u00a0si \u00e8 tenuta presso l\u2019incantevole cornice di \u201cPalazzo delle Esposizioni\u201d, a Roma. Tanti gli illustri ospiti presenti, numerosi i\u2026","rel":"","context":"In &quot;Digitale&quot;","block_context":{"text":"Digitale","link":"https:\/\/antoniopascotto.it\/?cat=21"},"img":{"alt_text":"","src":"https:\/\/i0.wp.com\/antoniopascotto.it\/wp-content\/uploads\/2023\/12\/2023-12-03_171321.png?fit=1158%2C454&ssl=1&resize=350%2C200","width":350,"height":200},"classes":[]}],"_links":{"self":[{"href":"https:\/\/antoniopascotto.it\/index.php?rest_route=\/wp\/v2\/posts\/1634"}],"collection":[{"href":"https:\/\/antoniopascotto.it\/index.php?rest_route=\/wp\/v2\/posts"}],"about":[{"href":"https:\/\/antoniopascotto.it\/index.php?rest_route=\/wp\/v2\/types\/post"}],"author":[{"embeddable":true,"href":"https:\/\/antoniopascotto.it\/index.php?rest_route=\/wp\/v2\/users\/2"}],"replies":[{"embeddable":true,"href":"https:\/\/antoniopascotto.it\/index.php?rest_route=%2Fwp%2Fv2%2Fcomments&post=1634"}],"version-history":[{"count":3,"href":"https:\/\/antoniopascotto.it\/index.php?rest_route=\/wp\/v2\/posts\/1634\/revisions"}],"predecessor-version":[{"id":2058,"href":"https:\/\/antoniopascotto.it\/index.php?rest_route=\/wp\/v2\/posts\/1634\/revisions\/2058"}],"wp:featuredmedia":[{"embeddable":true,"href":"https:\/\/antoniopascotto.it\/index.php?rest_route=\/wp\/v2\/media\/1635"}],"wp:attachment":[{"href":"https:\/\/antoniopascotto.it\/index.php?rest_route=%2Fwp%2Fv2%2Fmedia&parent=1634"}],"wp:term":[{"taxonomy":"category","embeddable":true,"href":"https:\/\/antoniopascotto.it\/index.php?rest_route=%2Fwp%2Fv2%2Fcategories&post=1634"},{"taxonomy":"post_tag","embeddable":true,"href":"https:\/\/antoniopascotto.it\/index.php?rest_route=%2Fwp%2Fv2%2Ftags&post=1634"}],"curies":[{"name":"wp","href":"https:\/\/api.w.org\/{rel}","templated":true}]}}