{"id":1595,"date":"2022-03-09T19:35:30","date_gmt":"2022-03-09T19:35:30","guid":{"rendered":"http:\/\/antoniopascotto.it\/?p=1595"},"modified":"2023-06-27T06:51:17","modified_gmt":"2023-06-27T06:51:17","slug":"la-guerra","status":"publish","type":"post","link":"https:\/\/antoniopascotto.it\/?p=1595","title":{"rendered":"LA GUERRA"},"content":{"rendered":"<p>Siamo passati dalla guerra al virus alla guerra vera. Stavolta il nemico non \u00e8 invisibile, stavolta il nemico \u00e8 l\u2019uomo stesso. Come se non bastassero le paure di questi ultimi anni, i timori per un attacco al nostro sistema immunitario. Ora l\u2019attacco arriva da un missile o da una bomba sganciata da un aereo. I termini bellici che abbiamo utilizzato per descrivere la lotta al Covid li ritroviamo nel conflitto, quello provocato dagli uomini contro altri uomini nel nome di una logica che di logico non ha nulla. La conquista di un territorio per la supremazia di un popolo che si nasconde dietro una presunta necessit\u00e0 di sicurezza non giustifica nulla di quello che succede in Ucraina. E ancora una volta siamo alle prese con un vocabolario che abbiamo aperto pi\u00f9 volte in questi mesi.<\/p>\n<p>Il linguaggio bellico col quale \u00e8 stata raccontata la pandemia lo ritroviamo nella guerra che in queste ore sta portando morte e distruzione. La metafora si \u00e8 trasformata di nuovo in realt\u00e0, non \u00e8 pi\u00f9 un espediente per evocare immagini forti che provocano ansia e paura. Il bollettino quotidiano dei contagi&nbsp;si \u00e8 trasformato in bollettino di guerra. Ed \u00e8 sempre alto il numero delle vittime. Dalla battaglia negli ospedali siamo tornati alla battaglia sulle strade. I soldati sono impegnati in prima linea. Come i cittadini, come i volontari. Si combatte. Uccideva il virus, uccidono gli uomini, uccidono *i missili. E c\u2019\u00e8 un popolo che resiste. Prima contro il virus, ora contro il nemico che lo attacca. Ci siamo difesi durante la pandemia, ci difendiamo durante la guerra. C\u2019era il coprifuoco nelle settimane del lockdown, c\u2019\u00e8 il coprifuoco per mettersi al riparo dalle bombe. C\u2019erano gli eroi, medici, infermieri, sanitari, che lottavano in trincea, nelle rianimazioni. Ecco, gli eroi. Li vediamo anche oggi, che corrono in soccorso dei profughi, che si prendono cura di anziani, donne e bambini. Gli eroi, uno spiraglio di luce, un barlume di speranza, nel buio della guerra inutile, stupida, come tutte le guerre.<\/p>\n<p><strong>NELL&#8217;IMMAGINE: Cagnaccio di San Pietro, Cromografia di guerra &#8211; scoppio di una granata, 1915-1917<\/strong><\/p>\n","protected":false},"excerpt":{"rendered":"<p>Siamo passati dalla guerra al virus alla guerra vera. Stavolta il nemico non \u00e8 invisibile, stavolta il nemico \u00e8 l\u2019uomo stesso. Come se non bastassero le paure di questi ultimi anni, i timori per un attacco al nostro sistema immunitario. Ora l\u2019attacco arriva da un missile o da una bomba sganciata da un aereo. I [&hellip;]<\/p>\n","protected":false},"author":2,"featured_media":1596,"comment_status":"open","ping_status":"open","sticky":false,"template":"","format":"image","meta":{"advanced_seo_description":"","jetpack_seo_html_title":"","jetpack_seo_noindex":false,"jetpack_post_was_ever_published":false,"_jetpack_newsletter_access":"","jetpack_publicize_message":"","jetpack_is_tweetstorm":false,"jetpack_publicize_feature_enabled":true,"jetpack_social_post_already_shared":true,"jetpack_social_options":{"image_generator_settings":{"template":"highway","enabled":false}}},"categories":[37,231],"tags":[332],"jetpack_publicize_connections":[],"jetpack_featured_media_url":"https:\/\/i0.wp.com\/antoniopascotto.it\/wp-content\/uploads\/2022\/03\/2022-03-09_203137.png?fit=681%2C377&ssl=1","jetpack_sharing_enabled":true,"jetpack_shortlink":"https:\/\/wp.me\/p8swp8-pJ","jetpack-related-posts":[{"id":1424,"url":"https:\/\/antoniopascotto.it\/?p=1424","url_meta":{"origin":1595,"position":0},"title":"LA RESISTENZA","author":"Antonio Pascotto","date":"Febbraio 28, 2021","format":false,"excerpt":"Ci sono parole ricorrenti in questo momento particolare della nostra vita. Termini che ricordano battaglie all'ultimo sangue, conflitti, scontri. Il clima bellico pervade le nostre giornate, alle prese col tentativo di evitare contagi, tra consigli, non pochi, dei virologi, oracoli dei nostri tempi, e la speranza di poter fare al\u2026","rel":"","context":"In &quot;Attualit\u00e0&quot;","block_context":{"text":"Attualit\u00e0","link":"https:\/\/antoniopascotto.it\/?cat=37"},"img":{"alt_text":"","src":"https:\/\/i0.wp.com\/antoniopascotto.it\/wp-content\/uploads\/2021\/02\/2021-02-28_103009.png?fit=968%2C555&ssl=1&resize=350%2C200","width":350,"height":200},"classes":[]},{"id":1600,"url":"https:\/\/antoniopascotto.it\/?p=1600","url_meta":{"origin":1595,"position":1},"title":"IL BENE E IL MALE","author":"Antonio Pascotto","date":"Giugno 3, 2022","format":"image","excerpt":"Non \u00e8 la solita storia tra il bene e il male. A Bucha abbiamo visto tutto quello che gli uomini sono capaci di fare. Lungo le strade della citt\u00e0, alla periferia di Kiev, i corpi a terra senza vita di tanti civili che con la guerra non avevano nulla a\u2026","rel":"","context":"In &quot;Attualit\u00e0&quot;","block_context":{"text":"Attualit\u00e0","link":"https:\/\/antoniopascotto.it\/?cat=37"},"img":{"alt_text":"","src":"https:\/\/i0.wp.com\/antoniopascotto.it\/wp-content\/uploads\/2022\/06\/2022-06-03_151553.png?fit=802%2C432&ssl=1&resize=350%2C200","width":350,"height":200},"classes":[]},{"id":1320,"url":"https:\/\/antoniopascotto.it\/?p=1320","url_meta":{"origin":1595,"position":2},"title":"COSI\u2019 UMANI E COSI\u2019 VULNERABILI","author":"Antonio Pascotto","date":"Giugno 1, 2020","format":"image","excerpt":"La tecnologia ci d\u00e0 una mano. Anche se molti di noi non riescono ancora a fidarsi fino in fondo. Diciamoci la verit\u00e0, gli algoritmi saranno pure perfetti, procedimenti e calcoli saranno pure infallibili, ma nessuno \u00e8 riuscito a prevedere, nemmeno per lontane ipotesi, quello che sarebbe successo. Nessuna avvisaglia, nemmeno\u2026","rel":"","context":"In &quot;Internet&quot;","block_context":{"text":"Internet","link":"https:\/\/antoniopascotto.it\/?cat=262"},"img":{"alt_text":"","src":"https:\/\/i0.wp.com\/antoniopascotto.it\/wp-content\/uploads\/2020\/06\/2020-06-01_161832.jpg?fit=792%2C431&ssl=1&resize=350%2C200","width":350,"height":200},"classes":[]},{"id":1270,"url":"https:\/\/antoniopascotto.it\/?p=1270","url_meta":{"origin":1595,"position":3},"title":"ERAVAMO FELICI MA ASINTOMATICI","author":"Antonio Pascotto","date":"Marzo 28, 2020","format":false,"excerpt":"Mi sembra di vivere in un incubo. Rinchiuso in casa, in piena pandemia. Riscopro le mie cose, riprendo tra le mani libri, fumetti. Rivedo vecchi film. Altri sono nuovi. Molti li avevo persi. Non posso andare a correre, ma ho il tapis roulant, e lo uso. Si che lo uso.\u2026","rel":"","context":"In &quot;Digitale&quot;","block_context":{"text":"Digitale","link":"https:\/\/antoniopascotto.it\/?cat=21"},"img":{"alt_text":"","src":"https:\/\/i0.wp.com\/antoniopascotto.it\/wp-content\/uploads\/2020\/03\/FOTO-DA-PEXELS.jpg?fit=1006%2C496&ssl=1&resize=350%2C200","width":350,"height":200},"classes":[]},{"id":1284,"url":"https:\/\/antoniopascotto.it\/?p=1284","url_meta":{"origin":1595,"position":4},"title":"IL CIELO IN UNA STANZA","author":"Antonio Pascotto","date":"Aprile 15, 2020","format":"image","excerpt":"\u00a0 Mi guardo attorno e osservo con particolare attenzione la mia stanza come mai prima d\u2019ora. I quadri appesi al muro, le foto nelle cornici, i libri, gli appunti sulla scrivania, i computer. Ne ho pi\u00f9 di uno, e spesso sono accesi tutti nello stesso momento. Ho un bel balcone\u2026","rel":"","context":"In &quot;Digitale&quot;","block_context":{"text":"Digitale","link":"https:\/\/antoniopascotto.it\/?cat=21"},"img":{"alt_text":"","src":"https:\/\/i0.wp.com\/antoniopascotto.it\/wp-content\/uploads\/2020\/04\/2020-04-15_101148.jpg?fit=941%2C457&ssl=1&resize=350%2C200","width":350,"height":200},"classes":[]},{"id":1474,"url":"https:\/\/antoniopascotto.it\/?p=1474","url_meta":{"origin":1595,"position":5},"title":"ANDARE DI GOMITO","author":"Antonio Pascotto","date":"Settembre 16, 2021","format":"image","excerpt":"Andare di gomito. Significa: eccedere nel bere, esagerare fino a diventare brilli. Non proprio ubriachi, ma alticci, quello si. Io, come molti altri, sono andato di gomito alla grande in tutto il periodo del Covid, tra lockdown, misure restrittive e comportamenti esemplari per combattere il virus. No, non fraintendiamoci. Non\u2026","rel":"","context":"In &quot;Attualit\u00e0&quot;","block_context":{"text":"Attualit\u00e0","link":"https:\/\/antoniopascotto.it\/?cat=37"},"img":{"alt_text":"","src":"https:\/\/i0.wp.com\/antoniopascotto.it\/wp-content\/uploads\/2021\/09\/gomito.jpg?fit=1200%2C553&ssl=1&resize=350%2C200","width":350,"height":200},"classes":[]}],"_links":{"self":[{"href":"https:\/\/antoniopascotto.it\/index.php?rest_route=\/wp\/v2\/posts\/1595"}],"collection":[{"href":"https:\/\/antoniopascotto.it\/index.php?rest_route=\/wp\/v2\/posts"}],"about":[{"href":"https:\/\/antoniopascotto.it\/index.php?rest_route=\/wp\/v2\/types\/post"}],"author":[{"embeddable":true,"href":"https:\/\/antoniopascotto.it\/index.php?rest_route=\/wp\/v2\/users\/2"}],"replies":[{"embeddable":true,"href":"https:\/\/antoniopascotto.it\/index.php?rest_route=%2Fwp%2Fv2%2Fcomments&post=1595"}],"version-history":[{"count":3,"href":"https:\/\/antoniopascotto.it\/index.php?rest_route=\/wp\/v2\/posts\/1595\/revisions"}],"predecessor-version":[{"id":1689,"href":"https:\/\/antoniopascotto.it\/index.php?rest_route=\/wp\/v2\/posts\/1595\/revisions\/1689"}],"wp:featuredmedia":[{"embeddable":true,"href":"https:\/\/antoniopascotto.it\/index.php?rest_route=\/wp\/v2\/media\/1596"}],"wp:attachment":[{"href":"https:\/\/antoniopascotto.it\/index.php?rest_route=%2Fwp%2Fv2%2Fmedia&parent=1595"}],"wp:term":[{"taxonomy":"category","embeddable":true,"href":"https:\/\/antoniopascotto.it\/index.php?rest_route=%2Fwp%2Fv2%2Fcategories&post=1595"},{"taxonomy":"post_tag","embeddable":true,"href":"https:\/\/antoniopascotto.it\/index.php?rest_route=%2Fwp%2Fv2%2Ftags&post=1595"}],"curies":[{"name":"wp","href":"https:\/\/api.w.org\/{rel}","templated":true}]}}