{"id":1576,"date":"2022-02-21T07:59:20","date_gmt":"2022-02-21T07:59:20","guid":{"rendered":"http:\/\/antoniopascotto.it\/?p=1576"},"modified":"2025-08-18T08:52:00","modified_gmt":"2025-08-18T08:52:00","slug":"nazionalpopolare","status":"publish","type":"post","link":"https:\/\/antoniopascotto.it\/?p=1576","title":{"rendered":"NAZIONALPOPOLARE"},"content":{"rendered":"<p>Oggi vorrei occuparmi di un termine molto utilizzato in passato e in modo assai diverso in questa fase della nostra vita, caratterizzata dalla comunicazione digitale. Il termine in questione \u00e8 nazional-popolare, con e senza trattino. Volendo scomodare addirittura Gramsci, nazional-popolare si riferisce alle opere letterarie o artistiche, e comunque a usi e costumi di una societ\u00e0, che esprimono i caratteri di rilievo di una cultura popolare e vengono riconosciute come rappresentative dell\u2019identit\u00e0 di una nazione. Gramsci lamentava una certa carenza di nazional-popolare nelle opere italiane. Chiss\u00e0 cosa direbbe oggi, (temo che si stia rivoltando nella sua tomba del Testaccio, a Roma, nel cimitero acattolico, gi\u00e0 cimitero inglese) tra TikTok, Facebook, Twitter e hashtag vari. Proprio l\u2019hashtag \u00e8 rappresentativo di qualcosa che viene detto, condiviso e facilmente rintracciabile grazie a quel cancelletto che posto davanti a una parola consente agli utenti di trovare un messaggio che si riferisce a quella parola e all\u2019argomento trattato, che diventa, guarda un po&#8217;, nazional-popolare. Certo Gramsci si riferiva alla letteratura e a scritti di un certo livello. Il dibattito sui social \u00e8 tutta un\u2019altra cosa. Spesso superficiale, non sempre ma quasi. A volte molto cafonal e offensivo. Altre volte meno aggressivo ma altrettanto inopportuno.<\/p>\n<p>Sono nazional-popolari gli influencer, che dicono la loro e vengono seguiti da milioni di follower. Diventano in poco tempo famosi, e fanno soldi con la pubblicit\u00e0. Oggi si fa a gara per diventare influencer. Se provate a chiedere ai pi\u00f9 giovani che vanno a scuola cosa vorrebbero fare da grandi, state sicuri che ci sar\u00e0 qualcuno che risponder\u00e0: voglio fare l\u2019influencer.<\/p>\n<p>Con la pandemia sono diventati nazional-popolari i virologi. Li abbiamo visti e continuiamo a vederli in ogni dove e in ogni momento. Spesso non la pensano allo stesso modo, e si scontrano nei talk televisivi. Del resto, la materia \u00e8 quella che \u00e8.<\/p>\n<p>Sono nazional-popolari gli ospiti dei talk, appunto. Volti che, anche in questo caso, vediamo ovunque. Oramai ci confondiamo, e mentre seguiamo un programma pensiamo contemporaneamente a quello che avevano detto in un altro programma. A volte si contraddicono. Una sera ho visto lo stesso personaggio ospite, contemporaneamente, in pi\u00f9 trasmissioni. Sicuramente erano registrate.<\/p>\n<p>Lo ammetto, avverto sintomi di nazional-popolarismo seguendo quasi tutte le fiction televisive di successo. Da Montalbano in poi \u00e8 stato un crescendo. E oggi passo senza sosta alcuna da Doc all\u2019Amica Geniale, Makari, Fosca, Mare fuori, Luce dei tuoi occhi, i Bastardi di Pizzofalcone, Il Commissario Ricciardi, Rocco Schiavone e compagnia cantando. A proposito, non ho perso una serata di Sanremo, e non vedo l\u2019ora che arrivi il sabato per vedere Maria De Filippi.<\/p>\n","protected":false},"excerpt":{"rendered":"<p>Oggi vorrei occuparmi di un termine molto utilizzato in passato e in modo assai diverso in questa fase della nostra vita, caratterizzata dalla comunicazione digitale. Il termine in questione \u00e8 nazional-popolare, con e senza trattino. Volendo scomodare addirittura Gramsci, nazional-popolare si riferisce alle opere letterarie o artistiche, e comunque a usi e costumi di una [&hellip;]<\/p>\n","protected":false},"author":2,"featured_media":1577,"comment_status":"open","ping_status":"open","sticky":false,"template":"","format":"image","meta":{"advanced_seo_description":"","jetpack_seo_html_title":"","jetpack_seo_noindex":false,"jetpack_post_was_ever_published":false,"_jetpack_newsletter_access":"","jetpack_publicize_message":"","jetpack_is_tweetstorm":false,"jetpack_publicize_feature_enabled":true,"jetpack_social_post_already_shared":true,"jetpack_social_options":{"image_generator_settings":{"template":"highway","enabled":false}}},"categories":[37,72,21,231,297,357,3,20],"tags":[363,364,65,362,66,71,360,23],"jetpack_publicize_connections":[],"jetpack_featured_media_url":"https:\/\/i0.wp.com\/antoniopascotto.it\/wp-content\/uploads\/2022\/02\/2022-02-21_085458.png?fit=1067%2C469&ssl=1","jetpack_sharing_enabled":true,"jetpack_shortlink":"https:\/\/wp.me\/p8swp8-pq","jetpack-related-posts":[{"id":449,"url":"https:\/\/antoniopascotto.it\/?p=449","url_meta":{"origin":1576,"position":0},"title":"LA RIVINCITA DELLA TELEVISIONE E DEI MEDIA CHE NON MORIRANNO MAI","author":"Antonio Pascotto","date":"Dicembre 5, 2017","format":"gallery","excerpt":"Nessun media morir\u00e0 mai. Lo sostengo da sempre. Figuriamoci\u00a0il media per eccellenza, la televisione,\u00a0quello che pi\u00f9 di ogni altro ha influito sulle nostre abitudini. In molti avevano decretato la sua fine: titoli a caratteri cubitali sui giornali, libri, saggi, ricerche. Tutto inutile, sono state sovvertite le tesi pi\u00f9 negative. Altro\u2026","rel":"","context":"In &quot;Digitale&quot;","block_context":{"text":"Digitale","link":"https:\/\/antoniopascotto.it\/?cat=21"},"img":{"alt_text":"","src":"https:\/\/i0.wp.com\/antoniopascotto.it\/wp-content\/uploads\/2017\/12\/telecomando.jpg?fit=660%2C371&ssl=1&resize=350%2C200","width":350,"height":200},"classes":[]},{"id":2042,"url":"https:\/\/antoniopascotto.it\/?p=2042","url_meta":{"origin":1576,"position":1},"title":"PREMIO LETTERARIO INTERNAZIONALE CITTA&#8217; DI CATTOLICA PER ROMANZO DIGITALE","author":"Antonio Pascotto","date":"Gennaio 26, 2026","format":"image","excerpt":"Una serata speciale, dedicata ai libri scelti dalla giuria del Premio Letterario Internazionale Citt\u00e0 di Cattolica. Quest'anno, sul palco del Teatro della Regina, che ospita la famosa kermesse, sono saliti, per i primi due premi della manifestazione dedicati alle opere edite, Mirco Dondi, membro del Centre de Recherches Italiennes Romanes\u2026","rel":"","context":"In &quot;Cultura&quot;","block_context":{"text":"Cultura","link":"https:\/\/antoniopascotto.it\/?cat=72"},"img":{"alt_text":"","src":"https:\/\/i0.wp.com\/antoniopascotto.it\/wp-content\/uploads\/2024\/04\/2024-04-29_232143.jpg?fit=1163%2C521&ssl=1&resize=350%2C200","width":350,"height":200},"classes":[]},{"id":2137,"url":"https:\/\/antoniopascotto.it\/?p=2137","url_meta":{"origin":1576,"position":2},"title":"IL RICORDO DI PIPPO BAUDO","author":"Antonio Pascotto","date":"Agosto 18, 2025","format":"image","excerpt":"Non avevo mai visto sui social tanta partecipazione. E cos\u00ec ho scoperto, se pure ce ne fosse stato bisogno, che Pippo Baudo era ovunque. Scattava foto con tutti, sorrideva sempre, era uno del popolo, insomma. Era l\u2019espressione vera di quello che viene definito nazionalpopolare. Nel senso buono del termine. Nelle\u2026","rel":"","context":"In &quot;Cultura&quot;","block_context":{"text":"Cultura","link":"https:\/\/antoniopascotto.it\/?cat=72"},"img":{"alt_text":"","src":"https:\/\/i0.wp.com\/antoniopascotto.it\/wp-content\/uploads\/2025\/08\/2025-08-18_103724.jpg?fit=853%2C451&ssl=1&resize=350%2C200","width":350,"height":200},"classes":[]},{"id":194,"url":"https:\/\/antoniopascotto.it\/?p=194","url_meta":{"origin":1576,"position":3},"title":"ATTIVITA&#8217; O PASSIVITA&#8217;","author":"Antonio Pascotto","date":"Febbraio 19, 2017","format":"gallery","excerpt":"Attivit\u00e0 o passivit\u00e0 sono termini che possono assumere diversi significati. Per qualcuno leggere il giornale o guardare la televisione \u00e8 gi\u00e0 un\u2019attivit\u00e0. E chi usufruisce di un media, un consumatore lettore, ascoltatore o spettatore, \u00e8 automaticamente un produttore di cultura.\u00a0Oggi l\u2019attivit\u00e0 non riguarda solo l\u2019interazione con i mezzi, come la\u2026","rel":"","context":"In &quot;Libri&quot;","block_context":{"text":"Libri","link":"https:\/\/antoniopascotto.it\/?cat=6"},"img":{"alt_text":"","src":"https:\/\/i0.wp.com\/antoniopascotto.it\/wp-content\/uploads\/2017\/02\/158-1.jpg?fit=314%2C403&ssl=1&resize=350%2C200","width":350,"height":200},"classes":[]},{"id":626,"url":"https:\/\/antoniopascotto.it\/?p=626","url_meta":{"origin":1576,"position":4},"title":"IL GIORNO IN CUI FACEBOOK NON FU PIU\u2019 LO STESSO","author":"Antonio Pascotto","date":"Marzo 28, 2018","format":"image","excerpt":"E\u2019 il caso Cambridge Analytica ad assestare il colpo finale alla credibilit\u00e0 del social network pi\u00f9 diffuso al mondo. Tutto nasce da un\u2019inchiesta di Guardian e New York Times. Quasi in contemporanea i cronisti delle due testate giornaliste indagano sulla societ\u00e0 britannica di analisi dati che durante la campagna elettorale\u2026","rel":"","context":"In &quot;Facebook&quot;","block_context":{"text":"Facebook","link":"https:\/\/antoniopascotto.it\/?cat=170"},"img":{"alt_text":"","src":"https:\/\/i0.wp.com\/antoniopascotto.it\/wp-content\/uploads\/2018\/03\/facebook-2.jpg?fit=863%2C486&ssl=1&resize=350%2C200","width":350,"height":200},"classes":[]},{"id":266,"url":"https:\/\/antoniopascotto.it\/?p=266","url_meta":{"origin":1576,"position":5},"title":"LA SVOLTA DIGITALE","author":"Antonio Pascotto","date":"Febbraio 26, 2017","format":"gallery","excerpt":"Dopo oltre mezzo secolo la televisione continua a esercitare la sua centralit\u00e0. Tra i mezzi di comunicazione di massa\u00a0 rimane la preferita dal pubblico, che in primo luogo sceglie i telegiornali per seguire cosa succede nel mondo. Il piccolo schermo \u00e8 sempre influente, ma soprattutto, pi\u00f9 di ogni altro mezzo,\u2026","rel":"","context":"In &quot;Digitale&quot;","block_context":{"text":"Digitale","link":"https:\/\/antoniopascotto.it\/?cat=21"},"img":{"alt_text":"","src":"https:\/\/i0.wp.com\/antoniopascotto.it\/wp-content\/uploads\/2017\/02\/DIGITALE-300x216.jpg?resize=350%2C200","width":350,"height":200},"classes":[]}],"_links":{"self":[{"href":"https:\/\/antoniopascotto.it\/index.php?rest_route=\/wp\/v2\/posts\/1576"}],"collection":[{"href":"https:\/\/antoniopascotto.it\/index.php?rest_route=\/wp\/v2\/posts"}],"about":[{"href":"https:\/\/antoniopascotto.it\/index.php?rest_route=\/wp\/v2\/types\/post"}],"author":[{"embeddable":true,"href":"https:\/\/antoniopascotto.it\/index.php?rest_route=\/wp\/v2\/users\/2"}],"replies":[{"embeddable":true,"href":"https:\/\/antoniopascotto.it\/index.php?rest_route=%2Fwp%2Fv2%2Fcomments&post=1576"}],"version-history":[{"count":1,"href":"https:\/\/antoniopascotto.it\/index.php?rest_route=\/wp\/v2\/posts\/1576\/revisions"}],"predecessor-version":[{"id":1578,"href":"https:\/\/antoniopascotto.it\/index.php?rest_route=\/wp\/v2\/posts\/1576\/revisions\/1578"}],"wp:featuredmedia":[{"embeddable":true,"href":"https:\/\/antoniopascotto.it\/index.php?rest_route=\/wp\/v2\/media\/1577"}],"wp:attachment":[{"href":"https:\/\/antoniopascotto.it\/index.php?rest_route=%2Fwp%2Fv2%2Fmedia&parent=1576"}],"wp:term":[{"taxonomy":"category","embeddable":true,"href":"https:\/\/antoniopascotto.it\/index.php?rest_route=%2Fwp%2Fv2%2Fcategories&post=1576"},{"taxonomy":"post_tag","embeddable":true,"href":"https:\/\/antoniopascotto.it\/index.php?rest_route=%2Fwp%2Fv2%2Ftags&post=1576"}],"curies":[{"name":"wp","href":"https:\/\/api.w.org\/{rel}","templated":true}]}}