{"id":1509,"date":"2021-11-22T00:35:07","date_gmt":"2021-11-22T00:35:07","guid":{"rendered":"http:\/\/antoniopascotto.it\/?p=1509"},"modified":"2023-01-16T20:05:42","modified_gmt":"2023-01-16T20:05:42","slug":"maradona","status":"publish","type":"post","link":"https:\/\/antoniopascotto.it\/?p=1509","title":{"rendered":"MARADONA"},"content":{"rendered":"<p>A Buenos Aires, in Plaza de Mayo, la piazza dell&#8217;Indipendenza della Spagna, c&#8217;\u00e8 la Casa Rosada, sede del Governo argentino. Dal balcone centrale si affacciava Evita. Entro in quel palazzo per seguire la visita del presidente della Camera Casini. Fuori uomini e donne manifestano a colpi di padelle e pentole. Fanno molto rumore. Il popolo si fa sentire. Un&#8217;usanza, per protestare contro qualcosa. Ha un nome: Cacerolazo. Con la telecamera giro immagini e raccolgo interviste. Servono per uno speciale sul momento di grave crisi economica che sta attraversando il Paese. E sulle difficolt\u00e0 dei tanti italiani che abitano a Buenos Aires.<\/p>\n<p>Tra le case colorate del quartiere La Boca c&#8217;\u00e8 un campetto di cemento, ai piedi di un murales che ha gli stessi colori di quelle case, dove i bambini giocano a pallone. Indossano le magliette dall&#8217;Argentina e del Boca Juniors. La Boca \u00e8 il quartiere dove fu fondata Buenos Aires, dove i genovesi costituirono la Republica Independiente de La Boca, dove ancora oggi gli abitanti si chiamano xeneizes, cio\u00e9 genovesi in dialetto genovese, appunto. La Boca \u00e8 il quartiere dove un italiano pu\u00f2 anche sentirsi a casa, perch\u00e9 da queste parti si parla anche l&#8217;italiano. Caminito \u00e8 la via pi\u00f9 famosa. Qui molti ristoranti e negozi espongono bandierine tricolori, e fa un certo effetto. Gli artisti di strada ballano il tango di fronte a una vecchia imbarcazione abbandonata che ancora una volta ricorda gli emigranti italiani che partirono verso quella terra in cerca di fortuna.<\/p>\n<p>La Bombonera non \u00e8 troppo distante. La Bombonera \u00e8 uno stadio, dove gioca la squadra del Boca Juniors. 50mila posti a sedere. I cancelli sono aperti, ci sono gli operai che stanno lavorando. Entro sul terreno di gioco, dove i giardinieri stanno sistemando il prato verde. In quello stadio ha giocato Diego Armando Maradona. Le storie di Italia e Argentina si intrecciano, come i destini degli uomini. Maradona il 30 ottobre avrebbe compiuto 61 anni. Il 25 novembre ricorre il primo anniversario della sua morte. Lo abbiamo voluto ricordare cos\u00ec.<\/p>\n<p>&nbsp;<\/p>\n<p><img data-attachment-id=\"1512\" data-permalink=\"https:\/\/antoniopascotto.it\/?attachment_id=1512\" data-orig-file=\"https:\/\/i0.wp.com\/antoniopascotto.it\/wp-content\/uploads\/2021\/11\/127250576_10224120418266991_4497185195359230738_n.jpg?fit=999%2C999&amp;ssl=1\" data-orig-size=\"999,999\" data-comments-opened=\"1\" data-image-meta=\"{&quot;aperture&quot;:&quot;0&quot;,&quot;credit&quot;:&quot;&quot;,&quot;camera&quot;:&quot;&quot;,&quot;caption&quot;:&quot;&quot;,&quot;created_timestamp&quot;:&quot;0&quot;,&quot;copyright&quot;:&quot;&quot;,&quot;focal_length&quot;:&quot;0&quot;,&quot;iso&quot;:&quot;0&quot;,&quot;shutter_speed&quot;:&quot;0&quot;,&quot;title&quot;:&quot;&quot;,&quot;orientation&quot;:&quot;0&quot;}\" data-image-title=\"127250576_10224120418266991_4497185195359230738_n\" data-image-description=\"\" data-image-caption=\"\" data-medium-file=\"https:\/\/i0.wp.com\/antoniopascotto.it\/wp-content\/uploads\/2021\/11\/127250576_10224120418266991_4497185195359230738_n.jpg?fit=300%2C300&amp;ssl=1\" data-large-file=\"https:\/\/i0.wp.com\/antoniopascotto.it\/wp-content\/uploads\/2021\/11\/127250576_10224120418266991_4497185195359230738_n.jpg?fit=999%2C999&amp;ssl=1\" decoding=\"async\" loading=\"lazy\" class=\"alignleft size-medium wp-image-1512\" src=\"https:\/\/i0.wp.com\/antoniopascotto.it\/wp-content\/uploads\/2021\/11\/127250576_10224120418266991_4497185195359230738_n.jpg?resize=300%2C300\" alt=\"\" width=\"300\" height=\"300\" srcset=\"https:\/\/i0.wp.com\/antoniopascotto.it\/wp-content\/uploads\/2021\/11\/127250576_10224120418266991_4497185195359230738_n.jpg?resize=300%2C300&amp;ssl=1 300w, https:\/\/i0.wp.com\/antoniopascotto.it\/wp-content\/uploads\/2021\/11\/127250576_10224120418266991_4497185195359230738_n.jpg?resize=150%2C150&amp;ssl=1 150w, https:\/\/i0.wp.com\/antoniopascotto.it\/wp-content\/uploads\/2021\/11\/127250576_10224120418266991_4497185195359230738_n.jpg?resize=768%2C768&amp;ssl=1 768w, https:\/\/i0.wp.com\/antoniopascotto.it\/wp-content\/uploads\/2021\/11\/127250576_10224120418266991_4497185195359230738_n.jpg?w=999&amp;ssl=1 999w\" sizes=\"(max-width: 300px) 100vw, 300px\" data-recalc-dims=\"1\" \/><\/p>\n<p>&nbsp;<\/p>\n<p>&nbsp;<\/p>\n<p>All&#8217;epoca seguivo anche il calcio. Questa foto \u00e8 del 1986. L&#8217;anno del suo gol di mano contro l&#8217;Inghilterra. Perch\u00e9 lui poteva tutto. E noi tutti eravamo incantati al cospetto del Pibe de Oro. Perch\u00e9 lui era Isso,cio\u00e8 Lui, il Dio del pallone. Perch\u00e9 Lui era Maradona<\/p>\n","protected":false},"excerpt":{"rendered":"<p>A Buenos Aires, in Plaza de Mayo, la piazza dell&#8217;Indipendenza della Spagna, c&#8217;\u00e8 la Casa Rosada, sede del Governo argentino. Dal balcone centrale si affacciava Evita. Entro in quel palazzo per seguire la visita del presidente della Camera Casini. Fuori uomini e donne manifestano a colpi di padelle e pentole. Fanno molto rumore. Il popolo [&hellip;]<\/p>\n","protected":false},"author":2,"featured_media":1510,"comment_status":"open","ping_status":"open","sticky":false,"template":"","format":"image","meta":{"advanced_seo_description":"","jetpack_seo_html_title":"","jetpack_seo_noindex":false,"jetpack_post_was_ever_published":false,"_jetpack_newsletter_access":"","jetpack_publicize_message":"","jetpack_is_tweetstorm":false,"jetpack_publicize_feature_enabled":true,"jetpack_social_post_already_shared":true,"jetpack_social_options":{"image_generator_settings":{"template":"highway","enabled":false}}},"categories":[213,104,212],"tags":[355,356,354],"jetpack_publicize_connections":[],"jetpack_featured_media_url":"https:\/\/i0.wp.com\/antoniopascotto.it\/wp-content\/uploads\/2021\/11\/2021-11-22_013409.jpg?fit=980%2C424&ssl=1","jetpack_sharing_enabled":true,"jetpack_shortlink":"https:\/\/wp.me\/s8swp8-maradona","jetpack-related-posts":[{"id":632,"url":"https:\/\/antoniopascotto.it\/?p=632","url_meta":{"origin":1509,"position":0},"title":"L\u2019ILLUSIONE DELLA MAGGIORANZA","author":"Antonio Pascotto","date":"Aprile 10, 2018","format":"image","excerpt":"Le decisioni spesso dipendono dalle scelte o dagli stati d\u2019animo di altre persone. C\u2019\u00e8 un effetto chiamato 'l\u2019illusione della maggioranza'. Si tratta di un fenomeno per il quale una persona pu\u00f2 osservare un comportamento dei suoi amici considerandolo giusto anche se, nella maggioranza dei casi, non lo \u00e8. Si dovrebbe\u2026","rel":"","context":"In &quot;Psicologia&quot;","block_context":{"text":"Psicologia","link":"https:\/\/antoniopascotto.it\/?cat=206"},"img":{"alt_text":"","src":"https:\/\/i0.wp.com\/antoniopascotto.it\/wp-content\/uploads\/2018\/04\/2018-04-10_154414.jpg?fit=748%2C395&ssl=1&resize=350%2C200","width":350,"height":200},"classes":[]},{"id":501,"url":"https:\/\/antoniopascotto.it\/?p=501","url_meta":{"origin":1509,"position":1},"title":"IL PRESENTE SENZA TEMPO","author":"Antonio Pascotto","date":"Gennaio 29, 2018","format":false,"excerpt":"Dai tempo al tempo. Oppure: il tempo \u00e8 galantuomo. E ancora: a tempo perso, avere tempo da perdere, tempo da lupi, lascia il tempo che trova, guadagnare tempo. Potrei continuare cos\u00ec all\u2019infinito. I modi di dire che contengono la parola tempo sono innumerevoli. Anche il numero di saggi sull\u2019argomento \u00e8\u2026","rel":"","context":"In &quot;Scienza&quot;","block_context":{"text":"Scienza","link":"https:\/\/antoniopascotto.it\/?cat=152"},"img":{"alt_text":"","src":"https:\/\/i0.wp.com\/antoniopascotto.it\/wp-content\/uploads\/2018\/01\/orologi2.jpg?fit=600%2C300&ssl=1&resize=350%2C200","width":350,"height":200},"classes":[]},{"id":1374,"url":"https:\/\/antoniopascotto.it\/?p=1374","url_meta":{"origin":1509,"position":2},"title":"I PENTITI DEL WEB","author":"Antonio Pascotto","date":"Ottobre 22, 2020","format":"image","excerpt":"Prima il loro impegno per la costruzione del mondo digitale in cui stiamo vivendo, poi il rimorso per il risultato del lavoro svolto sino ad oggi. Li chiamano i pentiti del Web, quelli che nella Silicon Valley si sono dati da fare per promuovere lo sviluppo tecnologico legato ai social\u2026","rel":"","context":"In &quot;Digitale&quot;","block_context":{"text":"Digitale","link":"https:\/\/antoniopascotto.it\/?cat=21"},"img":{"alt_text":"","src":"https:\/\/i0.wp.com\/antoniopascotto.it\/wp-content\/uploads\/2020\/10\/2020-10-22_102227.jpg?fit=935%2C407&ssl=1&resize=350%2C200","width":350,"height":200},"classes":[]},{"id":1600,"url":"https:\/\/antoniopascotto.it\/?p=1600","url_meta":{"origin":1509,"position":3},"title":"IL BENE E IL MALE","author":"Antonio Pascotto","date":"Giugno 3, 2022","format":"image","excerpt":"Non \u00e8 la solita storia tra il bene e il male. A Bucha abbiamo visto tutto quello che gli uomini sono capaci di fare. Lungo le strade della citt\u00e0, alla periferia di Kiev, i corpi a terra senza vita di tanti civili che con la guerra non avevano nulla a\u2026","rel":"","context":"In &quot;Attualit\u00e0&quot;","block_context":{"text":"Attualit\u00e0","link":"https:\/\/antoniopascotto.it\/?cat=37"},"img":{"alt_text":"","src":"https:\/\/i0.wp.com\/antoniopascotto.it\/wp-content\/uploads\/2022\/06\/2022-06-03_151553.png?fit=802%2C432&ssl=1&resize=350%2C200","width":350,"height":200},"classes":[]},{"id":626,"url":"https:\/\/antoniopascotto.it\/?p=626","url_meta":{"origin":1509,"position":4},"title":"IL GIORNO IN CUI FACEBOOK NON FU PIU\u2019 LO STESSO","author":"Antonio Pascotto","date":"Marzo 28, 2018","format":"image","excerpt":"E\u2019 il caso Cambridge Analytica ad assestare il colpo finale alla credibilit\u00e0 del social network pi\u00f9 diffuso al mondo. Tutto nasce da un\u2019inchiesta di Guardian e New York Times. Quasi in contemporanea i cronisti delle due testate giornaliste indagano sulla societ\u00e0 britannica di analisi dati che durante la campagna elettorale\u2026","rel":"","context":"In &quot;Facebook&quot;","block_context":{"text":"Facebook","link":"https:\/\/antoniopascotto.it\/?cat=170"},"img":{"alt_text":"","src":"https:\/\/i0.wp.com\/antoniopascotto.it\/wp-content\/uploads\/2018\/03\/facebook-2.jpg?fit=863%2C486&ssl=1&resize=350%2C200","width":350,"height":200},"classes":[]},{"id":765,"url":"https:\/\/antoniopascotto.it\/?p=765","url_meta":{"origin":1509,"position":5},"title":"L\u2019INTELLIGENZA ARTIFICIALE E IL FUTURO CHE VERRA\u2019","author":"Antonio Pascotto","date":"Settembre 7, 2018","format":"image","excerpt":"Una delle pi\u00f9 grandi paure di questi anni \u00e8 legata allo sviluppo dell\u2019intelligenza artificiale e all\u2019utilizzo dei robot. Il loro impiego rischia di cancellare molti posti di lavoro. I pareri sono discordanti, ma \u00e8 fuori dubbio che le macchine hanno avuto un impatto dirompente in molti settori e in futuro,\u2026","rel":"","context":"Articolo simile","block_context":{"text":"Articolo simile","link":""},"img":{"alt_text":"","src":"https:\/\/i0.wp.com\/antoniopascotto.it\/wp-content\/uploads\/2018\/09\/IO-E-CATERINA.jpg?fit=825%2C413&ssl=1&resize=350%2C200","width":350,"height":200},"classes":[]}],"_links":{"self":[{"href":"https:\/\/antoniopascotto.it\/index.php?rest_route=\/wp\/v2\/posts\/1509"}],"collection":[{"href":"https:\/\/antoniopascotto.it\/index.php?rest_route=\/wp\/v2\/posts"}],"about":[{"href":"https:\/\/antoniopascotto.it\/index.php?rest_route=\/wp\/v2\/types\/post"}],"author":[{"embeddable":true,"href":"https:\/\/antoniopascotto.it\/index.php?rest_route=\/wp\/v2\/users\/2"}],"replies":[{"embeddable":true,"href":"https:\/\/antoniopascotto.it\/index.php?rest_route=%2Fwp%2Fv2%2Fcomments&post=1509"}],"version-history":[{"count":4,"href":"https:\/\/antoniopascotto.it\/index.php?rest_route=\/wp\/v2\/posts\/1509\/revisions"}],"predecessor-version":[{"id":1515,"href":"https:\/\/antoniopascotto.it\/index.php?rest_route=\/wp\/v2\/posts\/1509\/revisions\/1515"}],"wp:featuredmedia":[{"embeddable":true,"href":"https:\/\/antoniopascotto.it\/index.php?rest_route=\/wp\/v2\/media\/1510"}],"wp:attachment":[{"href":"https:\/\/antoniopascotto.it\/index.php?rest_route=%2Fwp%2Fv2%2Fmedia&parent=1509"}],"wp:term":[{"taxonomy":"category","embeddable":true,"href":"https:\/\/antoniopascotto.it\/index.php?rest_route=%2Fwp%2Fv2%2Fcategories&post=1509"},{"taxonomy":"post_tag","embeddable":true,"href":"https:\/\/antoniopascotto.it\/index.php?rest_route=%2Fwp%2Fv2%2Ftags&post=1509"}],"curies":[{"name":"wp","href":"https:\/\/api.w.org\/{rel}","templated":true}]}}