{"id":1505,"date":"2021-11-04T08:29:50","date_gmt":"2021-11-04T08:29:50","guid":{"rendered":"http:\/\/antoniopascotto.it\/?p=1505"},"modified":"2023-01-04T20:31:17","modified_gmt":"2023-01-04T20:31:17","slug":"il-futuro-della-terra","status":"publish","type":"post","link":"https:\/\/antoniopascotto.it\/?p=1505","title":{"rendered":"IL FUTURO DELLA TERRA"},"content":{"rendered":"<p>\u00c8 cambiata la geografia del lavoro, tra tecnologia, cultura digitale e mercati. Quello che manca \u00e8 una visione sociale capace di coniugare le esigenze della popolazione con un mondo in continua trasformazione. Da questo punto di vista la societ\u00e0 non cammina di pari passo con lo sviluppo tecnologico. Gli Stati sono sempre alle prese con questioni politiche che riguardano pi\u00f9 la gestione del potere che il benessere di un Paese, tra disoccupazione, disastri climatici, periferie abbandonate e squilibri economici. Rimangono grandi differenze tra territori che la crisi sanitaria, con la pandemia, ha addirittura aggravato. Le politiche dei governi non si sono adeguate alla crescita economica legata all&#8217;innovazione industriale. Restano le disuguaglianze, non cambia la percentuale di reddito di chi \u00e8 pi\u00f9 povero e la distribuzione globale del benessere assieme ai benefici di un pianeta digitalizzato non valgono per tutti. E il mancato sviluppo socioeconomico genera violenze, malattie e distruzione dell&#8217;ambiente. A questo proposito, gi\u00e0 da troppo tempo \u00e8 scattato il codice rosso.<\/p>\n<p>Nonostante le iniziative e i movimenti che in questi anni si sono occupati della salute del nostro pianeta, i livelli di Co2 continuano a crescere. Il riscaldamento globale \u00e8 un argomento posto in primo piano nei programmi della politica, ma le soluzioni fino ad oggi non sono state soddisfacenti. Eppure basterebbe una maggiore determinazione da parte delle amministrazioni pubbliche per evitare danni irreparabili. Ad esempio, la riqualificazione dei quartieri con la realizzazione di parchi pubblici e la produzione di energia attraverso elementi naturali come il sole, il vento e l&#8217;acqua. Semplice a dirsi ma difficile a farsi. Gli esempi non mancano, e i progetti di smart city in questi ultimi anni si sono moltiplicati. Ma non basta. Neppure l&#8217;idea di trasferirsi dalle grandi citt\u00e0 alle campagne pu\u00f2 essere considerata vincente. Chi ha avuto la possibilit\u00e0, durante il lockdown, grazie anche alla possibilit\u00e0 di lavorare in smartworking, non ha contribuito a migliorare l&#8217;impatto sull&#8217;ambiente. Basti pensare ai maggiori consumi, come quelli per gli spostamenti in auto. Forse \u00e8 meglio fare il contrario, ovvero migliorare la vivibilit\u00e0 delle nostre citt\u00e0 con spazi verdi e con un utilizzo pi\u00f9 attento delle auto per la mobilit\u00e0.<\/p>\n<p>In assenza di interventi le nostre metropoli saranno sempre pi\u00f9 calde. La media delle temperature pu\u00f2 arrivare a oltre 30 gradi per tre mesi all&#8217;anno. (Rapporto\u00a0<em>Analisi del Rischio. I cambiamenti climatici in sei citt\u00e0 italiane<\/em>. Cmcc, Centro Euro-Mediterraneo sui Cambiamenti Climatici) E il livello dell&#8217;acqua continuer\u00e0 ad alzarsi. Per evitare impatti ambientali ed economici, oltre alle aree verdi e impermeabili occorreranno progetti di edilizia diversi e pi\u00f9 sostenibili. Fino a quando non ci si occuper\u00e0 seriamente di queste tematiche, anche con maggiori investimenti, non basteranno le rivoluzioni tecnologiche a cambiare il mondo.<\/p>\n<p>&nbsp;<\/p>\n","protected":false},"excerpt":{"rendered":"<p>\u00c8 cambiata la geografia del lavoro, tra tecnologia, cultura digitale e mercati. Quello che manca \u00e8 una visione sociale capace di coniugare le esigenze della popolazione con un mondo in continua trasformazione. Da questo punto di vista la societ\u00e0 non cammina di pari passo con lo sviluppo tecnologico. Gli Stati sono sempre alle prese con [&hellip;]<\/p>\n","protected":false},"author":2,"featured_media":1506,"comment_status":"open","ping_status":"open","sticky":false,"template":"","format":"image","meta":{"advanced_seo_description":"","jetpack_seo_html_title":"","jetpack_seo_noindex":false,"jetpack_post_was_ever_published":false,"_jetpack_newsletter_access":"","jetpack_publicize_message":"","jetpack_is_tweetstorm":false,"jetpack_publicize_feature_enabled":true,"jetpack_social_post_already_shared":true,"jetpack_social_options":{"image_generator_settings":{"template":"highway","enabled":false}}},"categories":[58,231],"tags":[353,14],"jetpack_publicize_connections":[],"jetpack_featured_media_url":"https:\/\/i0.wp.com\/antoniopascotto.it\/wp-content\/uploads\/2021\/11\/IL-FUTURO-DELLA-TERRA.jpg?fit=740%2C365&ssl=1","jetpack_sharing_enabled":true,"jetpack_shortlink":"https:\/\/wp.me\/p8swp8-oh","jetpack-related-posts":[{"id":1481,"url":"https:\/\/antoniopascotto.it\/?p=1481","url_meta":{"origin":1505,"position":0},"title":"EVENTI","author":"Antonio Pascotto","date":"Ottobre 10, 2021","format":false,"excerpt":"Penso a una serie di eventi che oramai fanno parte della storia, e sono accaduti durante il secolo scorso. E li abbiamo vissuti. E li ricordiamo quando oramai sono trascorsi oltre vent'anni dall'inizio del nuovo secolo. Sembra strano. E in effetti non capita a tutti vivere abbastanza intensamente una serie\u2026","rel":"","context":"In &quot;Avvenimenti&quot;","block_context":{"text":"Avvenimenti","link":"https:\/\/antoniopascotto.it\/?cat=211"},"img":{"alt_text":"","src":"https:\/\/i0.wp.com\/antoniopascotto.it\/wp-content\/uploads\/2021\/10\/de-chirico.png?fit=686%2C401&ssl=1&resize=350%2C200","width":350,"height":200},"classes":[]},{"id":859,"url":"https:\/\/antoniopascotto.it\/?p=859","url_meta":{"origin":1505,"position":1},"title":"POSTMODERNITA&#8217;","author":"Antonio Pascotto","date":"Marzo 18, 2019","format":"image","excerpt":"Siamo postmoderni, cio\u00e8 facciamo parte di un\u2019era che si basa sulla mercificazione del tempo e delle nostre esperienze. Siamo impegnati a regolare il tempo che consumiamo sui nostri device per partecipare alla rappresentazione digitale che ci vede impegnati direttamente come attori in un mondo che fabbrica emozioni e dove noi\u2026","rel":"","context":"In &quot;Attualit\u00e0&quot;","block_context":{"text":"Attualit\u00e0","link":"https:\/\/antoniopascotto.it\/?cat=37"},"img":{"alt_text":"","src":"https:\/\/i0.wp.com\/antoniopascotto.it\/wp-content\/uploads\/2019\/03\/2019-03-18_190950.jpg?fit=770%2C425&ssl=1&resize=350%2C200","width":350,"height":200},"classes":[]},{"id":626,"url":"https:\/\/antoniopascotto.it\/?p=626","url_meta":{"origin":1505,"position":2},"title":"IL GIORNO IN CUI FACEBOOK NON FU PIU\u2019 LO STESSO","author":"Antonio Pascotto","date":"Marzo 28, 2018","format":"image","excerpt":"E\u2019 il caso Cambridge Analytica ad assestare il colpo finale alla credibilit\u00e0 del social network pi\u00f9 diffuso al mondo. Tutto nasce da un\u2019inchiesta di Guardian e New York Times. Quasi in contemporanea i cronisti delle due testate giornaliste indagano sulla societ\u00e0 britannica di analisi dati che durante la campagna elettorale\u2026","rel":"","context":"In &quot;Facebook&quot;","block_context":{"text":"Facebook","link":"https:\/\/antoniopascotto.it\/?cat=170"},"img":{"alt_text":"","src":"https:\/\/i0.wp.com\/antoniopascotto.it\/wp-content\/uploads\/2018\/03\/facebook-2.jpg?fit=863%2C486&ssl=1&resize=350%2C200","width":350,"height":200},"classes":[]},{"id":1446,"url":"https:\/\/antoniopascotto.it\/?p=1446","url_meta":{"origin":1505,"position":3},"title":"RIFLESSI","author":"Antonio Pascotto","date":"Maggio 8, 2021","format":"image","excerpt":"OVVERO, LO SPECCHIO, IL SELFIE E IL MONDO RIFLESSO Il rapporto dell'individuo con lo specchio \u00e8 ancestrale, fisico, indispensabile. Inizia dal mattino, quando ci vestiamo per uscire di casa. Abbiamo la necessit\u00e0 di vedere la nostra immagine, di cercare di capire come siamo fatti. E di verificare se \u00e8 meglio\u2026","rel":"","context":"In &quot;Digitale&quot;","block_context":{"text":"Digitale","link":"https:\/\/antoniopascotto.it\/?cat=21"},"img":{"alt_text":"","src":"https:\/\/i0.wp.com\/antoniopascotto.it\/wp-content\/uploads\/2021\/05\/RIFLESSI.png?fit=711%2C357&ssl=1&resize=350%2C200","width":350,"height":200},"classes":[]},{"id":808,"url":"https:\/\/antoniopascotto.it\/?p=808","url_meta":{"origin":1505,"position":4},"title":"IL MONDO A COLPI DI LIKE","author":"Antonio Pascotto","date":"Febbraio 9, 2019","format":"image","excerpt":"Misuriamo il consenso a colpi di like. Quanti amici abbiamo? Ci vogliono bene, approvano quello che facciamo? Vediamo quanti mi piace otteniamo su Facebook, Instagram o Twitter. E i commenti? Beh, a volte \u00e8 meglio non leggerli. Ci scappa sempre quello che usa un linguaggio poco prudente, tra male parole,\u2026","rel":"","context":"In &quot;Digitale&quot;","block_context":{"text":"Digitale","link":"https:\/\/antoniopascotto.it\/?cat=21"},"img":{"alt_text":"","src":"https:\/\/i0.wp.com\/antoniopascotto.it\/wp-content\/uploads\/2019\/02\/2019-02-09_085415.jpg?fit=893%2C437&ssl=1&resize=350%2C200","width":350,"height":200},"classes":[]},{"id":1217,"url":"https:\/\/antoniopascotto.it\/?p=1217","url_meta":{"origin":1505,"position":5},"title":"INTERNET E LA FELICIT\u00c0","author":"Antonio Pascotto","date":"Gennaio 3, 2020","format":"image","excerpt":"Il segreto della felicit\u00e0 \u00e8 Internet. Il risultato dello studio condotto in Norvegia da Fulvio Castellacci e Henrik Schwabe \u00e8 sbalorditivo. Altro che disintossicazione digitale. Essere online, dicono gli esperti, aiuta a risparmiare tempo e consente di accedere a una vasta gamma di informazioni che possono aiutare a prendere decisioni\u2026","rel":"","context":"In &quot;Internet&quot;","block_context":{"text":"Internet","link":"https:\/\/antoniopascotto.it\/?cat=262"},"img":{"alt_text":"","src":"https:\/\/i0.wp.com\/antoniopascotto.it\/wp-content\/uploads\/2020\/01\/2020-01-03_181945.jpg?fit=1000%2C483&ssl=1&resize=350%2C200","width":350,"height":200},"classes":[]}],"_links":{"self":[{"href":"https:\/\/antoniopascotto.it\/index.php?rest_route=\/wp\/v2\/posts\/1505"}],"collection":[{"href":"https:\/\/antoniopascotto.it\/index.php?rest_route=\/wp\/v2\/posts"}],"about":[{"href":"https:\/\/antoniopascotto.it\/index.php?rest_route=\/wp\/v2\/types\/post"}],"author":[{"embeddable":true,"href":"https:\/\/antoniopascotto.it\/index.php?rest_route=\/wp\/v2\/users\/2"}],"replies":[{"embeddable":true,"href":"https:\/\/antoniopascotto.it\/index.php?rest_route=%2Fwp%2Fv2%2Fcomments&post=1505"}],"version-history":[{"count":6,"href":"https:\/\/antoniopascotto.it\/index.php?rest_route=\/wp\/v2\/posts\/1505\/revisions"}],"predecessor-version":[{"id":1628,"href":"https:\/\/antoniopascotto.it\/index.php?rest_route=\/wp\/v2\/posts\/1505\/revisions\/1628"}],"wp:featuredmedia":[{"embeddable":true,"href":"https:\/\/antoniopascotto.it\/index.php?rest_route=\/wp\/v2\/media\/1506"}],"wp:attachment":[{"href":"https:\/\/antoniopascotto.it\/index.php?rest_route=%2Fwp%2Fv2%2Fmedia&parent=1505"}],"wp:term":[{"taxonomy":"category","embeddable":true,"href":"https:\/\/antoniopascotto.it\/index.php?rest_route=%2Fwp%2Fv2%2Fcategories&post=1505"},{"taxonomy":"post_tag","embeddable":true,"href":"https:\/\/antoniopascotto.it\/index.php?rest_route=%2Fwp%2Fv2%2Ftags&post=1505"}],"curies":[{"name":"wp","href":"https:\/\/api.w.org\/{rel}","templated":true}]}}