{"id":1481,"date":"2021-10-10T08:58:53","date_gmt":"2021-10-10T08:58:53","guid":{"rendered":"http:\/\/antoniopascotto.it\/?p=1481"},"modified":"2025-08-18T08:55:31","modified_gmt":"2025-08-18T08:55:31","slug":"eventi","status":"publish","type":"post","link":"https:\/\/antoniopascotto.it\/?p=1481","title":{"rendered":"EVENTI"},"content":{"rendered":"<p><span style=\"color: #333333;\"><span style=\"font-family: 'Times New Roman', serif;\"><span style=\"font-size: large;\">Penso a una serie di eventi che oramai fanno parte della storia, e sono accaduti durante il secolo scorso. E li abbiamo vissuti. E li ricordiamo quando oramai sono trascorsi oltre vent&#8217;anni dall&#8217;inizio del nuovo secolo. Sembra strano. E in effetti non capita a tutti vivere abbastanza intensamente una serie di avvenimenti a cavallo tra due secoli . Anche se in genere non \u00e8 poi cos\u00ec difficile. Se tutto va bene basta nascere intorno alla met\u00e0 di un secolo. Ma quelli che oggi hanno vent&#8217;anni, o anche qualcosa in pi\u00f9, non hanno avuto questo privilegio. O non erano nati oppure erano troppo piccoli. Si rifaranno, e avranno la possibilit\u00e0 di vivere appieno quelle trasformazioni, in particolare tecnologiche, che stanno cambiando il mondo. Intanto sono stati testimoni di un evento di portata mondiale, come quello della pandemia, tra emergenze e lockdown.<\/span><\/span><\/span><\/p>\n<p><span style=\"color: #333333;\"><span style=\"font-family: 'Times New Roman', serif;\"><span style=\"font-size: large;\">Noi e tanti altri invece abbiamo assistito, in qualche modo, a una serie di&nbsp;fatti che hanno segnato la storia di due secoli importanti come il Novecento e il Ventunesimo secolo, appunto.<\/span><\/span><\/span><\/p>\n<p><span style=\"color: #333333;\"><span style=\"font-family: 'Times New Roman', serif;\"><span style=\"font-size: large;\">L&#8217;elenco \u00e8 lungo, e vado a memoria, con sintesi estrema, tra guerre e rivoluzioni, dittature e democrazie, migrazioni, la caduta del muro di Berlino, il terrorismo. E le catastrofi. Nelle mie piccole esperienze ho vissuto il terremoto dell&#8217;Irpinia. Ricordo tutto come se fosse ieri.<\/span><\/span><\/span><\/p>\n<p><span style=\"color: #333333;\"><span style=\"font-family: 'Times New Roman', serif;\"><span style=\"font-size: large;\">Come ricordo ogni particolare dell&#8217;attentato alle Torri Gemelle. Il pi\u00f9 grave di tutti i tempi. Per la sua portata, per le migliaia di vittime, per quello che ha significato. Perch\u00e9 \u00e8 accaduto proprio all&#8217;inizio del Ventunesimo secolo. E per i vigili del fuoco, che in quei giorni furono da tutti definiti degli eroi.<\/span><\/span><\/span><\/p>\n<p><span style=\"color: #333333;\"><span style=\"font-family: 'Times New Roman', serif;\"><span style=\"font-size: large;\">Di eroi ne abbiamo avuti tanti in questi due secoli trascorsi tra la voglia di cambiare il mondo, di renderlo pi\u00f9 giusto, di abbattere le diseguaglianze, alla necessit\u00e0 di ripensare a quelle politiche ambientali per evitare disastri prima che sia troppo tardi. Gli ultimi eroi che si ricordano, in ordine di tempo, sono quelli che non si sono risparmiati nella lotta al Covid. Le immagini pi\u00f9 recenti fanno parte di una storia che tutti noi abbiamo vissuto. Come quella del Papa, solo, a San Pietro. Una piazza vuota al centro del mondo, e per questo mai cos\u00ec affollata, che ha accomunato tutti, credenti e non, mentre sul sagrato della Basilica vaticana il Pontefice chiedeva a Dio di non lasciarci in balia della tempesta. L&#8217;invocazione per la fine della pandemia, la voce di Francesco, lo scroscio della pioggia in sottofondo. Forse \u00e8 l&#8217;immagine simbolo, fino ad oggi, di questo secolo. Di questo periodo dove ci siamo sentiti tutti pi\u00f9 fragili e smarriti.<\/span><\/span><\/span><\/p>\n<p lang=\"zxx\"><span style=\"color: #333333;\"><span style=\"font-family: 'Times New Roman', serif;\"><span style=\"font-size: large;\">Ma quelli che stiamo vivendo sono anche gli anni dell&#8217;evoluzione delle macchine che acquisiscono poteri un tempo esclusivi dell&#8217;uomo. La tecnologia si fa strada entrando prepotentemente nelle nostre vite connesse. All&#8217;intelligenza umana si affianca l&#8217;intelligenza artificiale. E nascono nuove sfide. La prima \u00e8 certamente l&#8217;interazione tra il nostro cervello e i computer. Dovr\u00e0 garantire nuove funzioni e sviluppare, in tutti i campi, nuovi strumenti per migliorare la vita. Avremo a che fare sempre di pi\u00f9 con androidi e robot ai quali affidare compiti di una certa responsabilit\u00e0. Macchine che non si stancano, che possono svolgere il loro lavoro anche in condizioni impensabili per l&#8217;uomo. Ma sempre macchine. Assistenti digitali che offrono e offriranno una moltitudine di servizi senza riserve. Senza la preoccupazione di una malattia, tra ambiente e tecnologia. Una nuova era, nel corso della quale avvertiremo sempre di pi\u00f9 il bisogno di capire, come esseri umani, chi siamo.<\/span><\/span><\/span><\/p>\n<p lang=\"zxx\"><span style=\"color: #333333;\"><span style=\"font-family: 'Source Sans Pro', sans-serif;\"><span style=\"font-size: medium;\"><strong>NELL&#8217;IMMAGINE<\/strong>:&nbsp;Giorgio de Chirico, Presente e passato, 1936<\/span><\/span><\/span><\/p>\n<p><span style=\"color: #333333;\">&nbsp;<\/span><\/p>\n","protected":false},"excerpt":{"rendered":"<p>Penso a una serie di eventi che oramai fanno parte della storia, e sono accaduti durante il secolo scorso. E li abbiamo vissuti. E li ricordiamo quando oramai sono trascorsi oltre vent&#8217;anni dall&#8217;inizio del nuovo secolo. Sembra strano. E in effetti non capita a tutti vivere abbastanza intensamente una serie di avvenimenti a cavallo tra [&hellip;]<\/p>\n","protected":false},"author":2,"featured_media":1482,"comment_status":"open","ping_status":"open","sticky":false,"template":"","format":"standard","meta":{"advanced_seo_description":"","jetpack_seo_html_title":"","jetpack_seo_noindex":false,"jetpack_post_was_ever_published":false,"_jetpack_newsletter_access":"","jetpack_publicize_message":"","jetpack_is_tweetstorm":false,"jetpack_publicize_feature_enabled":true,"jetpack_social_post_already_shared":true,"jetpack_social_options":{"image_generator_settings":{"template":"highway","enabled":false}}},"categories":[211,231],"tags":[352,350,155,351,154],"jetpack_publicize_connections":[],"jetpack_featured_media_url":"https:\/\/i0.wp.com\/antoniopascotto.it\/wp-content\/uploads\/2021\/10\/de-chirico.png?fit=686%2C401&ssl=1","jetpack_sharing_enabled":true,"jetpack_shortlink":"https:\/\/wp.me\/s8swp8-eventi","jetpack-related-posts":[{"id":659,"url":"https:\/\/antoniopascotto.it\/?p=659","url_meta":{"origin":1481,"position":0},"title":"COSA RESTA DI QUEGLI ANNI NOVANTA","author":"Antonio Pascotto","date":"Maggio 8, 2018","format":"image","excerpt":"Devono passare circa trent\u2019anni prima di celebrare un decennio. E\u2019 gi\u00e0 successo con gli Anni Sessanta, poi con gli Anni Settanta e gli Anni Ottanta. Ora, con un certo anticipo, \u00e8 la volta degli Anni Novanta. Articoli di giornale e libri si moltiplicano. E di cose da dire e da\u2026","rel":"","context":"In &quot;Avvenimenti&quot;","block_context":{"text":"Avvenimenti","link":"https:\/\/antoniopascotto.it\/?cat=211"},"img":{"alt_text":"","src":"https:\/\/i0.wp.com\/antoniopascotto.it\/wp-content\/uploads\/2018\/05\/2018-05-08_090447.jpg?fit=877%2C394&ssl=1&resize=350%2C200","width":350,"height":200},"classes":[]},{"id":874,"url":"https:\/\/antoniopascotto.it\/?p=874","url_meta":{"origin":1481,"position":1},"title":"STANLIO &#038; OLLIO, GLI ALLEGRI VAGABONDI","author":"Antonio Pascotto","date":"Aprile 30, 2019","format":"image","excerpt":"Finalmente un film su Stan Laurel e Oliver Hardy. Stanlio e Ollio. Ci hanno accompagnato per anni, e ancora oggi, su qualche televisione, ammiriamo le loro gag. Forse \u00e8 stata la coppia pi\u00f9 straordinaria di tutti i tempi. Erano fatti l\u2019uno per l\u2019altro. Una miscellanea perfetta. Difficile immaginare Stan senza\u2026","rel":"","context":"In &quot;Cinema&quot;","block_context":{"text":"Cinema","link":"https:\/\/antoniopascotto.it\/?cat=105"},"img":{"alt_text":"","src":"https:\/\/i0.wp.com\/antoniopascotto.it\/wp-content\/uploads\/2019\/04\/2019-04-30_085906.jpg?fit=612%2C331&ssl=1&resize=350%2C200","width":350,"height":200},"classes":[]},{"id":1424,"url":"https:\/\/antoniopascotto.it\/?p=1424","url_meta":{"origin":1481,"position":2},"title":"LA RESISTENZA","author":"Antonio Pascotto","date":"Febbraio 28, 2021","format":false,"excerpt":"Ci sono parole ricorrenti in questo momento particolare della nostra vita. Termini che ricordano battaglie all'ultimo sangue, conflitti, scontri. Il clima bellico pervade le nostre giornate, alle prese col tentativo di evitare contagi, tra consigli, non pochi, dei virologi, oracoli dei nostri tempi, e la speranza di poter fare al\u2026","rel":"","context":"In &quot;Attualit\u00e0&quot;","block_context":{"text":"Attualit\u00e0","link":"https:\/\/antoniopascotto.it\/?cat=37"},"img":{"alt_text":"","src":"https:\/\/i0.wp.com\/antoniopascotto.it\/wp-content\/uploads\/2021\/02\/2021-02-28_103009.png?fit=968%2C555&ssl=1&resize=350%2C200","width":350,"height":200},"classes":[]},{"id":266,"url":"https:\/\/antoniopascotto.it\/?p=266","url_meta":{"origin":1481,"position":3},"title":"LA SVOLTA DIGITALE","author":"Antonio Pascotto","date":"Febbraio 26, 2017","format":"gallery","excerpt":"Dopo oltre mezzo secolo la televisione continua a esercitare la sua centralit\u00e0. Tra i mezzi di comunicazione di massa\u00a0 rimane la preferita dal pubblico, che in primo luogo sceglie i telegiornali per seguire cosa succede nel mondo. Il piccolo schermo \u00e8 sempre influente, ma soprattutto, pi\u00f9 di ogni altro mezzo,\u2026","rel":"","context":"In &quot;Digitale&quot;","block_context":{"text":"Digitale","link":"https:\/\/antoniopascotto.it\/?cat=21"},"img":{"alt_text":"","src":"https:\/\/i0.wp.com\/antoniopascotto.it\/wp-content\/uploads\/2017\/02\/DIGITALE-300x216.jpg?resize=350%2C200","width":350,"height":200},"classes":[]},{"id":887,"url":"https:\/\/antoniopascotto.it\/?p=887","url_meta":{"origin":1481,"position":4},"title":"TUTTA COLPA DEGLI ALGORITMI","author":"Antonio Pascotto","date":"Maggio 8, 2019","format":"image","excerpt":"Tocca risalire al nono secolo per trovare colui che si pu\u00f2 definire l\u2019inventore dell\u2019algoritmo, tale al-Khwarizmi, un matematico arabo che prima di altri ebbe l\u2019intuizione di studiare il procedimento giusto per giungere alla soluzione di un problema. Dal suo nome deriva il termine latino algorithmus, all\u2019inizio utilizzato per indicare i\u2026","rel":"","context":"In &quot;Internet&quot;","block_context":{"text":"Internet","link":"https:\/\/antoniopascotto.it\/?cat=262"},"img":{"alt_text":"","src":"https:\/\/i0.wp.com\/antoniopascotto.it\/wp-content\/uploads\/2019\/05\/IMMAGINE-PIXABAY.jpg?fit=820%2C462&ssl=1&resize=350%2C200","width":350,"height":200},"classes":[]},{"id":902,"url":"https:\/\/antoniopascotto.it\/?p=902","url_meta":{"origin":1481,"position":5},"title":"COSI&#8217; PARLO&#8217; MONTALBANO","author":"Antonio Pascotto","date":"Luglio 22, 2019","format":"image","excerpt":"Ci hanno giocato un brutto scherzo andandosene quasi insieme, a poche ore di distanza. Due grandi scrittori che per anni, con le loro trame e i loro ragionamenti, ci hanno fatto riflettere e pure divertire. Avevano molte cose in comune. Entrambi autori di libri di successo, sceneggiatori, registi. Il primo,\u2026","rel":"","context":"In &quot;Cinema&quot;","block_context":{"text":"Cinema","link":"https:\/\/antoniopascotto.it\/?cat=105"},"img":{"alt_text":"","src":"https:\/\/i0.wp.com\/antoniopascotto.it\/wp-content\/uploads\/2019\/07\/2019-07-22_104647.jpg?fit=788%2C388&ssl=1&resize=350%2C200","width":350,"height":200},"classes":[]}],"_links":{"self":[{"href":"https:\/\/antoniopascotto.it\/index.php?rest_route=\/wp\/v2\/posts\/1481"}],"collection":[{"href":"https:\/\/antoniopascotto.it\/index.php?rest_route=\/wp\/v2\/posts"}],"about":[{"href":"https:\/\/antoniopascotto.it\/index.php?rest_route=\/wp\/v2\/types\/post"}],"author":[{"embeddable":true,"href":"https:\/\/antoniopascotto.it\/index.php?rest_route=\/wp\/v2\/users\/2"}],"replies":[{"embeddable":true,"href":"https:\/\/antoniopascotto.it\/index.php?rest_route=%2Fwp%2Fv2%2Fcomments&post=1481"}],"version-history":[{"count":10,"href":"https:\/\/antoniopascotto.it\/index.php?rest_route=\/wp\/v2\/posts\/1481\/revisions"}],"predecessor-version":[{"id":1693,"href":"https:\/\/antoniopascotto.it\/index.php?rest_route=\/wp\/v2\/posts\/1481\/revisions\/1693"}],"wp:featuredmedia":[{"embeddable":true,"href":"https:\/\/antoniopascotto.it\/index.php?rest_route=\/wp\/v2\/media\/1482"}],"wp:attachment":[{"href":"https:\/\/antoniopascotto.it\/index.php?rest_route=%2Fwp%2Fv2%2Fmedia&parent=1481"}],"wp:term":[{"taxonomy":"category","embeddable":true,"href":"https:\/\/antoniopascotto.it\/index.php?rest_route=%2Fwp%2Fv2%2Fcategories&post=1481"},{"taxonomy":"post_tag","embeddable":true,"href":"https:\/\/antoniopascotto.it\/index.php?rest_route=%2Fwp%2Fv2%2Ftags&post=1481"}],"curies":[{"name":"wp","href":"https:\/\/api.w.org\/{rel}","templated":true}]}}