{"id":1474,"date":"2021-09-16T10:21:51","date_gmt":"2021-09-16T10:21:51","guid":{"rendered":"http:\/\/antoniopascotto.it\/?p=1474"},"modified":"2022-08-30T08:14:44","modified_gmt":"2022-08-30T08:14:44","slug":"andare-di-gomito","status":"publish","type":"post","link":"https:\/\/antoniopascotto.it\/?p=1474","title":{"rendered":"ANDARE DI GOMITO"},"content":{"rendered":"<p>Andare di gomito. Significa: eccedere nel bere, esagerare fino a diventare brilli. Non proprio ubriachi, ma alticci, quello si. Io, come molti altri, sono andato di gomito alla grande in tutto il periodo del Covid, tra lockdown, misure restrittive e comportamenti esemplari per combattere il virus. No, non fraintendiamoci. Non \u00e8 che durante la pandemia ho bevuto, o abbiamo bevuto, per innalzare le difese immunitarie o per dimenticare. Al supermercato non abbiamo fatto incetta di liquori, birre e vino. Piuttosto quando toccavamo, e tocchiamo ancora, qualcosa tra gli scaffali, lo facevamo, e lo facciamo, con il gomito. Si, andiamo di gomito, ecco, quello intendevo dire.<\/p>\n<p>Abbiamo imparato ad aprire con il gomito il portone del nostro palazzo. E con il gomito premiamo i pulsanti dell&#8217;ascensore. Per aprile la porta il movimento \u00e8 di quelli che in genere vengono premiati durante una gara di ballo. Uno spostamento dell&#8217;anca, una mezza giravolta e il gioco \u00e8 fatto. Siamo diventati bravi, ammettiamolo. Perch\u00e9 l&#8217;essere umano, quando necessit\u00e0 impone, \u00e8 capace di fare anche le cose pi\u00f9 impensabili. Come con il gomito. Ci salutiamo con il gomito, tocchiamo gli oggetti con il gomito, e con il gomito facciamo anche strani gesti per comunicare con gli altri. Si, \u00e8 vero, potremmo farlo con le mani, basta non toccarsi. Ma \u00e8 l&#8217;abitudine a prevalere.<\/p>\n<p>A forza di fare le cose con il gomito, per\u00f2, comincio ad avvertire qualche dolore. Non si tratta di lesione vera e propria. Me lo ha confermato il medico. Per\u00f2 la mia articolazione non \u00e8 pi\u00f9 la stessa. A volte provo dei fastidi, come se avessi messo sotto sforzo le braccia intere. Per non parlare della psoriasi e di quella specie di squame che compare proprio sui gomiti assumendo svariati colori, dal biancastro al grigio argento. Ma la psoriasi non \u00e8 contagiosa, ci consente di stare vicini agli altri senza rischiare la sua trasmissione. Al contrario del virus. E allora continuiamo ad andare di gomito, a toccare gli oggetti con quegli strani movimenti che a me ricordano l&#8217;Uomo Ragno. Lui lancia sfide a colpi di ragnatele. Noi lanciamo sfide a colpi di gomito. E combattiamo il nemico invisibile, che tanto invisibile non \u00e8 pi\u00f9. Siamo tutti Peter Parker, siamo tutti supereroi.<\/p>\n","protected":false},"excerpt":{"rendered":"<p>Andare di gomito. Significa: eccedere nel bere, esagerare fino a diventare brilli. Non proprio ubriachi, ma alticci, quello si. Io, come molti altri, sono andato di gomito alla grande in tutto il periodo del Covid, tra lockdown, misure restrittive e comportamenti esemplari per combattere il virus. No, non fraintendiamoci. Non \u00e8 che durante la pandemia [&hellip;]<\/p>\n","protected":false},"author":2,"featured_media":1475,"comment_status":"open","ping_status":"open","sticky":false,"template":"","format":"image","meta":{"advanced_seo_description":"","jetpack_seo_html_title":"","jetpack_seo_noindex":false,"jetpack_post_was_ever_published":false,"_jetpack_newsletter_access":"","jetpack_publicize_message":"","jetpack_is_tweetstorm":false,"jetpack_publicize_feature_enabled":true,"jetpack_social_post_already_shared":true,"jetpack_social_options":{"image_generator_settings":{"template":"highway","enabled":false}}},"categories":[37],"tags":[331,349,310],"jetpack_publicize_connections":[],"jetpack_featured_media_url":"https:\/\/i0.wp.com\/antoniopascotto.it\/wp-content\/uploads\/2021\/09\/gomito.jpg?fit=1824%2C840&ssl=1","jetpack_sharing_enabled":true,"jetpack_shortlink":"https:\/\/wp.me\/p8swp8-nM","jetpack-related-posts":[{"id":1270,"url":"https:\/\/antoniopascotto.it\/?p=1270","url_meta":{"origin":1474,"position":0},"title":"ERAVAMO FELICI MA ASINTOMATICI","author":"Antonio Pascotto","date":"Marzo 28, 2020","format":false,"excerpt":"Mi sembra di vivere in un incubo. Rinchiuso in casa, in piena pandemia. Riscopro le mie cose, riprendo tra le mani libri, fumetti. Rivedo vecchi film. Altri sono nuovi. Molti li avevo persi. Non posso andare a correre, ma ho il tapis roulant, e lo uso. Si che lo uso.\u2026","rel":"","context":"In &quot;Digitale&quot;","block_context":{"text":"Digitale","link":"https:\/\/antoniopascotto.it\/?cat=21"},"img":{"alt_text":"","src":"https:\/\/i0.wp.com\/antoniopascotto.it\/wp-content\/uploads\/2020\/03\/FOTO-DA-PEXELS.jpg?fit=1006%2C496&ssl=1&resize=350%2C200","width":350,"height":200},"classes":[]},{"id":1481,"url":"https:\/\/antoniopascotto.it\/?p=1481","url_meta":{"origin":1474,"position":1},"title":"EVENTI","author":"Antonio Pascotto","date":"Ottobre 10, 2021","format":false,"excerpt":"Penso a una serie di eventi che oramai fanno parte della storia, e sono accaduti durante il secolo scorso. E li abbiamo vissuti. E li ricordiamo quando oramai sono trascorsi oltre vent'anni dall'inizio del nuovo secolo. Sembra strano. E in effetti non capita a tutti vivere abbastanza intensamente una serie\u2026","rel":"","context":"In &quot;Avvenimenti&quot;","block_context":{"text":"Avvenimenti","link":"https:\/\/antoniopascotto.it\/?cat=211"},"img":{"alt_text":"","src":"https:\/\/i0.wp.com\/antoniopascotto.it\/wp-content\/uploads\/2021\/10\/de-chirico.png?fit=686%2C401&ssl=1&resize=350%2C200","width":350,"height":200},"classes":[]},{"id":1315,"url":"https:\/\/antoniopascotto.it\/?p=1315","url_meta":{"origin":1474,"position":2},"title":"RICORDI DEL LOCKDOWN","author":"Antonio Pascotto","date":"Maggio 23, 2020","format":"image","excerpt":"Facciamo in modo che rimangano solo dei ricordi. Lo dico ora. Lo far\u00f2 anche alla fine di questo mio post. Il lockdown \u00e8 finito. Si riparte. Riaprono le attivit\u00e0. Ma queste settimane di isolamento non le dimenticheremo mai. Per una serie di motivi. Tra i tanti, anche per la nostra\u2026","rel":"","context":"In &quot;Attualit\u00e0&quot;","block_context":{"text":"Attualit\u00e0","link":"https:\/\/antoniopascotto.it\/?cat=37"},"img":{"alt_text":"","src":"https:\/\/i0.wp.com\/antoniopascotto.it\/wp-content\/uploads\/2020\/05\/2020-05-23_133243.jpg?fit=686%2C362&ssl=1&resize=350%2C200","width":350,"height":200},"classes":[]},{"id":1424,"url":"https:\/\/antoniopascotto.it\/?p=1424","url_meta":{"origin":1474,"position":3},"title":"LA RESISTENZA","author":"Antonio Pascotto","date":"Febbraio 28, 2021","format":false,"excerpt":"Ci sono parole ricorrenti in questo momento particolare della nostra vita. Termini che ricordano battaglie all'ultimo sangue, conflitti, scontri. Il clima bellico pervade le nostre giornate, alle prese col tentativo di evitare contagi, tra consigli, non pochi, dei virologi, oracoli dei nostri tempi, e la speranza di poter fare al\u2026","rel":"","context":"In &quot;Attualit\u00e0&quot;","block_context":{"text":"Attualit\u00e0","link":"https:\/\/antoniopascotto.it\/?cat=37"},"img":{"alt_text":"","src":"https:\/\/i0.wp.com\/antoniopascotto.it\/wp-content\/uploads\/2021\/02\/2021-02-28_103009.png?fit=968%2C555&ssl=1&resize=350%2C200","width":350,"height":200},"classes":[]},{"id":1595,"url":"https:\/\/antoniopascotto.it\/?p=1595","url_meta":{"origin":1474,"position":4},"title":"LA GUERRA","author":"Antonio Pascotto","date":"Marzo 9, 2022","format":"image","excerpt":"Siamo passati dalla guerra al virus alla guerra vera. Stavolta il nemico non \u00e8 invisibile, stavolta il nemico \u00e8 l\u2019uomo stesso. Come se non bastassero le paure di questi ultimi anni, i timori per un attacco al nostro sistema immunitario. Ora l\u2019attacco arriva da un missile o da una bomba\u2026","rel":"","context":"In &quot;Attualit\u00e0&quot;","block_context":{"text":"Attualit\u00e0","link":"https:\/\/antoniopascotto.it\/?cat=37"},"img":{"alt_text":"","src":"https:\/\/i0.wp.com\/antoniopascotto.it\/wp-content\/uploads\/2022\/03\/2022-03-09_203137.png?fit=681%2C377&ssl=1&resize=350%2C200","width":350,"height":200},"classes":[]},{"id":1284,"url":"https:\/\/antoniopascotto.it\/?p=1284","url_meta":{"origin":1474,"position":5},"title":"IL CIELO IN UNA STANZA","author":"Antonio Pascotto","date":"Aprile 15, 2020","format":"image","excerpt":"\u00a0 Mi guardo attorno e osservo con particolare attenzione la mia stanza come mai prima d\u2019ora. I quadri appesi al muro, le foto nelle cornici, i libri, gli appunti sulla scrivania, i computer. Ne ho pi\u00f9 di uno, e spesso sono accesi tutti nello stesso momento. Ho un bel balcone\u2026","rel":"","context":"In &quot;Digitale&quot;","block_context":{"text":"Digitale","link":"https:\/\/antoniopascotto.it\/?cat=21"},"img":{"alt_text":"","src":"https:\/\/i0.wp.com\/antoniopascotto.it\/wp-content\/uploads\/2020\/04\/2020-04-15_101148.jpg?fit=941%2C457&ssl=1&resize=350%2C200","width":350,"height":200},"classes":[]}],"_links":{"self":[{"href":"https:\/\/antoniopascotto.it\/index.php?rest_route=\/wp\/v2\/posts\/1474"}],"collection":[{"href":"https:\/\/antoniopascotto.it\/index.php?rest_route=\/wp\/v2\/posts"}],"about":[{"href":"https:\/\/antoniopascotto.it\/index.php?rest_route=\/wp\/v2\/types\/post"}],"author":[{"embeddable":true,"href":"https:\/\/antoniopascotto.it\/index.php?rest_route=\/wp\/v2\/users\/2"}],"replies":[{"embeddable":true,"href":"https:\/\/antoniopascotto.it\/index.php?rest_route=%2Fwp%2Fv2%2Fcomments&post=1474"}],"version-history":[{"count":1,"href":"https:\/\/antoniopascotto.it\/index.php?rest_route=\/wp\/v2\/posts\/1474\/revisions"}],"predecessor-version":[{"id":1476,"href":"https:\/\/antoniopascotto.it\/index.php?rest_route=\/wp\/v2\/posts\/1474\/revisions\/1476"}],"wp:featuredmedia":[{"embeddable":true,"href":"https:\/\/antoniopascotto.it\/index.php?rest_route=\/wp\/v2\/media\/1475"}],"wp:attachment":[{"href":"https:\/\/antoniopascotto.it\/index.php?rest_route=%2Fwp%2Fv2%2Fmedia&parent=1474"}],"wp:term":[{"taxonomy":"category","embeddable":true,"href":"https:\/\/antoniopascotto.it\/index.php?rest_route=%2Fwp%2Fv2%2Fcategories&post=1474"},{"taxonomy":"post_tag","embeddable":true,"href":"https:\/\/antoniopascotto.it\/index.php?rest_route=%2Fwp%2Fv2%2Ftags&post=1474"}],"curies":[{"name":"wp","href":"https:\/\/api.w.org\/{rel}","templated":true}]}}