{"id":1463,"date":"2021-09-10T22:31:57","date_gmt":"2021-09-10T22:31:57","guid":{"rendered":"http:\/\/antoniopascotto.it\/?p=1463"},"modified":"2023-06-27T06:52:28","modified_gmt":"2023-06-27T06:52:28","slug":"quei-giorni-a-new-york-la-citta-degli-eroi","status":"publish","type":"post","link":"https:\/\/antoniopascotto.it\/?p=1463","title":{"rendered":"QUEI GIORNI A NEW YORK, LA CITTA&#8217; DEGLI EROI"},"content":{"rendered":"<p><span style=\"color: #050505;\"><span style=\"font-family: 'Segoe UI Historic', 'Segoe UI', Helvetica, Arial, sans-serif;\"><span style=\"font-size: medium;\">Fui catapultato\u00a0a New York\u00a0nei giorni immediatamente successivi all&#8217;attacco alle Torri Gemelle. L&#8217;attesa di 16 ore nell&#8217;aeroporto di Fiumicino, poi finalmente il volo Alitalia che ci port\u00f2 nella citt\u00e0 martoriata, da sempre al centro del mondo, ma in quel momento ancora di pi\u00f9. Ci sentivamo tutti cittadini della Grande Mela. Arrivai di notte, ma era come se fosse stato giorno. Il cielo era illuminato dalle fotoelettriche puntate su Ground Zero. Le sagome dei grattacieli, visti da lontano, sembravano la scenografia di un film. Imponenti e affascinanti allo stesso tempo, nonostante tutto.<\/span><\/span><\/span><\/p>\n<p><img data-attachment-id=\"1465\" data-permalink=\"https:\/\/antoniopascotto.it\/?attachment_id=1465\" data-orig-file=\"https:\/\/i0.wp.com\/antoniopascotto.it\/wp-content\/uploads\/2021\/09\/21433195_10214025861749387_8757155269243064577_n.jpg?fit=640%2C360&amp;ssl=1\" data-orig-size=\"640,360\" data-comments-opened=\"1\" data-image-meta=\"{&quot;aperture&quot;:&quot;0&quot;,&quot;credit&quot;:&quot;&quot;,&quot;camera&quot;:&quot;&quot;,&quot;caption&quot;:&quot;&quot;,&quot;created_timestamp&quot;:&quot;0&quot;,&quot;copyright&quot;:&quot;&quot;,&quot;focal_length&quot;:&quot;0&quot;,&quot;iso&quot;:&quot;0&quot;,&quot;shutter_speed&quot;:&quot;0&quot;,&quot;title&quot;:&quot;&quot;,&quot;orientation&quot;:&quot;0&quot;}\" data-image-title=\"21433195_10214025861749387_8757155269243064577_n\" data-image-description=\"\" data-image-caption=\"\" data-medium-file=\"https:\/\/i0.wp.com\/antoniopascotto.it\/wp-content\/uploads\/2021\/09\/21433195_10214025861749387_8757155269243064577_n.jpg?fit=300%2C169&amp;ssl=1\" data-large-file=\"https:\/\/i0.wp.com\/antoniopascotto.it\/wp-content\/uploads\/2021\/09\/21433195_10214025861749387_8757155269243064577_n.jpg?fit=640%2C360&amp;ssl=1\" decoding=\"async\" loading=\"lazy\" class=\"alignleft size-medium wp-image-1465\" src=\"https:\/\/i0.wp.com\/antoniopascotto.it\/wp-content\/uploads\/2021\/09\/21433195_10214025861749387_8757155269243064577_n.jpg?resize=300%2C169\" alt=\"\" width=\"300\" height=\"169\" srcset=\"https:\/\/i0.wp.com\/antoniopascotto.it\/wp-content\/uploads\/2021\/09\/21433195_10214025861749387_8757155269243064577_n.jpg?resize=300%2C169&amp;ssl=1 300w, https:\/\/i0.wp.com\/antoniopascotto.it\/wp-content\/uploads\/2021\/09\/21433195_10214025861749387_8757155269243064577_n.jpg?w=640&amp;ssl=1 640w\" sizes=\"(max-width: 300px) 100vw, 300px\" data-recalc-dims=\"1\" \/><\/p>\n<p><span style=\"color: #050505;\"><span style=\"font-family: 'Segoe UI Historic', 'Segoe UI', Helvetica, Arial, sans-serif;\"><span style=\"font-size: medium;\">Nella mente tornarono subito le immagini degli aerei che si erano andati a schiantare sulle Torri. L&#8217;11 settembre mi trovavo al largo del golfo di Napoli, a bordo della Nave Garibaldi. C&#8217;era un&#8217;esercitazione dei mezzi aerei e navali dell&#8217;Alleanza Nato. Dovevo realizzare uno speciale per Rete4. Poi, all&#8217;improvviso, ci dissero che dovevamo tornare a Capodichino. Con un elicottero fummo trasferiti in aeroporto nel giro di mezz&#8217;ora. Tornai in redazione, a Casoria, per montare quel servizio che poi non sarebbe mai pi\u00f9 andato in onda. Mi chiamarono da Milano per dirmi di fermare tutto. Un aereo era precipitato su una delle Torri, al centro di Manhattan. Non era ancora chiaro se si trattava di un incidente o di un attentato. Poi, come tutti, mi resi conto che in diretta televisiva si stava consumando l&#8217;attacco che avrebbe cambiato il mondo, e che da quel momento ci avrebbe fatto sentire pi\u00f9 deboli e indifesi. L&#8217;America era stata colpita al cuore, e con lei il resto del mondo.<\/span><\/span><\/span><\/p>\n<p><img data-attachment-id=\"1466\" data-permalink=\"https:\/\/antoniopascotto.it\/?attachment_id=1466\" data-orig-file=\"https:\/\/i0.wp.com\/antoniopascotto.it\/wp-content\/uploads\/2021\/09\/21557511_10214025851829139_29302886058556142_n.jpg?fit=460%2C345&amp;ssl=1\" data-orig-size=\"460,345\" data-comments-opened=\"1\" data-image-meta=\"{&quot;aperture&quot;:&quot;0&quot;,&quot;credit&quot;:&quot;&quot;,&quot;camera&quot;:&quot;&quot;,&quot;caption&quot;:&quot;&quot;,&quot;created_timestamp&quot;:&quot;0&quot;,&quot;copyright&quot;:&quot;&quot;,&quot;focal_length&quot;:&quot;0&quot;,&quot;iso&quot;:&quot;0&quot;,&quot;shutter_speed&quot;:&quot;0&quot;,&quot;title&quot;:&quot;&quot;,&quot;orientation&quot;:&quot;0&quot;}\" data-image-title=\"21557511_10214025851829139_29302886058556142_n\" data-image-description=\"\" data-image-caption=\"\" data-medium-file=\"https:\/\/i0.wp.com\/antoniopascotto.it\/wp-content\/uploads\/2021\/09\/21557511_10214025851829139_29302886058556142_n.jpg?fit=300%2C225&amp;ssl=1\" data-large-file=\"https:\/\/i0.wp.com\/antoniopascotto.it\/wp-content\/uploads\/2021\/09\/21557511_10214025851829139_29302886058556142_n.jpg?fit=460%2C345&amp;ssl=1\" decoding=\"async\" loading=\"lazy\" class=\"alignleft size-medium wp-image-1466\" src=\"https:\/\/i0.wp.com\/antoniopascotto.it\/wp-content\/uploads\/2021\/09\/21557511_10214025851829139_29302886058556142_n.jpg?resize=300%2C225\" alt=\"\" width=\"300\" height=\"225\" srcset=\"https:\/\/i0.wp.com\/antoniopascotto.it\/wp-content\/uploads\/2021\/09\/21557511_10214025851829139_29302886058556142_n.jpg?resize=300%2C225&amp;ssl=1 300w, https:\/\/i0.wp.com\/antoniopascotto.it\/wp-content\/uploads\/2021\/09\/21557511_10214025851829139_29302886058556142_n.jpg?w=460&amp;ssl=1 460w\" sizes=\"(max-width: 300px) 100vw, 300px\" data-recalc-dims=\"1\" \/><\/p>\n<p><span style=\"color: #050505;\"><span style=\"font-family: 'Segoe UI Historic', 'Segoe UI', Helvetica, Arial, sans-serif;\"><span style=\"font-size: medium;\">Non vedevo l&#8217;ora di recarmi a Ground Zero. Ma l&#8217;intera area era blindatissima. Praticamente impossibile accedere ai varchi. Eppure, anche a distanza di due chilometri dal perimetro dell&#8217;attentato, si avvertiva in maniera distinta un&#8217;aria irrespirabile. Un odore mai sentito prima, difficile da dimenticare. Ero a pochi metri dal cratere, e solo allora mi resi effettivamente conto che quello era l&#8217;odore della morte, della distruzione. Si stava materializzando tutto quello che fino a quel momento avevo visto in televisione. E poi letto sui giornali. La prima cosa che feci fu quella di sentire i cittadini che abitavano a ridosso del World Trade Center. Raccolsi le testimonianze di chi aveva vissuto da vicino il crollo dei grattacieli simbolo di New York.<\/span><\/span><\/span><\/p>\n<p><img data-attachment-id=\"1468\" data-permalink=\"https:\/\/antoniopascotto.it\/?attachment_id=1468\" data-orig-file=\"https:\/\/i0.wp.com\/antoniopascotto.it\/wp-content\/uploads\/2021\/09\/21462789_10214025853029169_5250595660294343208_n.jpg?fit=460%2C345&amp;ssl=1\" data-orig-size=\"460,345\" data-comments-opened=\"1\" data-image-meta=\"{&quot;aperture&quot;:&quot;0&quot;,&quot;credit&quot;:&quot;&quot;,&quot;camera&quot;:&quot;&quot;,&quot;caption&quot;:&quot;&quot;,&quot;created_timestamp&quot;:&quot;0&quot;,&quot;copyright&quot;:&quot;&quot;,&quot;focal_length&quot;:&quot;0&quot;,&quot;iso&quot;:&quot;0&quot;,&quot;shutter_speed&quot;:&quot;0&quot;,&quot;title&quot;:&quot;&quot;,&quot;orientation&quot;:&quot;0&quot;}\" data-image-title=\"21462789_10214025853029169_5250595660294343208_n\" data-image-description=\"\" data-image-caption=\"\" data-medium-file=\"https:\/\/i0.wp.com\/antoniopascotto.it\/wp-content\/uploads\/2021\/09\/21462789_10214025853029169_5250595660294343208_n.jpg?fit=300%2C225&amp;ssl=1\" data-large-file=\"https:\/\/i0.wp.com\/antoniopascotto.it\/wp-content\/uploads\/2021\/09\/21462789_10214025853029169_5250595660294343208_n.jpg?fit=460%2C345&amp;ssl=1\" decoding=\"async\" loading=\"lazy\" class=\"alignleft size-medium wp-image-1468\" src=\"https:\/\/i0.wp.com\/antoniopascotto.it\/wp-content\/uploads\/2021\/09\/21462789_10214025853029169_5250595660294343208_n.jpg?resize=300%2C225\" alt=\"\" width=\"300\" height=\"225\" srcset=\"https:\/\/i0.wp.com\/antoniopascotto.it\/wp-content\/uploads\/2021\/09\/21462789_10214025853029169_5250595660294343208_n.jpg?resize=300%2C225&amp;ssl=1 300w, https:\/\/i0.wp.com\/antoniopascotto.it\/wp-content\/uploads\/2021\/09\/21462789_10214025853029169_5250595660294343208_n.jpg?w=460&amp;ssl=1 460w\" sizes=\"(max-width: 300px) 100vw, 300px\" data-recalc-dims=\"1\" \/><\/p>\n<p><span style=\"color: #050505;\"><span style=\"font-family: 'Segoe UI Historic', 'Segoe UI', Helvetica, Arial, sans-serif;\"><span style=\"font-size: medium;\">Tentai pi\u00f9 volte di varcare l&#8217;area sorvegliata dai poliziotti che avevano il volto coperto da maschere antigas. Ci misi qualche giorno prima di potervi accedere. Grazie a un mio amico, responsabile dei servizi informatici della Msc, che aveva un ufficio in un grattacielo accanto alle Twin Towers, riusc\u00ec a vedere e filmare dall&#8217;alto quello che era rimasto dei simboli della citt\u00e0. Sotto di me l&#8217;inferno. Era un cratere di polvere, cemento e resti umani. I vigili del Fuoco scavavano tra le macerie giorno e notte. Tra le vittime c&#8217;erano anche molti colleghi. Avevano perso la vita nel tentativo di salvare quella di altre persone.<\/span><\/span><\/span><\/p>\n<p><img data-attachment-id=\"1467\" data-permalink=\"https:\/\/antoniopascotto.it\/?attachment_id=1467\" data-orig-file=\"https:\/\/i0.wp.com\/antoniopascotto.it\/wp-content\/uploads\/2021\/09\/21686394_10214025857549282_5024432284560383920_n.jpg?fit=460%2C345&amp;ssl=1\" data-orig-size=\"460,345\" data-comments-opened=\"1\" data-image-meta=\"{&quot;aperture&quot;:&quot;0&quot;,&quot;credit&quot;:&quot;&quot;,&quot;camera&quot;:&quot;&quot;,&quot;caption&quot;:&quot;&quot;,&quot;created_timestamp&quot;:&quot;0&quot;,&quot;copyright&quot;:&quot;&quot;,&quot;focal_length&quot;:&quot;0&quot;,&quot;iso&quot;:&quot;0&quot;,&quot;shutter_speed&quot;:&quot;0&quot;,&quot;title&quot;:&quot;&quot;,&quot;orientation&quot;:&quot;0&quot;}\" data-image-title=\"21686394_10214025857549282_5024432284560383920_n\" data-image-description=\"\" data-image-caption=\"\" data-medium-file=\"https:\/\/i0.wp.com\/antoniopascotto.it\/wp-content\/uploads\/2021\/09\/21686394_10214025857549282_5024432284560383920_n.jpg?fit=300%2C225&amp;ssl=1\" data-large-file=\"https:\/\/i0.wp.com\/antoniopascotto.it\/wp-content\/uploads\/2021\/09\/21686394_10214025857549282_5024432284560383920_n.jpg?fit=460%2C345&amp;ssl=1\" decoding=\"async\" loading=\"lazy\" class=\"alignleft size-medium wp-image-1467\" src=\"https:\/\/i0.wp.com\/antoniopascotto.it\/wp-content\/uploads\/2021\/09\/21686394_10214025857549282_5024432284560383920_n.jpg?resize=300%2C225\" alt=\"\" width=\"300\" height=\"225\" srcset=\"https:\/\/i0.wp.com\/antoniopascotto.it\/wp-content\/uploads\/2021\/09\/21686394_10214025857549282_5024432284560383920_n.jpg?resize=300%2C225&amp;ssl=1 300w, https:\/\/i0.wp.com\/antoniopascotto.it\/wp-content\/uploads\/2021\/09\/21686394_10214025857549282_5024432284560383920_n.jpg?w=460&amp;ssl=1 460w\" sizes=\"(max-width: 300px) 100vw, 300px\" data-recalc-dims=\"1\" \/><\/p>\n<p><span style=\"color: #050505;\"><span style=\"font-family: 'Segoe UI Historic', 'Segoe UI', Helvetica, Arial, sans-serif;\"><span style=\"font-size: medium;\">Ero stato al funerale collettivo di alcuni di loro, poco fuori Manhattan. Un funerale senza bare, perch\u00e9 i corpi non erano stati trovati. C&#8217;erano solo le foto per piangere e ricordarli. Alle vittime, ma anche a tutti quelli che ancora stavano scavando tra la polvere del World Trade Center, era dedicato un grande tabellone posto proprio all&#8217;ingresso di New York: Welcome to the city of heroes. Benvenuti nella citt\u00e0 degli eroi. Sono trascorsi 20 anni, e ancora oggi il mio pensiero va alle vittime dell&#8217;attentato e a quegli eroi.<\/span><\/span><\/span><\/p>\n<p><img data-attachment-id=\"1469\" data-permalink=\"https:\/\/antoniopascotto.it\/?attachment_id=1469\" data-orig-file=\"https:\/\/i0.wp.com\/antoniopascotto.it\/wp-content\/uploads\/2021\/09\/21432991_10214025862989418_8606232482353898460_n.jpg?fit=460%2C345&amp;ssl=1\" data-orig-size=\"460,345\" data-comments-opened=\"1\" data-image-meta=\"{&quot;aperture&quot;:&quot;0&quot;,&quot;credit&quot;:&quot;&quot;,&quot;camera&quot;:&quot;&quot;,&quot;caption&quot;:&quot;&quot;,&quot;created_timestamp&quot;:&quot;0&quot;,&quot;copyright&quot;:&quot;&quot;,&quot;focal_length&quot;:&quot;0&quot;,&quot;iso&quot;:&quot;0&quot;,&quot;shutter_speed&quot;:&quot;0&quot;,&quot;title&quot;:&quot;&quot;,&quot;orientation&quot;:&quot;0&quot;}\" data-image-title=\"21432991_10214025862989418_8606232482353898460_n\" data-image-description=\"\" data-image-caption=\"\" data-medium-file=\"https:\/\/i0.wp.com\/antoniopascotto.it\/wp-content\/uploads\/2021\/09\/21432991_10214025862989418_8606232482353898460_n.jpg?fit=300%2C225&amp;ssl=1\" data-large-file=\"https:\/\/i0.wp.com\/antoniopascotto.it\/wp-content\/uploads\/2021\/09\/21432991_10214025862989418_8606232482353898460_n.jpg?fit=460%2C345&amp;ssl=1\" decoding=\"async\" loading=\"lazy\" class=\"alignleft size-medium wp-image-1469\" src=\"https:\/\/i0.wp.com\/antoniopascotto.it\/wp-content\/uploads\/2021\/09\/21432991_10214025862989418_8606232482353898460_n.jpg?resize=300%2C225\" alt=\"\" width=\"300\" height=\"225\" srcset=\"https:\/\/i0.wp.com\/antoniopascotto.it\/wp-content\/uploads\/2021\/09\/21432991_10214025862989418_8606232482353898460_n.jpg?resize=300%2C225&amp;ssl=1 300w, https:\/\/i0.wp.com\/antoniopascotto.it\/wp-content\/uploads\/2021\/09\/21432991_10214025862989418_8606232482353898460_n.jpg?w=460&amp;ssl=1 460w\" sizes=\"(max-width: 300px) 100vw, 300px\" data-recalc-dims=\"1\" \/><\/p>\n","protected":false},"excerpt":{"rendered":"<p>Fui catapultato\u00a0a New York\u00a0nei giorni immediatamente successivi all&#8217;attacco alle Torri Gemelle. L&#8217;attesa di 16 ore nell&#8217;aeroporto di Fiumicino, poi finalmente il volo Alitalia che ci port\u00f2 nella citt\u00e0 martoriata, da sempre al centro del mondo, ma in quel momento ancora di pi\u00f9. Ci sentivamo tutti cittadini della Grande Mela. Arrivai di notte, ma era come [&hellip;]<\/p>\n","protected":false},"author":2,"featured_media":1464,"comment_status":"open","ping_status":"open","sticky":false,"template":"","format":"image","meta":{"advanced_seo_description":"","jetpack_seo_html_title":"","jetpack_seo_noindex":false,"jetpack_post_was_ever_published":false,"_jetpack_newsletter_access":"","jetpack_publicize_message":"","jetpack_is_tweetstorm":false,"jetpack_publicize_feature_enabled":true,"jetpack_social_post_already_shared":true,"jetpack_social_options":{"image_generator_settings":{"template":"highway","enabled":false}}},"categories":[213,22,212],"tags":[346,82,348,80,81,347],"jetpack_publicize_connections":[],"jetpack_featured_media_url":"https:\/\/i0.wp.com\/antoniopascotto.it\/wp-content\/uploads\/2021\/09\/20729571_10214025851469130_743593202763141375_n.jpg?fit=460%2C345&ssl=1","jetpack_sharing_enabled":true,"jetpack_shortlink":"https:\/\/wp.me\/p8swp8-nB","jetpack-related-posts":[{"id":365,"url":"https:\/\/antoniopascotto.it\/?p=365","url_meta":{"origin":1463,"position":0},"title":"NEW YORK 2001-2017 LA CITTA&#8217; DEGLI EROI","author":"Antonio Pascotto","date":"Settembre 11, 2017","format":"gallery","excerpt":"Sono trascorsi 16 anni ma sembra ieri. L\u2019arrivo di notte, in una citt\u00e0 illuminata dalle fotoelettriche puntate su Ground Zero. O meglio, su quello che era rimasto del World Trade Center: Lower Manhattan, New York, il centro del mondo. Le sagome dei grattacieli sembravano finte. Imponenti, anche affascinanti se non\u2026","rel":"","context":"In &quot;Attualit\u00e0&quot;","block_context":{"text":"Attualit\u00e0","link":"https:\/\/antoniopascotto.it\/?cat=37"},"img":{"alt_text":"","src":"https:\/\/i0.wp.com\/antoniopascotto.it\/wp-content\/uploads\/2017\/09\/Istantanea-9-11-09-2016-01-21.png?fit=460%2C345&ssl=1&resize=350%2C200","width":350,"height":200},"classes":[]},{"id":1481,"url":"https:\/\/antoniopascotto.it\/?p=1481","url_meta":{"origin":1463,"position":1},"title":"EVENTI","author":"Antonio Pascotto","date":"Ottobre 10, 2021","format":false,"excerpt":"Penso a una serie di eventi che oramai fanno parte della storia, e sono accaduti durante il secolo scorso. E li abbiamo vissuti. E li ricordiamo quando oramai sono trascorsi oltre vent'anni dall'inizio del nuovo secolo. Sembra strano. E in effetti non capita a tutti vivere abbastanza intensamente una serie\u2026","rel":"","context":"In &quot;Avvenimenti&quot;","block_context":{"text":"Avvenimenti","link":"https:\/\/antoniopascotto.it\/?cat=211"},"img":{"alt_text":"","src":"https:\/\/i0.wp.com\/antoniopascotto.it\/wp-content\/uploads\/2021\/10\/de-chirico.png?fit=686%2C401&ssl=1&resize=350%2C200","width":350,"height":200},"classes":[]},{"id":2085,"url":"https:\/\/antoniopascotto.it\/?p=2085","url_meta":{"origin":1463,"position":2},"title":"ROMANZO DIGITALE. IL NUOVO LIBRO DI ANTONIO PASCOTTO PRESENTATO A BANCA GENERALI DI ROMA","author":"Antonio Pascotto","date":"Gennaio 26, 2026","format":"image","excerpt":"ROMA \u2013 Un nuovo appuntamento con il pubblico per Antonio Pascotto e il suo Romanzo Digitale. Nella sala riunioni di Banca Generali, a Roma, il giornalista Mediaset ha presentato il libro, edito da Jolly Roger, che affronta una serie di temi analizzati con gli interventi di Sara Manfuso, firma del\u2026","rel":"","context":"In &quot;Intelligenza Artificiale&quot;","block_context":{"text":"Intelligenza Artificiale","link":"https:\/\/antoniopascotto.it\/?cat=400"},"img":{"alt_text":"","src":"https:\/\/i0.wp.com\/antoniopascotto.it\/wp-content\/uploads\/2024\/09\/2024-09-24_100235.jpg?fit=904%2C331&ssl=1&resize=350%2C200","width":350,"height":200},"classes":[]},{"id":1241,"url":"https:\/\/antoniopascotto.it\/?p=1241","url_meta":{"origin":1463,"position":3},"title":"LE NOSTRE PAURE","author":"Antonio Pascotto","date":"Marzo 4, 2020","format":"image","excerpt":"Abbiamo paura, e nell\u2019averla mettiamo in evidenza tutte le nostre debolezze. Che sia il terrorismo islamico o il timore di un contagio da coronavirus alla fine dobbiamo ammetterlo: siamo in preda a qualcosa che \u00e8 sempre pi\u00f9 grande di noi, e quasi sempre non abbiamo modo di alzare le nostre\u2026","rel":"","context":"In &quot;Attualit\u00e0&quot;","block_context":{"text":"Attualit\u00e0","link":"https:\/\/antoniopascotto.it\/?cat=37"},"img":{"alt_text":"","src":"https:\/\/i0.wp.com\/antoniopascotto.it\/wp-content\/uploads\/2020\/03\/2020-03-04_051853.jpg?fit=1156%2C532&ssl=1&resize=350%2C200","width":350,"height":200},"classes":[]},{"id":1424,"url":"https:\/\/antoniopascotto.it\/?p=1424","url_meta":{"origin":1463,"position":4},"title":"LA RESISTENZA","author":"Antonio Pascotto","date":"Febbraio 28, 2021","format":false,"excerpt":"Ci sono parole ricorrenti in questo momento particolare della nostra vita. Termini che ricordano battaglie all'ultimo sangue, conflitti, scontri. Il clima bellico pervade le nostre giornate, alle prese col tentativo di evitare contagi, tra consigli, non pochi, dei virologi, oracoli dei nostri tempi, e la speranza di poter fare al\u2026","rel":"","context":"In &quot;Attualit\u00e0&quot;","block_context":{"text":"Attualit\u00e0","link":"https:\/\/antoniopascotto.it\/?cat=37"},"img":{"alt_text":"","src":"https:\/\/i0.wp.com\/antoniopascotto.it\/wp-content\/uploads\/2021\/02\/2021-02-28_103009.png?fit=968%2C555&ssl=1&resize=350%2C200","width":350,"height":200},"classes":[]},{"id":752,"url":"https:\/\/antoniopascotto.it\/?p=752","url_meta":{"origin":1463,"position":5},"title":"LE PREVISIONI DEL TEMPO","author":"Antonio Pascotto","date":"Luglio 30, 2018","format":"image","excerpt":"La testa china sul telefonino, stretto stretto tra le mani. Siamo ansiosi, nervosi. Per la ventesima volta nel giro di un quarto d'ora verifichiamo il sito meteo per capire se davvero quel giorno piover\u00e0. Eppure mancano quasi due settimane. Ma noi abbiamo gi\u00e0 prenotato la vacanza. Forse piover\u00e0, forse no.\u2026","rel":"","context":"In &quot;Riflessioni&quot;","block_context":{"text":"Riflessioni","link":"https:\/\/antoniopascotto.it\/?cat=231"},"img":{"alt_text":"","src":"https:\/\/i0.wp.com\/antoniopascotto.it\/wp-content\/uploads\/2018\/07\/PREVISIONI-DEL-TEMPO.jpg?fit=630%2C357&ssl=1&resize=350%2C200","width":350,"height":200},"classes":[]}],"_links":{"self":[{"href":"https:\/\/antoniopascotto.it\/index.php?rest_route=\/wp\/v2\/posts\/1463"}],"collection":[{"href":"https:\/\/antoniopascotto.it\/index.php?rest_route=\/wp\/v2\/posts"}],"about":[{"href":"https:\/\/antoniopascotto.it\/index.php?rest_route=\/wp\/v2\/types\/post"}],"author":[{"embeddable":true,"href":"https:\/\/antoniopascotto.it\/index.php?rest_route=\/wp\/v2\/users\/2"}],"replies":[{"embeddable":true,"href":"https:\/\/antoniopascotto.it\/index.php?rest_route=%2Fwp%2Fv2%2Fcomments&post=1463"}],"version-history":[{"count":5,"href":"https:\/\/antoniopascotto.it\/index.php?rest_route=\/wp\/v2\/posts\/1463\/revisions"}],"predecessor-version":[{"id":1691,"href":"https:\/\/antoniopascotto.it\/index.php?rest_route=\/wp\/v2\/posts\/1463\/revisions\/1691"}],"wp:featuredmedia":[{"embeddable":true,"href":"https:\/\/antoniopascotto.it\/index.php?rest_route=\/wp\/v2\/media\/1464"}],"wp:attachment":[{"href":"https:\/\/antoniopascotto.it\/index.php?rest_route=%2Fwp%2Fv2%2Fmedia&parent=1463"}],"wp:term":[{"taxonomy":"category","embeddable":true,"href":"https:\/\/antoniopascotto.it\/index.php?rest_route=%2Fwp%2Fv2%2Fcategories&post=1463"},{"taxonomy":"post_tag","embeddable":true,"href":"https:\/\/antoniopascotto.it\/index.php?rest_route=%2Fwp%2Fv2%2Ftags&post=1463"}],"curies":[{"name":"wp","href":"https:\/\/api.w.org\/{rel}","templated":true}]}}