{"id":1454,"date":"2021-06-09T20:32:29","date_gmt":"2021-06-09T20:32:29","guid":{"rendered":"http:\/\/antoniopascotto.it\/?p=1454"},"modified":"2023-06-27T06:55:20","modified_gmt":"2023-06-27T06:55:20","slug":"senza-internet","status":"publish","type":"post","link":"https:\/\/antoniopascotto.it\/?p=1454","title":{"rendered":"SENZA INTERNET"},"content":{"rendered":"<p>Un blackout della Rete. Senza Internet per un\u2019ora circa. E sembrava la fine del mondo. Sul Web si sono accavallate voci preoccupanti e per nulla senza fondamento. Alle dieci di mattina eravamo tutti disorientati e impauriti. Nel panico. La causa del crollo, forse, dovuta a un guasto, un problema tecnico di Fastly, azienda americana che mette a disposizione le Content delivery network, Cdn, reti di server che consentono una distribuzione veloce dei contenuti. Ma sui siti, quando \u00e8 stato possibile vederli, si era parlato di un attacco cyber di portata mondiale.<\/p>\n<p>Nelle stesse ore l\u2019Fbi, in collaborazione con una serie di agenzie investigative come Europol, smantellava una organizzazione utilizzata da malviventi per scopi non precisati. Dunque, un attacco da parte degli hacker era anche plausibile. Per giunta in un momento particolarmente difficile per gli equilibri internazionali, con i Paesi di tutto il pianeta ancora alle prese con la pandemia. E con giganti come Cnn, Twitch, Guardian, Amazon, Hulu, Reddit, Shopify, Bbc, Vimeo e PayPal irrangiungibili per un tempo piuttosto lungo. Ma non \u00e8 questa la cosa pi\u00f9 importante. Piuttosto, di fronte alla debacle della Rete, ci siamo sentiti tutti, ancora una volta, confusi, deboli, destabilizzati, vulnerabili.<\/p>\n<p>La paura di rimanere senza Internet si \u00e8 ripetuta ancora una volta. 4 ottobre 2021. il mondo si \u00e8 fermato di nuovo alle 17 e 30 circa.<br \/>\nSul telefonino la rotellina ha cominciato a girare proprio mentre stavo per mandare un messaggino sulla chat dei colleghi. Oramai utilizziamo WhatsApp per lavoro. Ci scriviamo a tutte le ore: comunichiamo ordini di servizio, appuntamenti, scadenze. Nel rendermi conto che nessuno leggeva quello che avevo scritto mi sono sentito perso. Come se all\u2019improvviso non interessasse pi\u00f9 nulla di quello che dicevo o che si doveva fare. Attorno solo il buio e il silenzio. Si sono bloccati insieme WhatsApp, Messenger e i social pi\u00f9 frequentati, Facebook e Instagram. Insomma il pianeta Zuckerberg \u00e8 andato in tilt. Un blackout lungo quasi sette ore. Un\u2019eternit\u00e0. Funzionava Twitter, ma non \u00e8 bastato a consolare 3 miliardi e mezzo di persone disorientate e impaurite per l\u2019interruzione dei loro dispositivi con i siti di Menlo Park. Un guasto che ha gettato nel panico lo stesso colosso del Web, Zuckerberg, e i manager del gruppo. Poi tutti a chiedere scusa, e a calcolare i danni per quello che stava succedendo. Ma a provocare il disagio pi\u00f9 forte \u00e8 stata la consapevolezza di quanto potesse essere potente la presenza di queste piattaforme nella vita di tanti individui che all\u2019improvviso hanno avuto la percezione di non avere le difese immunitarie necessarie per sopravvivere al blackout digitale.&nbsp;E cos\u00ec, dai timori per i pericoli del Covid, siamo passati, anche se solo per qualche ora, alla paura per il virus tecnologico.<\/p>\n","protected":false},"excerpt":{"rendered":"<p>Un blackout della Rete. Senza Internet per un\u2019ora circa. E sembrava la fine del mondo. Sul Web si sono accavallate voci preoccupanti e per nulla senza fondamento. Alle dieci di mattina eravamo tutti disorientati e impauriti. Nel panico. La causa del crollo, forse, dovuta a un guasto, un problema tecnico di Fastly, azienda americana che [&hellip;]<\/p>\n","protected":false},"author":2,"featured_media":1455,"comment_status":"open","ping_status":"open","sticky":false,"template":"","format":"image","meta":{"advanced_seo_description":"","jetpack_seo_html_title":"","jetpack_seo_noindex":false,"jetpack_post_was_ever_published":false,"_jetpack_newsletter_access":"","jetpack_publicize_message":"","jetpack_is_tweetstorm":false,"jetpack_publicize_feature_enabled":true,"jetpack_social_post_already_shared":true,"jetpack_social_options":{"image_generator_settings":{"template":"highway","enabled":false}}},"categories":[21,262,3,5],"tags":[344,345,65,66,24],"jetpack_publicize_connections":[],"jetpack_featured_media_url":"https:\/\/i0.wp.com\/antoniopascotto.it\/wp-content\/uploads\/2021\/06\/SENZA-INTERNET-COPERTINA.png?fit=879%2C448&ssl=1","jetpack_sharing_enabled":true,"jetpack_shortlink":"https:\/\/wp.me\/p8swp8-ns","jetpack-related-posts":[{"id":417,"url":"https:\/\/antoniopascotto.it\/?p=417","url_meta":{"origin":1454,"position":0},"title":"UN MONDO SENZA IL WEB. L\u2019INIZIO DI UNA STORIA","author":"Antonio Pascotto","date":"Novembre 7, 2017","format":"image","excerpt":"Proviamo a fare un gioco. L\u2019inizio di una storia. La mattina ci svegliamo e ci accorgiamo che non c\u2019\u00e8 pi\u00f9 Internet. Il Web \u00e8 stato bloccato per motivi di sicurezza internazionale. Rimaniamo senza Rete. Un sogno? Un incubo? Proviamo a scrivere un racconto. Che inizia cos\u00ec: Mi giro, mi rigiro,\u2026","rel":"","context":"In &quot;Digitale&quot;","block_context":{"text":"Digitale","link":"https:\/\/antoniopascotto.it\/?cat=21"},"img":{"alt_text":"","src":"https:\/\/i0.wp.com\/antoniopascotto.it\/wp-content\/uploads\/2017\/11\/2017-11-07_090059.jpg?fit=592%2C360&ssl=1&resize=350%2C200","width":350,"height":200},"classes":[]},{"id":1210,"url":"https:\/\/antoniopascotto.it\/?p=1210","url_meta":{"origin":1454,"position":1},"title":"DA &#8216;SCONNESSI&#8217; ALLA PREFAZIONE DEL MIO LIBRO. GRAZIE CHRISTIAN","author":"Antonio Pascotto","date":"Dicembre 16, 2019","format":"image","excerpt":"Christian Marazziti non \u00e8 solo un regista di successo. Scrive testi teatrali, \u00e8 un ottimo attore, ma soprattutto \u00e8 una persona sensibile, capace di affrontare i temi pi\u00f9 delicati con una professionalit\u00e0 fuori dal comune. Lo dimostra uno dei suoi ultimi lavori, una web serie dove si racconta l'impatto della\u2026","rel":"","context":"In &quot;Cultura&quot;","block_context":{"text":"Cultura","link":"https:\/\/antoniopascotto.it\/?cat=72"},"img":{"alt_text":"","src":"https:\/\/i0.wp.com\/antoniopascotto.it\/wp-content\/uploads\/2019\/12\/Antonio-Pascotto-e-Christian-Marazziti-2.jpg?fit=846%2C423&ssl=1&resize=350%2C200","width":350,"height":200},"classes":[]},{"id":1298,"url":"https:\/\/antoniopascotto.it\/?p=1298","url_meta":{"origin":1454,"position":2},"title":"LA REALTA&#8217; NON PUO&#8217; ESSERE QUESTA","author":"Antonio Pascotto","date":"Maggio 3, 2020","format":"image","excerpt":"Siamo passati dai discorsi sulla sicurezza di Internet a quelli sulla sicurezza personale e di tutto il mondo. La pandemia ha trasformato il nostro modo di pensare. E il luogo dove si annidavano pericoli ad ogni angolo, il Web, \u00e8 diventato quello dove si vive meglio, senza la paura di\u2026","rel":"","context":"In &quot;Digitale&quot;","block_context":{"text":"Digitale","link":"https:\/\/antoniopascotto.it\/?cat=21"},"img":{"alt_text":"","src":"https:\/\/i0.wp.com\/antoniopascotto.it\/wp-content\/uploads\/2020\/05\/2020-05-03_101208.png?fit=815%2C417&ssl=1&resize=350%2C200","width":350,"height":200},"classes":[]},{"id":897,"url":"https:\/\/antoniopascotto.it\/?p=897","url_meta":{"origin":1454,"position":3},"title":"IL MONDO SENZA INTERNET","author":"Antonio Pascotto","date":"Luglio 6, 2019","format":"image","excerpt":"Il 10 luglio a Roma la presentazione ufficiale del nuovo, sorprendente lavoro di Antonio Pascotto sul mondo improvvisamente \u201corfano\u201d della Rete e del Web Roma, Grand Hotel Plaza, via del Corso 126, ore 18.30 mercoled\u00ec 10 luglio, ore 18,30 Come sarebbe svegliarsi una mattina e scoprire che, per motivi di\u2026","rel":"","context":"In &quot;Internet&quot;","block_context":{"text":"Internet","link":"https:\/\/antoniopascotto.it\/?cat=262"},"img":{"alt_text":"","src":"https:\/\/i0.wp.com\/antoniopascotto.it\/wp-content\/uploads\/2019\/07\/2019-07-06_085109.jpg?fit=595%2C389&ssl=1&resize=350%2C200","width":350,"height":200},"classes":[]},{"id":1154,"url":"https:\/\/antoniopascotto.it\/?p=1154","url_meta":{"origin":1454,"position":4},"title":"UN PREMIO PER IL MONDO SENZA INTERNET","author":"Antonio Pascotto","date":"Ottobre 13, 2019","format":"image","excerpt":"Quando si riceve un premio \u00e8 sempre un momento bellissimo. E' il riconoscimento per il lavoro svolto, per qualcosa su cui hai veramente creduto. Il Mondo Senza Internet \u00e8 il frutto di alcuni mesi di lavoro tra creativit\u00e0, riflessioni, letture, ricerche. E quando ti accorgi che il tempo che hai\u2026","rel":"","context":"In &quot;Cultura&quot;","block_context":{"text":"Cultura","link":"https:\/\/antoniopascotto.it\/?cat=72"},"img":{"alt_text":"","src":"https:\/\/i0.wp.com\/antoniopascotto.it\/wp-content\/uploads\/2019\/10\/FAHO3249.jpg?fit=1200%2C900&ssl=1&resize=350%2C200","width":350,"height":200},"classes":[]},{"id":808,"url":"https:\/\/antoniopascotto.it\/?p=808","url_meta":{"origin":1454,"position":5},"title":"IL MONDO A COLPI DI LIKE","author":"Antonio Pascotto","date":"Febbraio 9, 2019","format":"image","excerpt":"Misuriamo il consenso a colpi di like. Quanti amici abbiamo? Ci vogliono bene, approvano quello che facciamo? Vediamo quanti mi piace otteniamo su Facebook, Instagram o Twitter. E i commenti? Beh, a volte \u00e8 meglio non leggerli. Ci scappa sempre quello che usa un linguaggio poco prudente, tra male parole,\u2026","rel":"","context":"In &quot;Digitale&quot;","block_context":{"text":"Digitale","link":"https:\/\/antoniopascotto.it\/?cat=21"},"img":{"alt_text":"","src":"https:\/\/i0.wp.com\/antoniopascotto.it\/wp-content\/uploads\/2019\/02\/2019-02-09_085415.jpg?fit=893%2C437&ssl=1&resize=350%2C200","width":350,"height":200},"classes":[]}],"_links":{"self":[{"href":"https:\/\/antoniopascotto.it\/index.php?rest_route=\/wp\/v2\/posts\/1454"}],"collection":[{"href":"https:\/\/antoniopascotto.it\/index.php?rest_route=\/wp\/v2\/posts"}],"about":[{"href":"https:\/\/antoniopascotto.it\/index.php?rest_route=\/wp\/v2\/types\/post"}],"author":[{"embeddable":true,"href":"https:\/\/antoniopascotto.it\/index.php?rest_route=\/wp\/v2\/users\/2"}],"replies":[{"embeddable":true,"href":"https:\/\/antoniopascotto.it\/index.php?rest_route=%2Fwp%2Fv2%2Fcomments&post=1454"}],"version-history":[{"count":6,"href":"https:\/\/antoniopascotto.it\/index.php?rest_route=\/wp\/v2\/posts\/1454\/revisions"}],"predecessor-version":[{"id":1694,"href":"https:\/\/antoniopascotto.it\/index.php?rest_route=\/wp\/v2\/posts\/1454\/revisions\/1694"}],"wp:featuredmedia":[{"embeddable":true,"href":"https:\/\/antoniopascotto.it\/index.php?rest_route=\/wp\/v2\/media\/1455"}],"wp:attachment":[{"href":"https:\/\/antoniopascotto.it\/index.php?rest_route=%2Fwp%2Fv2%2Fmedia&parent=1454"}],"wp:term":[{"taxonomy":"category","embeddable":true,"href":"https:\/\/antoniopascotto.it\/index.php?rest_route=%2Fwp%2Fv2%2Fcategories&post=1454"},{"taxonomy":"post_tag","embeddable":true,"href":"https:\/\/antoniopascotto.it\/index.php?rest_route=%2Fwp%2Fv2%2Ftags&post=1454"}],"curies":[{"name":"wp","href":"https:\/\/api.w.org\/{rel}","templated":true}]}}