{"id":1446,"date":"2021-05-08T05:09:04","date_gmt":"2021-05-08T05:09:04","guid":{"rendered":"http:\/\/antoniopascotto.it\/?p=1446"},"modified":"2021-05-08T05:14:37","modified_gmt":"2021-05-08T05:14:37","slug":"riflessi","status":"publish","type":"post","link":"https:\/\/antoniopascotto.it\/?p=1446","title":{"rendered":"RIFLESSI"},"content":{"rendered":"<p><strong><em>OVVERO, LO SPECCHIO, IL SELFIE E IL MONDO RIFLESSO<\/em><\/strong><\/p>\n<p>Il rapporto dell&#8217;individuo con lo specchio \u00e8 ancestrale, fisico, indispensabile. Inizia dal mattino, quando ci vestiamo per uscire di casa. Abbiamo la necessit\u00e0 di vedere la nostra immagine, di cercare di capire come siamo fatti. E di verificare se \u00e8 meglio presentarsi al resto del mondo in un modo o in un altro, indossando questo o quell&#8217;abito. Ne cambiamo anche pi\u00f9 di uno prima di scegliere come andare al lavoro o come presentarsi ad un appuntamento.<\/p>\n<p>Gi\u00e0 i nostri antenati iniziarono a specchiarsi nei pozzi e nelle vasche d&#8217;acqua o sulle lastre di metallo. Ne avvertivano il bisogno, come succede a noi. Come successe agli egiziani, che per primi utilizzarono il bronzo come elemento riflettente. Per loro erano sacri, facevano parte dell&#8217;abbigliamento femminile nei riti religiosi. Avevano una forma circolare e simboleggiavano il sole. In epoca romana vennero utilizzati i primi specchi di vetro. Che nel corso dei secoli diventarono sempre pi\u00f9 sofisticati, fino a utilizzare strati sottili di argento capaci di riflettere quasi fedelmente ogni figura.<br \/>\nNella sua storia lo specchio ha prodotto effetti sociali di una certa importanza. Per esempio i grandi artisti li utilizzavano per verificare la fedelt\u00e0 delle loro opere ed eventuali errori nella fase di realizzazione. Ma il ruolo dello specchio ha assunto un&#8217;importanza fondamentale nell&#8217;ambito cognitivo. Grazie a questo strumento possiamo cercare di capire come siamo fatti, possiamo osservare il nostro viso, il nostro corpo. Diventiamo visibili a noi stessi. Lo specchio esternalizza il corpo proiettandolo nel mondo come un doppio. La propria identit\u00e0 viene vissuta in maniera diversa. Lo specchio riflette non solo le persone ma anche le cose che lo circondano, fino a creare una specie di mondo parallelo. Dunque, l&#8217;esternalizzazione del corpo fa si che esso viva in un altro ambiente.<\/p>\n<p>Con l&#8217;invenzione della fotografia l&#8217;uomo ha avuto la possibilit\u00e0 di possedere automaticamente le immagini di se stesso. Si pass\u00f2 dal riflesso della propria immagine, in tempo quasi reale, alla memorizzazione della stessa. Una prova concreta della propria esistenza. In realt\u00e0 gli studi sulla fotografia, nel corso degli anni, hanno fornito interpretazioni diverse, sottolineando come l&#8217;immagine fotografica non rappresenti l&#8217;effettiva presenza umana bens\u00ec la nascita degli strumenti di duplicazione e registrazione.<\/p>\n<p>Oggi il nostro specchio \u00e8 il selfie. Abbiamo la necessit\u00e0 di autorappresentarci, essere in ogni luogo, alla ricerca di quella che in psicologia viene definita approvazione sociale. Ci mettiamo in bacheca, ci mostriamo, spesso anche in pose non proprio eleganti, per un like in pi\u00f9, un apprezzamento, un commento positivo. Il selfie, per il nostro io, \u00e8 un metro di valutazione. Come dire: se ho molti mi piace significa che valgo. Il parere degli altri come linfa vitale. Non \u00e8 negativo, ma se diventa ossessivo allora bisognerebbe mettere un freno. Il selfie ci rassicura, ci mette in qualche modo al riparo se gradito. Viceversa, ci provoca agitazione se non lo guarda nessuno o lo vedono in pochi. E diventiamo pi\u00f9 tristi. Ci sforziamo di piacere, ma non deve essere per forza cos\u00ec. Non dobbiamo essere simpatici a tutti i costi. Anzi, deve essere chiaro che ognuno di noi \u00e8 diverso dagli altri, con le proprie idee, convinzioni, opinioni, scelte politiche. Fosse vero il contrario allora diventerebbe molto pericoloso.<\/p>\n<p>Per scattarci da soli la fotina da pubblicare sui social le braccia si sono pure allungate. Due centimetri, dicono gli esperti. Ma col tempo aumenteranno. Non c&#8217;erano mai state tante interazioni prima della nascita del Web. Tutti, in qualche modo, sono diventati protagonisti di qualcosa, e lo dichiarano, lo mettono in mostra, lo propongono agli altri. La nostra \u00e8 un&#8217;identit\u00e0 digitale e come tale viene vissuta dalle persone che ci circondano. Anche attraverso il selfie. Non c&#8217;\u00e8 niente di male. Ma la costruzione della propria identit\u00e0 passa anche attraverso altre esperienze.<\/p>\n<p><strong>NELL&#8217;IMMAGINE: Riflessi, Oskar Zwintscher, 1901<\/strong><\/p>\n","protected":false},"excerpt":{"rendered":"<p>OVVERO, LO SPECCHIO, IL SELFIE E IL MONDO RIFLESSO Il rapporto dell&#8217;individuo con lo specchio \u00e8 ancestrale, fisico, indispensabile. Inizia dal mattino, quando ci vestiamo per uscire di casa. Abbiamo la necessit\u00e0 di vedere la nostra immagine, di cercare di capire come siamo fatti. E di verificare se \u00e8 meglio presentarsi al resto del mondo [&hellip;]<\/p>\n","protected":false},"author":2,"featured_media":1447,"comment_status":"open","ping_status":"open","sticky":false,"template":"","format":"image","meta":{"advanced_seo_description":"","jetpack_seo_html_title":"","jetpack_seo_noindex":false,"jetpack_post_was_ever_published":false,"_jetpack_newsletter_access":"","jetpack_publicize_message":"","jetpack_is_tweetstorm":false,"jetpack_publicize_feature_enabled":true,"jetpack_social_post_already_shared":true,"jetpack_social_options":{"image_generator_settings":{"template":"highway","enabled":false}}},"categories":[21,170,228,341,262,206,231,297,3,5],"tags":[25,69,229,252,65,261,342,71,343,14,24],"jetpack_publicize_connections":[],"jetpack_featured_media_url":"https:\/\/i0.wp.com\/antoniopascotto.it\/wp-content\/uploads\/2021\/05\/RIFLESSI.png?fit=711%2C357&ssl=1","jetpack_sharing_enabled":true,"jetpack_shortlink":"https:\/\/wp.me\/s8swp8-riflessi","jetpack-related-posts":[{"id":1368,"url":"https:\/\/antoniopascotto.it\/?p=1368","url_meta":{"origin":1446,"position":0},"title":"THE SOCIAL DILEMMA","author":"Antonio Pascotto","date":"Ottobre 9, 2020","format":"image","excerpt":"La tecnologia invade la nostra vita. E anche se la rende pi\u00f9 comoda, c'\u00e8 sempre qualcosa che non va. Anzi, pi\u00f9 di qualcosa. Prendiamo la privacy. Ogni nostra singola azione viene passata sotto la lente d'ingrandimento. Sia per scopi commerciali sia per fini che con l'etica non hanno proprio a\u2026","rel":"","context":"In &quot;Digitale&quot;","block_context":{"text":"Digitale","link":"https:\/\/antoniopascotto.it\/?cat=21"},"img":{"alt_text":"","src":"https:\/\/i0.wp.com\/antoniopascotto.it\/wp-content\/uploads\/2020\/10\/2020-10-09_131027.png?fit=826%2C359&ssl=1&resize=350%2C200","width":350,"height":200},"classes":[]},{"id":897,"url":"https:\/\/antoniopascotto.it\/?p=897","url_meta":{"origin":1446,"position":1},"title":"IL MONDO SENZA INTERNET","author":"Antonio Pascotto","date":"Luglio 6, 2019","format":"image","excerpt":"Il 10 luglio a Roma la presentazione ufficiale del nuovo, sorprendente lavoro di Antonio Pascotto sul mondo improvvisamente \u201corfano\u201d della Rete e del Web Roma, Grand Hotel Plaza, via del Corso 126, ore 18.30 mercoled\u00ec 10 luglio, ore 18,30 Come sarebbe svegliarsi una mattina e scoprire che, per motivi di\u2026","rel":"","context":"In &quot;Internet&quot;","block_context":{"text":"Internet","link":"https:\/\/antoniopascotto.it\/?cat=262"},"img":{"alt_text":"","src":"https:\/\/i0.wp.com\/antoniopascotto.it\/wp-content\/uploads\/2019\/07\/2019-07-06_085109.jpg?fit=595%2C389&ssl=1&resize=350%2C200","width":350,"height":200},"classes":[]},{"id":808,"url":"https:\/\/antoniopascotto.it\/?p=808","url_meta":{"origin":1446,"position":2},"title":"IL MONDO A COLPI DI LIKE","author":"Antonio Pascotto","date":"Febbraio 9, 2019","format":"image","excerpt":"Misuriamo il consenso a colpi di like. Quanti amici abbiamo? Ci vogliono bene, approvano quello che facciamo? Vediamo quanti mi piace otteniamo su Facebook, Instagram o Twitter. E i commenti? Beh, a volte \u00e8 meglio non leggerli. Ci scappa sempre quello che usa un linguaggio poco prudente, tra male parole,\u2026","rel":"","context":"In &quot;Digitale&quot;","block_context":{"text":"Digitale","link":"https:\/\/antoniopascotto.it\/?cat=21"},"img":{"alt_text":"","src":"https:\/\/i0.wp.com\/antoniopascotto.it\/wp-content\/uploads\/2019\/02\/2019-02-09_085415.jpg?fit=893%2C437&ssl=1&resize=350%2C200","width":350,"height":200},"classes":[]},{"id":341,"url":"https:\/\/antoniopascotto.it\/?p=341","url_meta":{"origin":1446,"position":3},"title":"CONNESSI O DISCONNESSI? EFFETTI E DIFETTI DEL MONDO DIGITALE","author":"Antonio Pascotto","date":"Luglio 27, 2017","format":"gallery","excerpt":"Incapaci di goderci la vita senza la \u201ctecnologia\u201d. Facebook e Twitter creerebbero pi\u00f9 dipendenza di fumo e alcol Siamo tutti connessi, uomini e cose. La tendenza \u00e8 quella di non utilizzare pi\u00f9 nemmeno il computer. Basta uno\u00a0smartphone\u00a0e si pu\u00f2 fare tutto: navigare su internet, pagare il conto del ristorante, accedere\u2026","rel":"","context":"In &quot;Digitale&quot;","block_context":{"text":"Digitale","link":"https:\/\/antoniopascotto.it\/?cat=21"},"img":{"alt_text":"","src":"https:\/\/i0.wp.com\/antoniopascotto.it\/wp-content\/uploads\/2017\/07\/CONNNESSIONI.jpg?fit=500%2C297&ssl=1&resize=350%2C200","width":350,"height":200},"classes":[]},{"id":1263,"url":"https:\/\/antoniopascotto.it\/?p=1263","url_meta":{"origin":1446,"position":4},"title":"SOLITUDINE DIGITALE","author":"Antonio Pascotto","date":"Marzo 8, 2020","format":"image","excerpt":"Ci voleva il coronavirus per farci tornare con i piedi per terra. Nel senso che, con le limitazioni volute, a giusta ragione, dal governo, ora ci rendiamo conto di quanto sia triste non abbracciare gli amici, non stringere le mani a nessuno, non baciarsi sulla guancia in segno di saluto\u2026","rel":"","context":"In &quot;Digitale&quot;","block_context":{"text":"Digitale","link":"https:\/\/antoniopascotto.it\/?cat=21"},"img":{"alt_text":"","src":"https:\/\/i0.wp.com\/antoniopascotto.it\/wp-content\/uploads\/2020\/03\/Edvard-Munch-Melancholy-1894-96.jpg?fit=701%2C387&ssl=1&resize=350%2C200","width":350,"height":200},"classes":[]},{"id":907,"url":"https:\/\/antoniopascotto.it\/?p=907","url_meta":{"origin":1446,"position":5},"title":"IL MONDO SENZA INTERNET. IL FOTORACCONTO","author":"Antonio Pascotto","date":"Agosto 3, 2019","format":"image","excerpt":"Alla presentazione del mio libro, IL MONDO SENZA INTERNET, ci siamo proprio divertiti. Si, perch\u00e9 per me la presentazione di un lavoro \u00e8 anche un momento per stare insieme con gli amici, guardandosi negli occhi, interagendo con il fisico e con la mente. Cose che online non si possono fare.\u2026","rel":"","context":"In &quot;Digitale&quot;","block_context":{"text":"Digitale","link":"https:\/\/antoniopascotto.it\/?cat=21"},"img":{"alt_text":"","src":"https:\/\/i0.wp.com\/antoniopascotto.it\/wp-content\/uploads\/2019\/08\/2019-07-12_101142.jpg?fit=1200%2C739&ssl=1&resize=350%2C200","width":350,"height":200},"classes":[]}],"_links":{"self":[{"href":"https:\/\/antoniopascotto.it\/index.php?rest_route=\/wp\/v2\/posts\/1446"}],"collection":[{"href":"https:\/\/antoniopascotto.it\/index.php?rest_route=\/wp\/v2\/posts"}],"about":[{"href":"https:\/\/antoniopascotto.it\/index.php?rest_route=\/wp\/v2\/types\/post"}],"author":[{"embeddable":true,"href":"https:\/\/antoniopascotto.it\/index.php?rest_route=\/wp\/v2\/users\/2"}],"replies":[{"embeddable":true,"href":"https:\/\/antoniopascotto.it\/index.php?rest_route=%2Fwp%2Fv2%2Fcomments&post=1446"}],"version-history":[{"count":4,"href":"https:\/\/antoniopascotto.it\/index.php?rest_route=\/wp\/v2\/posts\/1446\/revisions"}],"predecessor-version":[{"id":1451,"href":"https:\/\/antoniopascotto.it\/index.php?rest_route=\/wp\/v2\/posts\/1446\/revisions\/1451"}],"wp:featuredmedia":[{"embeddable":true,"href":"https:\/\/antoniopascotto.it\/index.php?rest_route=\/wp\/v2\/media\/1447"}],"wp:attachment":[{"href":"https:\/\/antoniopascotto.it\/index.php?rest_route=%2Fwp%2Fv2%2Fmedia&parent=1446"}],"wp:term":[{"taxonomy":"category","embeddable":true,"href":"https:\/\/antoniopascotto.it\/index.php?rest_route=%2Fwp%2Fv2%2Fcategories&post=1446"},{"taxonomy":"post_tag","embeddable":true,"href":"https:\/\/antoniopascotto.it\/index.php?rest_route=%2Fwp%2Fv2%2Ftags&post=1446"}],"curies":[{"name":"wp","href":"https:\/\/api.w.org\/{rel}","templated":true}]}}