{"id":1435,"date":"2021-04-16T14:07:45","date_gmt":"2021-04-16T14:07:45","guid":{"rendered":"http:\/\/antoniopascotto.it\/?p=1435"},"modified":"2023-04-04T13:42:39","modified_gmt":"2023-04-04T13:42:39","slug":"maskerate","status":"publish","type":"post","link":"https:\/\/antoniopascotto.it\/?p=1435","title":{"rendered":"MASKERATE"},"content":{"rendered":"<p>Siamo tutti mascherati, col viso coperto e gli sguardi nascosti. Non abbiamo espressioni. Per poter comunicare con il corpo dobbiamo fare ricorso solo alla postura. Ma anche quella, sempre per colpa delle maschere, \u00e8 penalizzata. E non \u00e8 vero che una maschera dice pi\u00f9 di ogni altra cosa. Si, ci sono quelle colorate: rosse, azzurre, blu a pois, ma sono tonalit\u00e0 false, posticce, che nascondono il nostro vero stato d&#8217;animo. Diciamo che ci sentiamo soli, che ci manca qualcosa. Eppure prima della pandemia in molti gi\u00e0 si nascondevano dietro un nickname, una sigla, dietro la foto di un paesaggio o di un personaggio famoso. Per non rivelare la vera identit\u00e0 e darsi un nuovo ruolo. Tutta colpa dei social, della Rete, dove siamo rimasti impigliati prima e durante il lockdown.<br \/>\nMaschere, per raccontare quello che non siamo, per recitare senza essere visti dal pubblico, per insultare, per commentare senza freni. Per amare in Rete, perch\u00e8 forse nella vita reale non \u00e8 possibile. Mascherati, per poter gridare al mondo quello che ci pare, per sputare sentenze, per sbeffeggiare il potere, per dire a chi non ci riconosce che \u00e8 inutile contraddirci. Perch\u00e9 risponderemo sempre, colpo su colpo, senza la paura di essere riconosciuti.<br \/>\nEsplorare il mondo nel bel mezzo della pandemia non \u00e8 poi tanto diverso da prima. Abbiamo timori per il futuro, non vediamo prospettive, ma abbiamo le maschere. Siamo interpreti di un&#8217;umanit\u00e0 che si \u00e8 adattata alle tecnologie. Ma forse non sono state quelle tecnologie a trasformarci. Anzi, siamo noi ad averle cercate a tutti i costi per avere uno strumento utile ad affrontare le trasformazioni della societ\u00e0. Ma non avevamo fatto i conti su come ci saremmo rapportati con il mondo esterno cos\u00ec come stiamo facendo.<\/p>\n<p>Alla fine, abbiamo capito che su Internet non serve metterci la faccia. E&#8217; vero, siamo supercontrollati, gli algoritmi pensano al posto nostro, ma poco importa. Ci piace cos\u00ec. Ci piace sparlare e raccontare le nostre verit\u00e0. Ci illudiamo, credendo di insinuare dubbi sul reale attraverso la rappresentazione del reale stesso. Proprio come Rene Magritte, dal quale abbiamo preso spunto per l&#8217;immagine che accompagna questo testo. Lo facciamo perch\u00e9 ci nascondiamo dietro la Rete. Inganniamo gli altri, ma in fondo inganniamo anche noi stessi. Tuttavia lo facciamo, perch\u00e9 no? Ci rifugiamo sul web come si fa dietro a una maschera. Ci vestiamo da Carnival, cantava Vecchioni. Ci trucchiamo da Carnival, finch\u00e9 val.<br \/>\n<strong>NELL&#8217;IMMAGINE: L&#8217;uomo con la mascherina (rifacimento del dipinto L&#8217;uomo con la bombetta di Rene Magritte)<\/strong><\/p>\n","protected":false},"excerpt":{"rendered":"<p>Siamo tutti mascherati, col viso coperto e gli sguardi nascosti. Non abbiamo espressioni. Per poter comunicare con il corpo dobbiamo fare ricorso solo alla postura. Ma anche quella, sempre per colpa delle maschere, \u00e8 penalizzata. E non \u00e8 vero che una maschera dice pi\u00f9 di ogni altra cosa. Si, ci sono quelle colorate: rosse, azzurre, [&hellip;]<\/p>\n","protected":false},"author":2,"featured_media":1436,"comment_status":"open","ping_status":"open","sticky":false,"template":"","format":"image","meta":{"advanced_seo_description":"","jetpack_seo_html_title":"","jetpack_seo_noindex":false,"jetpack_post_was_ever_published":false,"_jetpack_newsletter_access":"","jetpack_publicize_message":"","jetpack_is_tweetstorm":false,"jetpack_publicize_feature_enabled":true,"jetpack_social_post_already_shared":true,"jetpack_social_options":{"image_generator_settings":{"template":"highway","enabled":false}}},"categories":[3,5],"tags":[],"jetpack_publicize_connections":[],"jetpack_featured_media_url":"https:\/\/i0.wp.com\/antoniopascotto.it\/wp-content\/uploads\/2021\/04\/MAGRITTE.png?fit=563%2C347&ssl=1","jetpack_sharing_enabled":true,"jetpack_shortlink":"https:\/\/wp.me\/p8swp8-n9","jetpack-related-posts":[{"id":887,"url":"https:\/\/antoniopascotto.it\/?p=887","url_meta":{"origin":1435,"position":0},"title":"TUTTA COLPA DEGLI ALGORITMI","author":"Antonio Pascotto","date":"Maggio 8, 2019","format":"image","excerpt":"Tocca risalire al nono secolo per trovare colui che si pu\u00f2 definire l\u2019inventore dell\u2019algoritmo, tale al-Khwarizmi, un matematico arabo che prima di altri ebbe l\u2019intuizione di studiare il procedimento giusto per giungere alla soluzione di un problema. Dal suo nome deriva il termine latino algorithmus, all\u2019inizio utilizzato per indicare i\u2026","rel":"","context":"In &quot;Internet&quot;","block_context":{"text":"Internet","link":"https:\/\/antoniopascotto.it\/?cat=262"},"img":{"alt_text":"","src":"https:\/\/i0.wp.com\/antoniopascotto.it\/wp-content\/uploads\/2019\/05\/IMMAGINE-PIXABAY.jpg?fit=820%2C462&ssl=1&resize=350%2C200","width":350,"height":200},"classes":[]},{"id":1634,"url":"https:\/\/antoniopascotto.it\/?p=1634","url_meta":{"origin":1435,"position":1},"title":"L&#8217;INTELLIGENZA ARTIFICIALE A MODO MIO","author":"Antonio Pascotto","date":"Gennaio 21, 2026","format":"image","excerpt":"Quando mia madre arrivava a scuola per il colloquio con i professori tutti le dicevano: \u00absuo figlio \u00e8 intelligente, per questo potrebbe fare molto di pi\u00f9.\u00bb Questa storia dell\u2019intelligenza me la sono portata appresso per anni. Era diventata una specie di scusa. Cio\u00e8, mi trinceravo dietro il fatto che potevo\u2026","rel":"","context":"In &quot;Ricordi&quot;","block_context":{"text":"Ricordi","link":"https:\/\/antoniopascotto.it\/?cat=212"},"img":{"alt_text":"","src":"https:\/\/i0.wp.com\/antoniopascotto.it\/wp-content\/uploads\/2023\/04\/2023-04-04_152635.png?fit=964%2C443&ssl=1&resize=350%2C200","width":350,"height":200},"classes":[]},{"id":1417,"url":"https:\/\/antoniopascotto.it\/?p=1417","url_meta":{"origin":1435,"position":2},"title":"BEATA SOLITUDINE","author":"Antonio Pascotto","date":"Gennaio 23, 2021","format":"image","excerpt":"Mai come in questo periodo ci sentiamo soli. Hai voglia a dire che su Facebook o su Instagram abbiamo migliaia e migliaia di contatti. \u201cIo ho 4mila amici su Facebook\u201d. \u201cIo 5mila, ho dovuto pure aprire un altro profilo, perch\u00e9 il primo non bastava\u201d. \u201cIo su Twitter ho fatto il\u2026","rel":"","context":"In &quot;Riflessioni&quot;","block_context":{"text":"Riflessioni","link":"https:\/\/antoniopascotto.it\/?cat=231"},"img":{"alt_text":"","src":"https:\/\/i0.wp.com\/antoniopascotto.it\/wp-content\/uploads\/2021\/01\/hopper.jpg?fit=729%2C394&ssl=1&resize=350%2C200","width":350,"height":200},"classes":[]},{"id":1284,"url":"https:\/\/antoniopascotto.it\/?p=1284","url_meta":{"origin":1435,"position":3},"title":"IL CIELO IN UNA STANZA","author":"Antonio Pascotto","date":"Aprile 15, 2020","format":"image","excerpt":"\u00a0 Mi guardo attorno e osservo con particolare attenzione la mia stanza come mai prima d\u2019ora. I quadri appesi al muro, le foto nelle cornici, i libri, gli appunti sulla scrivania, i computer. Ne ho pi\u00f9 di uno, e spesso sono accesi tutti nello stesso momento. Ho un bel balcone\u2026","rel":"","context":"In &quot;Digitale&quot;","block_context":{"text":"Digitale","link":"https:\/\/antoniopascotto.it\/?cat=21"},"img":{"alt_text":"","src":"https:\/\/i0.wp.com\/antoniopascotto.it\/wp-content\/uploads\/2020\/04\/2020-04-15_101148.jpg?fit=941%2C457&ssl=1&resize=350%2C200","width":350,"height":200},"classes":[]},{"id":1267,"url":"https:\/\/antoniopascotto.it\/?p=1267","url_meta":{"origin":1435,"position":4},"title":"IL VIRUS E LA VITA NELL\u2019OLTREMONDO","author":"Antonio Pascotto","date":"Marzo 22, 2020","format":"image","excerpt":"Era la vita a cavallo tra due mondi. Quello cosiddetto reale, fatto di sguardi, strette di mano, cene con gli amici. E quello virtuale, dove le immagini dei nostri amici, tanti ma tutti sui social, si materializzavano tra un clic e l\u2019altro grazie alla potenza degli algoritmi. Ora tutto questo\u2026","rel":"","context":"In &quot;Attualit\u00e0&quot;","block_context":{"text":"Attualit\u00e0","link":"https:\/\/antoniopascotto.it\/?cat=37"},"img":{"alt_text":"","src":"https:\/\/i0.wp.com\/antoniopascotto.it\/wp-content\/uploads\/2020\/03\/Paul-Gauguin-Da-dove-veniamo-Chi-siamo-Dove-andiamo-1897-1898-olio-su-tela-139-3745-cm-Museum-of-Fine-Arts-Boston.jpg?fit=1069%2C432&ssl=1&resize=350%2C200","width":350,"height":200},"classes":[]},{"id":1595,"url":"https:\/\/antoniopascotto.it\/?p=1595","url_meta":{"origin":1435,"position":5},"title":"LA GUERRA","author":"Antonio Pascotto","date":"Marzo 9, 2022","format":"image","excerpt":"Siamo passati dalla guerra al virus alla guerra vera. Stavolta il nemico non \u00e8 invisibile, stavolta il nemico \u00e8 l\u2019uomo stesso. Come se non bastassero le paure di questi ultimi anni, i timori per un attacco al nostro sistema immunitario. Ora l\u2019attacco arriva da un missile o da una bomba\u2026","rel":"","context":"In &quot;Attualit\u00e0&quot;","block_context":{"text":"Attualit\u00e0","link":"https:\/\/antoniopascotto.it\/?cat=37"},"img":{"alt_text":"","src":"https:\/\/i0.wp.com\/antoniopascotto.it\/wp-content\/uploads\/2022\/03\/2022-03-09_203137.png?fit=681%2C377&ssl=1&resize=350%2C200","width":350,"height":200},"classes":[]}],"_links":{"self":[{"href":"https:\/\/antoniopascotto.it\/index.php?rest_route=\/wp\/v2\/posts\/1435"}],"collection":[{"href":"https:\/\/antoniopascotto.it\/index.php?rest_route=\/wp\/v2\/posts"}],"about":[{"href":"https:\/\/antoniopascotto.it\/index.php?rest_route=\/wp\/v2\/types\/post"}],"author":[{"embeddable":true,"href":"https:\/\/antoniopascotto.it\/index.php?rest_route=\/wp\/v2\/users\/2"}],"replies":[{"embeddable":true,"href":"https:\/\/antoniopascotto.it\/index.php?rest_route=%2Fwp%2Fv2%2Fcomments&post=1435"}],"version-history":[{"count":3,"href":"https:\/\/antoniopascotto.it\/index.php?rest_route=\/wp\/v2\/posts\/1435\/revisions"}],"predecessor-version":[{"id":1439,"href":"https:\/\/antoniopascotto.it\/index.php?rest_route=\/wp\/v2\/posts\/1435\/revisions\/1439"}],"wp:featuredmedia":[{"embeddable":true,"href":"https:\/\/antoniopascotto.it\/index.php?rest_route=\/wp\/v2\/media\/1436"}],"wp:attachment":[{"href":"https:\/\/antoniopascotto.it\/index.php?rest_route=%2Fwp%2Fv2%2Fmedia&parent=1435"}],"wp:term":[{"taxonomy":"category","embeddable":true,"href":"https:\/\/antoniopascotto.it\/index.php?rest_route=%2Fwp%2Fv2%2Fcategories&post=1435"},{"taxonomy":"post_tag","embeddable":true,"href":"https:\/\/antoniopascotto.it\/index.php?rest_route=%2Fwp%2Fv2%2Ftags&post=1435"}],"curies":[{"name":"wp","href":"https:\/\/api.w.org\/{rel}","templated":true}]}}