{"id":1429,"date":"2021-04-01T17:53:25","date_gmt":"2021-04-01T17:53:25","guid":{"rendered":"http:\/\/antoniopascotto.it\/?p=1429"},"modified":"2025-08-18T08:53:42","modified_gmt":"2025-08-18T08:53:42","slug":"il-tempo-sospeso","status":"publish","type":"post","link":"https:\/\/antoniopascotto.it\/?p=1429","title":{"rendered":"IL TEMPO SOSPESO"},"content":{"rendered":"<p>Il tempo, cos\u00ec misterioso. Il tempo, che misura ore, giorni, settimane, anni. Il tempo che non passa mai, o che passa troppo veloce. Il tempo libero, e quello occupato dal lavoro. Il tempo come ritmo frenetico della vita, accompagnato dallo stress e dagli orologi. La vita che scorre segnata dalla tirannia del tempo. Il tempo con il sole, e quello con la pioggia. Il tempo che ci mette di buon umore, e quello che ci fa soffrire. Il tempo che \u00e8 passato, quello presente, quello che ancora deve venire. Il tempo dei bei ricordi o di quelli sbiaditi. Il tempo come esperienza. Il tempo come scienza. Il tempo e le sue leggi. Il tempo e la relativit\u00e0. Il tempo e i pianeti, il tempo e la velocit\u00e0 della luce. Il tempo che perdiamo inutilmente, quello che regaliamo alle big tech, quello speso per rimanere incollati al computer ore e ore, quello regolato dagli algoritmi che decidono cosa dobbiamo fare. Il tempo che ci fa rimpiangere le cose non fatte e che invece potevamo fare. Il tempo come percezione di qualcosa che invece non c&#8217;\u00e8. Il tempo come convenzione.<br \/>\nCon la pandemia \u00e8 come se si fosse fermato il tempo. O meglio, \u00e8 come vivere in un tempo sospeso. Un tempo che ci ha sottratto una delle cose pi\u00f9 importanti della vita: la socialit\u00e0. All&#8217;inizio ci siamo arrangiati, abbiamo cantato a squarciagola dai balconi delle nostre case per scaricare la nostra tensione. Poi ci siamo adattati con lo streaming, con le serie tv e con i film, che invece di essere proiettati nelle sale cinematografiche sono stati trasmessi dai canali televisivi. E con i software per chattare con amici e parenti. Una situazione inedita, non era mai successo. Chiusi in casa, persi in una solitudine digitale. Siamo finiti nelle maglie della Rete come non era mai successo. Era gi\u00e0 tutto previsto, ma il Covid ha accelerato il processo. Siamo finiti anzitempo in trappola, messi a dura prova, con le nostre abitudini andate in frantumi. Non vediamo l&#8217;ora che tutto questo finisca. Non amiamo il tempo sospeso. E ci auguriamo che arrivino nel pi\u00f9 breve tempo possibile momenti migliori. Tempi migliori. Ne sono sicuro, non ci vorr\u00e0 troppo tempo.<\/p>\n<p>&nbsp;<\/p>\n<p><strong>NELL&#8217;IMMAGINE<\/strong>: <b>La persistenza della memoria<\/b>&nbsp;<strong>di<\/strong> <em><strong>Salvator Dal\u00ec<\/strong><\/em>, <strong>Museum of Modern Art, New York<\/strong><\/p>\n","protected":false},"excerpt":{"rendered":"<p>Il tempo, cos\u00ec misterioso. Il tempo, che misura ore, giorni, settimane, anni. Il tempo che non passa mai, o che passa troppo veloce. Il tempo libero, e quello occupato dal lavoro. Il tempo come ritmo frenetico della vita, accompagnato dallo stress e dagli orologi. La vita che scorre segnata dalla tirannia del tempo. Il tempo [&hellip;]<\/p>\n","protected":false},"author":2,"featured_media":1430,"comment_status":"open","ping_status":"open","sticky":false,"template":"","format":"standard","meta":{"advanced_seo_description":"","jetpack_seo_html_title":"","jetpack_seo_noindex":false,"jetpack_post_was_ever_published":false,"_jetpack_newsletter_access":"","jetpack_publicize_message":"","jetpack_is_tweetstorm":false,"jetpack_publicize_feature_enabled":true,"jetpack_social_post_already_shared":true,"jetpack_social_options":{"image_generator_settings":{"template":"highway","enabled":false}}},"categories":[37,262,231,300,297,3,20,5],"tags":[310,298,17],"jetpack_publicize_connections":[],"jetpack_featured_media_url":"https:\/\/i0.wp.com\/antoniopascotto.it\/wp-content\/uploads\/2021\/04\/LA-PERSISTENZA-DELLA-MEMORIA.png?fit=763%2C464&ssl=1","jetpack_sharing_enabled":true,"jetpack_shortlink":"https:\/\/wp.me\/p8swp8-n3","jetpack-related-posts":[{"id":501,"url":"https:\/\/antoniopascotto.it\/?p=501","url_meta":{"origin":1429,"position":0},"title":"IL PRESENTE SENZA TEMPO","author":"Antonio Pascotto","date":"Gennaio 29, 2018","format":false,"excerpt":"Dai tempo al tempo. Oppure: il tempo \u00e8 galantuomo. E ancora: a tempo perso, avere tempo da perdere, tempo da lupi, lascia il tempo che trova, guadagnare tempo. Potrei continuare cos\u00ec all\u2019infinito. I modi di dire che contengono la parola tempo sono innumerevoli. Anche il numero di saggi sull\u2019argomento \u00e8\u2026","rel":"","context":"In &quot;Scienza&quot;","block_context":{"text":"Scienza","link":"https:\/\/antoniopascotto.it\/?cat=152"},"img":{"alt_text":"","src":"https:\/\/i0.wp.com\/antoniopascotto.it\/wp-content\/uploads\/2018\/01\/orologi2.jpg?fit=600%2C300&ssl=1&resize=350%2C200","width":350,"height":200},"classes":[]},{"id":798,"url":"https:\/\/antoniopascotto.it\/?p=798","url_meta":{"origin":1429,"position":1},"title":"DIAMO TEMPO AL TEMPO","author":"Antonio Pascotto","date":"Gennaio 1, 2019","format":"image","excerpt":"Un altro anno \u00e8 alle spalle. Come auspicio siamo soliti dire: speriamo che quello appena arrivato sia migliore del precedente. Se le cose non sono andate per il meglio diciamo: il tempo sar\u00e0 galantuomo. Oppure: arriveranno tempi migliori. O ancora: diamo tempo al tempo. E se fa freddo? Diciamo: \u00e8\u2026","rel":"","context":"In &quot;Riflessioni&quot;","block_context":{"text":"Riflessioni","link":"https:\/\/antoniopascotto.it\/?cat=231"},"img":{"alt_text":"","src":"https:\/\/i0.wp.com\/antoniopascotto.it\/wp-content\/uploads\/2019\/01\/2019-01-01_171749.jpg?fit=770%2C433&ssl=1&resize=350%2C200","width":350,"height":200},"classes":[]},{"id":1621,"url":"https:\/\/antoniopascotto.it\/?p=1621","url_meta":{"origin":1429,"position":2},"title":"L&#8217;OROLOGIO","author":"Antonio Pascotto","date":"Dicembre 10, 2022","format":false,"excerpt":"Il mondo accelera, tutto scorre veloce ma cerco di non lasciarmi prendere dai ritmi frenetici di una societ\u00e0 in continuo movimento. Ad esempio, mi piacciono gli orologi ma non per il motivo per cui sono stati inventati. Mi piacciono gli orologi per l\u2019esatto contrario. Mi piace guardarli, soffermarmi sui particolari,\u2026","rel":"","context":"In &quot;Riflessioni&quot;","block_context":{"text":"Riflessioni","link":"https:\/\/antoniopascotto.it\/?cat=231"},"img":{"alt_text":"","src":"https:\/\/i0.wp.com\/antoniopascotto.it\/wp-content\/uploads\/2022\/12\/2022-12-10_185938.jpg?fit=733%2C455&ssl=1&resize=350%2C200","width":350,"height":200},"classes":[]},{"id":892,"url":"https:\/\/antoniopascotto.it\/?p=892","url_meta":{"origin":1429,"position":3},"title":"UN MILIARDO DI ANNI IN RETE","author":"Antonio Pascotto","date":"Maggio 30, 2019","format":"image","excerpt":"I dati vengono snocciolati giorno per giorno, aumentando a dismisura. E cos\u00ec scopriamo che gli utenti di Internet, in tutto 4 miliardi di persone, in pratica met\u00e0 della popolazione mondiale, trascorrono online un tempo che equivale complessivamente a un miliardo di anni. Complici anche i cellulari, in pratica connessi ventiquattro\u2026","rel":"","context":"In &quot;Internet&quot;","block_context":{"text":"Internet","link":"https:\/\/antoniopascotto.it\/?cat=262"},"img":{"alt_text":"","src":"https:\/\/i0.wp.com\/antoniopascotto.it\/wp-content\/uploads\/2019\/05\/2019-05-30_090352.jpg?fit=919%2C505&ssl=1&resize=350%2C200","width":350,"height":200},"classes":[]},{"id":1390,"url":"https:\/\/antoniopascotto.it\/?p=1390","url_meta":{"origin":1429,"position":4},"title":"ALLA RICONQUISTA DEL TEMPO PERDUTO","author":"Antonio Pascotto","date":"Dicembre 6, 2020","format":"image","excerpt":"Riconquistare il tempo perduto dal momento in cui Internet ha preso il sopravvento su tutti noi. Non \u00e8 una cosa semplice, ma vale la pena tentarci. Iniziamo col dire che con il progresso tecnologico la percezione dello spazio e del tempo \u00e8 cambiata. E con la Rete ancora di pi\u00f9.\u2026","rel":"","context":"In &quot;Internet&quot;","block_context":{"text":"Internet","link":"https:\/\/antoniopascotto.it\/?cat=262"},"img":{"alt_text":"","src":"https:\/\/i0.wp.com\/antoniopascotto.it\/wp-content\/uploads\/2020\/12\/2020-12-06_113117.png?fit=688%2C342&ssl=1&resize=350%2C200","width":350,"height":200},"classes":[]},{"id":1267,"url":"https:\/\/antoniopascotto.it\/?p=1267","url_meta":{"origin":1429,"position":5},"title":"IL VIRUS E LA VITA NELL\u2019OLTREMONDO","author":"Antonio Pascotto","date":"Marzo 22, 2020","format":"image","excerpt":"Era la vita a cavallo tra due mondi. Quello cosiddetto reale, fatto di sguardi, strette di mano, cene con gli amici. E quello virtuale, dove le immagini dei nostri amici, tanti ma tutti sui social, si materializzavano tra un clic e l\u2019altro grazie alla potenza degli algoritmi. Ora tutto questo\u2026","rel":"","context":"In &quot;Attualit\u00e0&quot;","block_context":{"text":"Attualit\u00e0","link":"https:\/\/antoniopascotto.it\/?cat=37"},"img":{"alt_text":"","src":"https:\/\/i0.wp.com\/antoniopascotto.it\/wp-content\/uploads\/2020\/03\/Paul-Gauguin-Da-dove-veniamo-Chi-siamo-Dove-andiamo-1897-1898-olio-su-tela-139-3745-cm-Museum-of-Fine-Arts-Boston.jpg?fit=1069%2C432&ssl=1&resize=350%2C200","width":350,"height":200},"classes":[]}],"_links":{"self":[{"href":"https:\/\/antoniopascotto.it\/index.php?rest_route=\/wp\/v2\/posts\/1429"}],"collection":[{"href":"https:\/\/antoniopascotto.it\/index.php?rest_route=\/wp\/v2\/posts"}],"about":[{"href":"https:\/\/antoniopascotto.it\/index.php?rest_route=\/wp\/v2\/types\/post"}],"author":[{"embeddable":true,"href":"https:\/\/antoniopascotto.it\/index.php?rest_route=\/wp\/v2\/users\/2"}],"replies":[{"embeddable":true,"href":"https:\/\/antoniopascotto.it\/index.php?rest_route=%2Fwp%2Fv2%2Fcomments&post=1429"}],"version-history":[{"count":3,"href":"https:\/\/antoniopascotto.it\/index.php?rest_route=\/wp\/v2\/posts\/1429\/revisions"}],"predecessor-version":[{"id":2150,"href":"https:\/\/antoniopascotto.it\/index.php?rest_route=\/wp\/v2\/posts\/1429\/revisions\/2150"}],"wp:featuredmedia":[{"embeddable":true,"href":"https:\/\/antoniopascotto.it\/index.php?rest_route=\/wp\/v2\/media\/1430"}],"wp:attachment":[{"href":"https:\/\/antoniopascotto.it\/index.php?rest_route=%2Fwp%2Fv2%2Fmedia&parent=1429"}],"wp:term":[{"taxonomy":"category","embeddable":true,"href":"https:\/\/antoniopascotto.it\/index.php?rest_route=%2Fwp%2Fv2%2Fcategories&post=1429"},{"taxonomy":"post_tag","embeddable":true,"href":"https:\/\/antoniopascotto.it\/index.php?rest_route=%2Fwp%2Fv2%2Ftags&post=1429"}],"curies":[{"name":"wp","href":"https:\/\/api.w.org\/{rel}","templated":true}]}}