{"id":1424,"date":"2021-02-28T09:33:40","date_gmt":"2021-02-28T09:33:40","guid":{"rendered":"http:\/\/antoniopascotto.it\/?p=1424"},"modified":"2025-08-18T08:54:01","modified_gmt":"2025-08-18T08:54:01","slug":"la-resistenza","status":"publish","type":"post","link":"https:\/\/antoniopascotto.it\/?p=1424","title":{"rendered":"LA RESISTENZA"},"content":{"rendered":"<style type=\"text\/css\">\n\t<!-- @page { margin: 2cm } P { margin-bottom: 0.21cm } --><br \/>\t<\/style>\n<p>Ci sono parole ricorrenti in questo momento particolare della nostra vita. Termini che ricordano battaglie all&#8217;ultimo sangue, conflitti, scontri. Il clima bellico pervade le nostre giornate, alle prese col tentativo di evitare contagi, tra consigli, non pochi, dei virologi, oracoli dei nostri tempi, e la speranza di poter fare al pi\u00f9 presto il vaccino per combattere e sconfiggere il Covid. Combattere, ecco. E sconfiggere. L&#8217;elenco dei vocaboli che ci riportano a immagini di guerra \u00e8 lungo: guerra al virus, lotta al Covid 19, scontro sui vaccini e via dicendo.<\/p>\n<p>Uno di quelli che mi hanno colpito (colpire, in guerra, \u00e8 frequente) di pi\u00f9 \u00e8 coprifuoco. Non si era mai verificato dal dopoguerra in poi. Un provvedimento forte, potente, sconvolgente, che vieta a chiunque, se non per motivi urgenti, di uscire di casa dalle 22 in poi. Era successo con la caduta di Mussolini, quando il primo governo Badoglio impose il coprifuoco dalle 21 alle 5 in tutto il paese. Era stato adottato in Francia nel 1961, in piena guerra d&#8217;Algeria, nei confronti di musulmani algerini, per evitare attentati. Sempre in Francia, nel 2005, dopo la morte di due giovani che erano fuggiti ad un controllo della Police Nationale, fu vietato di uscire di casa da soli ai minori di 17 anni dalle 2 alle 6 del mattino.<\/p>\n<p>Coprifuoco significa &#8216;coprire il fuoco&#8217;, cio\u00e8 spegnere ogni fiamma durante le ore notturne. Nel Medioevo serviva per evitare incendi. Durante la guerra per non consentire l&#8217;identificazione di un centro abitato durante un bombardamento. La guerra, ci risiamo. Siamo tutti mobilitati contro il nemico invisibile, e indossiamo l&#8217;elmetto per combattere e proteggerci. Il linguaggio militare predomina, e le metafore si sprecano. Siamo invasi dai virus, quello originario e quelli mutati: inglese, spagnolo, brasiliano. La mappa dei conflitti si allarga. L&#8217;atlante delle guerre si colora di rosso, arancione e giallo.<\/p>\n<p>C&#8217;\u00e8 un altro termine ricorrente: resistenza. Questo, nemmeno a dirlo, piace di pi\u00f9. Intanto per il riferimento immediato alla resistenza partigiana e alla metafora, l&#8217;ennesima, della liberazione italiana. Dunque, rispetto ai precedenti vocaboli militari, resistenza \u00e8 una parola che evoca speranza. La speranza \u00e8 che ci si possa liberare al pi\u00f9 presto dal morbo, dal mostro, dal nemico invisibile. E per farlo dobbiamo resistere, appunto. Siamo nati per affrontare le difficolt\u00e0. Le nostre precedenti generazioni hanno dovuto superare carestie, catastrofi, guerre ed epidemie. Ora tocca a noi. Che pure non ci siamo fatti mancare nulla, diciamolo. Il colera a Napoli, gli anni bui del terrorismo, i vari terremoti che sovente interessano la penisola, le alluvioni. Spingendoci oltre, le immagini dell&#8217;attacco alle Torri Gemelle non le cancelleremo mai. Eppure abbiamo resistito, nonostante le avversit\u00e0. Abbiamo fronteggiato gli eventi negativi, come stiamo facendo ora, tra enormi difficolt\u00e0 sanitarie ed economiche. Sviluppiamo gli anticorpi a prescindere da ogni vaccino, perch\u00e9 siamo stati progettati proprio per resistere.<\/p>\n<p>Siamo gli eroi della resilienza. E&#8217; l&#8217;ultimo vocabolo di questa riflessione, giuro. Resilienza, cio\u00e8 la capacit\u00e0 di fronteggiare ogni tipo di ostacolo e di riorganizzare la propria esistenza. Ricostruire e ricostruirsi, mettendocela tutta. Dobbiamo essere bravi a trovare quello che c&#8217;\u00e8 di positivo anche negli eventi negativi. Lo ammetto: pandemia e lockdown ci fanno spazientire e provocano disagi. Ma abbiamo anche riscoperto vecchi piaceri dimenticati: la lettura in primo luogo. Poi una serie di lavori manuali, come ridipingere una parete o aggiustare la gamba del tavolino che si era gi\u00e0 rotta da tempo. O preparare l&#8217;impasto per il pane e la pizza. Alla fine, \u00e8 anche con la resilienza che si vincono le battaglie.<\/p>\n<p><strong>IMMAGINE DI COPERTINA: <em>Battaglia di Ponte dell&#8217;Ammiraglio.&nbsp;Renato Guttuso,&nbsp;1951\u2013 1952. Galleria degli Uffizi, Firenze<\/em><\/strong><\/p>\n<h1 class=\"delta\"><\/h1>\n","protected":false},"excerpt":{"rendered":"<p>Ci sono parole ricorrenti in questo momento particolare della nostra vita. Termini che ricordano battaglie all&#8217;ultimo sangue, conflitti, scontri. Il clima bellico pervade le nostre giornate, alle prese col tentativo di evitare contagi, tra consigli, non pochi, dei virologi, oracoli dei nostri tempi, e la speranza di poter fare al pi\u00f9 presto il vaccino per [&hellip;]<\/p>\n","protected":false},"author":2,"featured_media":1425,"comment_status":"open","ping_status":"open","sticky":false,"template":"","format":"standard","meta":{"advanced_seo_description":"","jetpack_seo_html_title":"","jetpack_seo_noindex":false,"jetpack_post_was_ever_published":false,"_jetpack_newsletter_access":"","jetpack_publicize_message":"","jetpack_is_tweetstorm":false,"jetpack_publicize_feature_enabled":true,"jetpack_social_post_already_shared":true,"jetpack_social_options":{"image_generator_settings":{"template":"highway","enabled":false}}},"categories":[37,211,231],"tags":[333,336,299,331,332,310,335,334],"jetpack_publicize_connections":[],"jetpack_featured_media_url":"https:\/\/i0.wp.com\/antoniopascotto.it\/wp-content\/uploads\/2021\/02\/2021-02-28_103009.png?fit=968%2C555&ssl=1","jetpack_sharing_enabled":true,"jetpack_shortlink":"https:\/\/wp.me\/p8swp8-mY","jetpack-related-posts":[{"id":1595,"url":"https:\/\/antoniopascotto.it\/?p=1595","url_meta":{"origin":1424,"position":0},"title":"LA GUERRA","author":"Antonio Pascotto","date":"Marzo 9, 2022","format":"image","excerpt":"Siamo passati dalla guerra al virus alla guerra vera. Stavolta il nemico non \u00e8 invisibile, stavolta il nemico \u00e8 l\u2019uomo stesso. Come se non bastassero le paure di questi ultimi anni, i timori per un attacco al nostro sistema immunitario. Ora l\u2019attacco arriva da un missile o da una bomba\u2026","rel":"","context":"In &quot;Attualit\u00e0&quot;","block_context":{"text":"Attualit\u00e0","link":"https:\/\/antoniopascotto.it\/?cat=37"},"img":{"alt_text":"","src":"https:\/\/i0.wp.com\/antoniopascotto.it\/wp-content\/uploads\/2022\/03\/2022-03-09_203137.png?fit=681%2C377&ssl=1&resize=350%2C200","width":350,"height":200},"classes":[]},{"id":1474,"url":"https:\/\/antoniopascotto.it\/?p=1474","url_meta":{"origin":1424,"position":1},"title":"ANDARE DI GOMITO","author":"Antonio Pascotto","date":"Settembre 16, 2021","format":"image","excerpt":"Andare di gomito. Significa: eccedere nel bere, esagerare fino a diventare brilli. Non proprio ubriachi, ma alticci, quello si. Io, come molti altri, sono andato di gomito alla grande in tutto il periodo del Covid, tra lockdown, misure restrittive e comportamenti esemplari per combattere il virus. No, non fraintendiamoci. Non\u2026","rel":"","context":"In &quot;Attualit\u00e0&quot;","block_context":{"text":"Attualit\u00e0","link":"https:\/\/antoniopascotto.it\/?cat=37"},"img":{"alt_text":"","src":"https:\/\/i0.wp.com\/antoniopascotto.it\/wp-content\/uploads\/2021\/09\/gomito.jpg?fit=1200%2C553&ssl=1&resize=350%2C200","width":350,"height":200},"classes":[]},{"id":1417,"url":"https:\/\/antoniopascotto.it\/?p=1417","url_meta":{"origin":1424,"position":2},"title":"BEATA SOLITUDINE","author":"Antonio Pascotto","date":"Gennaio 23, 2021","format":"image","excerpt":"Mai come in questo periodo ci sentiamo soli. Hai voglia a dire che su Facebook o su Instagram abbiamo migliaia e migliaia di contatti. \u201cIo ho 4mila amici su Facebook\u201d. \u201cIo 5mila, ho dovuto pure aprire un altro profilo, perch\u00e9 il primo non bastava\u201d. \u201cIo su Twitter ho fatto il\u2026","rel":"","context":"In &quot;Riflessioni&quot;","block_context":{"text":"Riflessioni","link":"https:\/\/antoniopascotto.it\/?cat=231"},"img":{"alt_text":"","src":"https:\/\/i0.wp.com\/antoniopascotto.it\/wp-content\/uploads\/2021\/01\/hopper.jpg?fit=729%2C394&ssl=1&resize=350%2C200","width":350,"height":200},"classes":[]},{"id":1600,"url":"https:\/\/antoniopascotto.it\/?p=1600","url_meta":{"origin":1424,"position":3},"title":"IL BENE E IL MALE","author":"Antonio Pascotto","date":"Giugno 3, 2022","format":"image","excerpt":"Non \u00e8 la solita storia tra il bene e il male. A Bucha abbiamo visto tutto quello che gli uomini sono capaci di fare. Lungo le strade della citt\u00e0, alla periferia di Kiev, i corpi a terra senza vita di tanti civili che con la guerra non avevano nulla a\u2026","rel":"","context":"In &quot;Attualit\u00e0&quot;","block_context":{"text":"Attualit\u00e0","link":"https:\/\/antoniopascotto.it\/?cat=37"},"img":{"alt_text":"","src":"https:\/\/i0.wp.com\/antoniopascotto.it\/wp-content\/uploads\/2022\/06\/2022-06-03_151553.png?fit=802%2C432&ssl=1&resize=350%2C200","width":350,"height":200},"classes":[]},{"id":1270,"url":"https:\/\/antoniopascotto.it\/?p=1270","url_meta":{"origin":1424,"position":4},"title":"ERAVAMO FELICI MA ASINTOMATICI","author":"Antonio Pascotto","date":"Marzo 28, 2020","format":false,"excerpt":"Mi sembra di vivere in un incubo. Rinchiuso in casa, in piena pandemia. Riscopro le mie cose, riprendo tra le mani libri, fumetti. Rivedo vecchi film. Altri sono nuovi. Molti li avevo persi. Non posso andare a correre, ma ho il tapis roulant, e lo uso. Si che lo uso.\u2026","rel":"","context":"In &quot;Digitale&quot;","block_context":{"text":"Digitale","link":"https:\/\/antoniopascotto.it\/?cat=21"},"img":{"alt_text":"","src":"https:\/\/i0.wp.com\/antoniopascotto.it\/wp-content\/uploads\/2020\/03\/FOTO-DA-PEXELS.jpg?fit=1006%2C496&ssl=1&resize=350%2C200","width":350,"height":200},"classes":[]},{"id":1611,"url":"https:\/\/antoniopascotto.it\/?p=1611","url_meta":{"origin":1424,"position":5},"title":"LE CRISI","author":"Antonio Pascotto","date":"Ottobre 19, 2022","format":false,"excerpt":"Guerra e inquinamento, clima, allarme energetico, pandemia. Forse non avevamo mai registrato tante crisi tutte insieme. Nulla \u00e8 rassicurante in questo periodo storico della nostra vita. Scienziati e ingegneri si danno da fare e preparano il terreno per un mondo migliore, ma gli eventi ci mettono a dura prova. Da\u2026","rel":"","context":"In &quot;Attualit\u00e0&quot;","block_context":{"text":"Attualit\u00e0","link":"https:\/\/antoniopascotto.it\/?cat=37"},"img":{"alt_text":"","src":"https:\/\/i0.wp.com\/antoniopascotto.it\/wp-content\/uploads\/2022\/10\/2022-10-19_090317.png?fit=926%2C424&ssl=1&resize=350%2C200","width":350,"height":200},"classes":[]}],"_links":{"self":[{"href":"https:\/\/antoniopascotto.it\/index.php?rest_route=\/wp\/v2\/posts\/1424"}],"collection":[{"href":"https:\/\/antoniopascotto.it\/index.php?rest_route=\/wp\/v2\/posts"}],"about":[{"href":"https:\/\/antoniopascotto.it\/index.php?rest_route=\/wp\/v2\/types\/post"}],"author":[{"embeddable":true,"href":"https:\/\/antoniopascotto.it\/index.php?rest_route=\/wp\/v2\/users\/2"}],"replies":[{"embeddable":true,"href":"https:\/\/antoniopascotto.it\/index.php?rest_route=%2Fwp%2Fv2%2Fcomments&post=1424"}],"version-history":[{"count":4,"href":"https:\/\/antoniopascotto.it\/index.php?rest_route=\/wp\/v2\/posts\/1424\/revisions"}],"predecessor-version":[{"id":2151,"href":"https:\/\/antoniopascotto.it\/index.php?rest_route=\/wp\/v2\/posts\/1424\/revisions\/2151"}],"wp:featuredmedia":[{"embeddable":true,"href":"https:\/\/antoniopascotto.it\/index.php?rest_route=\/wp\/v2\/media\/1425"}],"wp:attachment":[{"href":"https:\/\/antoniopascotto.it\/index.php?rest_route=%2Fwp%2Fv2%2Fmedia&parent=1424"}],"wp:term":[{"taxonomy":"category","embeddable":true,"href":"https:\/\/antoniopascotto.it\/index.php?rest_route=%2Fwp%2Fv2%2Fcategories&post=1424"},{"taxonomy":"post_tag","embeddable":true,"href":"https:\/\/antoniopascotto.it\/index.php?rest_route=%2Fwp%2Fv2%2Ftags&post=1424"}],"curies":[{"name":"wp","href":"https:\/\/api.w.org\/{rel}","templated":true}]}}