{"id":1417,"date":"2021-01-23T12:44:36","date_gmt":"2021-01-23T12:44:36","guid":{"rendered":"http:\/\/antoniopascotto.it\/?p=1417"},"modified":"2022-03-04T09:25:00","modified_gmt":"2022-03-04T09:25:00","slug":"beata-solitudine","status":"publish","type":"post","link":"https:\/\/antoniopascotto.it\/?p=1417","title":{"rendered":"BEATA SOLITUDINE"},"content":{"rendered":"<p>Mai come in questo periodo ci sentiamo soli. Hai voglia a dire che su Facebook o su Instagram abbiamo migliaia e migliaia di contatti. \u201cIo ho 4mila amici su Facebook\u201d. \u201cIo 5mila, ho dovuto pure aprire un altro profilo, perch\u00e9 il primo non bastava\u201d. \u201cIo su Twitter ho fatto il pieno di follower\u201d. \u201cSu Instagram viaggio sui 700mila\u201d. Insomma, diamo i numeri. Ma in fondo, complice anche la pandemia, chiusi nelle case, rimaniamo soli, spesso assorti nei nostri pensieri. Non che la cosa dispiaccia, a volte. Perch\u00e9 si riesce a dare un senso anche alla solitudine. In un tempo che viene definito sospeso abbiamo anche riscoperto di essere bravi lettori. Abbiamo divorato libri e continuiamo a farlo. E telespettatori incalliti. Ingurgitiamo serie su serie, puntate su puntate, non ci bastano mai. Siamo avidi. Del resto \u00e8 quello che vogliono gli algoritmi.<\/p>\n<p>Ma ci sono dei risvolti che provocano stress e mettono a dura prova le coppie, costrette a una convivenza forzata. Leggo che sono aumentati i divorzi. Le misure restrittive hanno consumato i legami. E l\u2019amore. Come dire: prima del virus ci eravamo illusi, ma ora abbiamo le idee pi\u00f9 chiare. Eppure era stata proprio la paura a farci sentire pi\u00f9 vicini. Forse, allora, si trattava solo di questo? Credo che sia troppo presto per fare bilanci. Occorre aspettare. Certamente c&#8217;\u00e8 la rabbia che in molti hanno accumulato per la mancanza di quel contatto sociale che riusciva a riequilibrare i rapporti.\u00a0Non ci sono gli abbracci e le strette di mano. Tutto vero. Ma dobbiamo cercare di reagire e riscoprire, come dicevo, piccoli gesti che diventano grandi. E se ci mancano le cenette, possiamo allenarci in cucina in attesa di tempi migliori. Saremo pronti a ospitare al meglio i nostri amici preparando per loro gustosi manicaretti. E magari, a fine cena, potremo imbracciare la chitarra che nel frattempo era stata accantonata in soffitta, per canticchiare il brano preferito. Si, perch\u00e9 il lockdown pu\u00f2 servire anche a riscoprire vecchie passioni dimenticate, come quella di suonare uno strumento musicale. Utile a placare l\u2019irrequietezza di una chiusura forzata in casa.<\/p>\n<p>A parte le coppie in crisi, i pi\u00f9 penalizzati sono i giovani. La loro capacit\u00e0 di adattamento a comunicare con gli altri attraverso videochat e social non basta. Non bastano i vari Zoom o Skype, o Microsoft Teams per sentirsi pi\u00f9 vicini. Le cronache ci restituiscono ogni giorno storie di studenti che manifestano davanti ai loro istituti per chiedere che venga messa la parola fine alla didattica a distanza. Chi l\u2019avrebbe mai detto. C\u2019\u00e8 la voglia di tornare tra i banchi, perch\u00e9 Internet \u00e8 una finestra sul mondo, \u00e8 vero, ma dietro allo schermo di un computer o al display di un cellulare c\u2019\u00e8 tutta una vita. E nessuna tecnologia digitale potr\u00e0 mai sostituire quello che stiamo perdendo. Anche in questo caso \u00e8 necessario trovare le risorse per combattere apatia e mancanza di fiducia generate dalle restrizioni. Il secondo lockdown \u00e8 pi\u00f9 faticoso del primo. E allora diamoci una motivazione. Con l\u2019auspicio di non sentire pi\u00f9 qualcuno che dica: \u201c\u00e8 una generazione dimenticata\u201d.<\/p>\n<p>Personalmente non ho mai demonizzato la solitudine. Lo dicevo all\u2019inizio. L\u2019ho pure scritto in qualche libro. Forse non \u00e8 un bell\u2019esempio. Ma a volte, quando sono solo, riconquisto dei momenti di assoluta libert\u00e0 che agevolano la riflessione. Lo dico perch\u00e9 i ritmi imposti dalla routine quotidiana e dalla stessa tecnologia ci hanno reso distratti. Passiamo troppo in fretta da una cosa all\u2019altra. Sul Web ottieniamo subito la risposta a un nostro quesito . Il nostro cervello traduce le informazioni ma non si concentra per pi\u00f9 di una manciata di secondi. Oggi, separati dal contesto sociale, che prima della pandemia incuteva timore, ci sentiamo meno sicuri, e il Web non \u00e8 pi\u00f9 il ripiego o il rifugio dove si rischia di meno rispetto al contatto diretto con le persone. Non dimentichiamolo quando tutto sar\u00e0 finito.<\/p>\n<p>NELL&#8217;IMMAGINE:\u00a0<em>Edward Hopper, Room in New York, 1932<\/em><\/p>\n","protected":false},"excerpt":{"rendered":"<p>Mai come in questo periodo ci sentiamo soli. Hai voglia a dire che su Facebook o su Instagram abbiamo migliaia e migliaia di contatti. \u201cIo ho 4mila amici su Facebook\u201d. \u201cIo 5mila, ho dovuto pure aprire un altro profilo, perch\u00e9 il primo non bastava\u201d. \u201cIo su Twitter ho fatto il pieno di follower\u201d. \u201cSu Instagram [&hellip;]<\/p>\n","protected":false},"author":2,"featured_media":1418,"comment_status":"open","ping_status":"open","sticky":false,"template":"","format":"image","meta":{"advanced_seo_description":"","jetpack_seo_html_title":"","jetpack_seo_noindex":false,"jetpack_post_was_ever_published":false,"_jetpack_newsletter_access":"","jetpack_publicize_message":"","jetpack_is_tweetstorm":false,"jetpack_publicize_feature_enabled":true,"jetpack_social_post_already_shared":true,"jetpack_social_options":{"image_generator_settings":{"template":"highway","enabled":false}}},"categories":[231,297,3],"tags":[331,71,298,14],"jetpack_publicize_connections":[],"jetpack_featured_media_url":"https:\/\/i0.wp.com\/antoniopascotto.it\/wp-content\/uploads\/2021\/01\/hopper.jpg?fit=729%2C394&ssl=1","jetpack_sharing_enabled":true,"jetpack_shortlink":"https:\/\/wp.me\/p8swp8-mR","jetpack-related-posts":[{"id":1284,"url":"https:\/\/antoniopascotto.it\/?p=1284","url_meta":{"origin":1417,"position":0},"title":"IL CIELO IN UNA STANZA","author":"Antonio Pascotto","date":"Aprile 15, 2020","format":"image","excerpt":"\u00a0 Mi guardo attorno e osservo con particolare attenzione la mia stanza come mai prima d\u2019ora. I quadri appesi al muro, le foto nelle cornici, i libri, gli appunti sulla scrivania, i computer. Ne ho pi\u00f9 di uno, e spesso sono accesi tutti nello stesso momento. Ho un bel balcone\u2026","rel":"","context":"In &quot;Digitale&quot;","block_context":{"text":"Digitale","link":"https:\/\/antoniopascotto.it\/?cat=21"},"img":{"alt_text":"","src":"https:\/\/i0.wp.com\/antoniopascotto.it\/wp-content\/uploads\/2020\/04\/2020-04-15_101148.jpg?fit=941%2C457&ssl=1&resize=350%2C200","width":350,"height":200},"classes":[]},{"id":1263,"url":"https:\/\/antoniopascotto.it\/?p=1263","url_meta":{"origin":1417,"position":1},"title":"SOLITUDINE DIGITALE","author":"Antonio Pascotto","date":"Marzo 8, 2020","format":"image","excerpt":"Ci voleva il coronavirus per farci tornare con i piedi per terra. Nel senso che, con le limitazioni volute, a giusta ragione, dal governo, ora ci rendiamo conto di quanto sia triste non abbracciare gli amici, non stringere le mani a nessuno, non baciarsi sulla guancia in segno di saluto\u2026","rel":"","context":"In &quot;Digitale&quot;","block_context":{"text":"Digitale","link":"https:\/\/antoniopascotto.it\/?cat=21"},"img":{"alt_text":"","src":"https:\/\/i0.wp.com\/antoniopascotto.it\/wp-content\/uploads\/2020\/03\/Edvard-Munch-Melancholy-1894-96.jpg?fit=701%2C387&ssl=1&resize=350%2C200","width":350,"height":200},"classes":[]},{"id":632,"url":"https:\/\/antoniopascotto.it\/?p=632","url_meta":{"origin":1417,"position":2},"title":"L\u2019ILLUSIONE DELLA MAGGIORANZA","author":"Antonio Pascotto","date":"Aprile 10, 2018","format":"image","excerpt":"Le decisioni spesso dipendono dalle scelte o dagli stati d\u2019animo di altre persone. C\u2019\u00e8 un effetto chiamato 'l\u2019illusione della maggioranza'. Si tratta di un fenomeno per il quale una persona pu\u00f2 osservare un comportamento dei suoi amici considerandolo giusto anche se, nella maggioranza dei casi, non lo \u00e8. Si dovrebbe\u2026","rel":"","context":"In &quot;Psicologia&quot;","block_context":{"text":"Psicologia","link":"https:\/\/antoniopascotto.it\/?cat=206"},"img":{"alt_text":"","src":"https:\/\/i0.wp.com\/antoniopascotto.it\/wp-content\/uploads\/2018\/04\/2018-04-10_154414.jpg?fit=748%2C395&ssl=1&resize=350%2C200","width":350,"height":200},"classes":[]},{"id":1241,"url":"https:\/\/antoniopascotto.it\/?p=1241","url_meta":{"origin":1417,"position":3},"title":"LE NOSTRE PAURE","author":"Antonio Pascotto","date":"Marzo 4, 2020","format":"image","excerpt":"Abbiamo paura, e nell\u2019averla mettiamo in evidenza tutte le nostre debolezze. Che sia il terrorismo islamico o il timore di un contagio da coronavirus alla fine dobbiamo ammetterlo: siamo in preda a qualcosa che \u00e8 sempre pi\u00f9 grande di noi, e quasi sempre non abbiamo modo di alzare le nostre\u2026","rel":"","context":"In &quot;Attualit\u00e0&quot;","block_context":{"text":"Attualit\u00e0","link":"https:\/\/antoniopascotto.it\/?cat=37"},"img":{"alt_text":"","src":"https:\/\/i0.wp.com\/antoniopascotto.it\/wp-content\/uploads\/2020\/03\/2020-03-04_051853.jpg?fit=1156%2C532&ssl=1&resize=350%2C200","width":350,"height":200},"classes":[]},{"id":1270,"url":"https:\/\/antoniopascotto.it\/?p=1270","url_meta":{"origin":1417,"position":4},"title":"ERAVAMO FELICI MA ASINTOMATICI","author":"Antonio Pascotto","date":"Marzo 28, 2020","format":false,"excerpt":"Mi sembra di vivere in un incubo. Rinchiuso in casa, in piena pandemia. Riscopro le mie cose, riprendo tra le mani libri, fumetti. Rivedo vecchi film. Altri sono nuovi. Molti li avevo persi. Non posso andare a correre, ma ho il tapis roulant, e lo uso. Si che lo uso.\u2026","rel":"","context":"In &quot;Digitale&quot;","block_context":{"text":"Digitale","link":"https:\/\/antoniopascotto.it\/?cat=21"},"img":{"alt_text":"","src":"https:\/\/i0.wp.com\/antoniopascotto.it\/wp-content\/uploads\/2020\/03\/FOTO-DA-PEXELS.jpg?fit=1006%2C496&ssl=1&resize=350%2C200","width":350,"height":200},"classes":[]},{"id":752,"url":"https:\/\/antoniopascotto.it\/?p=752","url_meta":{"origin":1417,"position":5},"title":"LE PREVISIONI DEL TEMPO","author":"Antonio Pascotto","date":"Luglio 30, 2018","format":"image","excerpt":"La testa china sul telefonino, stretto stretto tra le mani. Siamo ansiosi, nervosi. Per la ventesima volta nel giro di un quarto d'ora verifichiamo il sito meteo per capire se davvero quel giorno piover\u00e0. Eppure mancano quasi due settimane. Ma noi abbiamo gi\u00e0 prenotato la vacanza. Forse piover\u00e0, forse no.\u2026","rel":"","context":"In &quot;Riflessioni&quot;","block_context":{"text":"Riflessioni","link":"https:\/\/antoniopascotto.it\/?cat=231"},"img":{"alt_text":"","src":"https:\/\/i0.wp.com\/antoniopascotto.it\/wp-content\/uploads\/2018\/07\/PREVISIONI-DEL-TEMPO.jpg?fit=630%2C357&ssl=1&resize=350%2C200","width":350,"height":200},"classes":[]}],"_links":{"self":[{"href":"https:\/\/antoniopascotto.it\/index.php?rest_route=\/wp\/v2\/posts\/1417"}],"collection":[{"href":"https:\/\/antoniopascotto.it\/index.php?rest_route=\/wp\/v2\/posts"}],"about":[{"href":"https:\/\/antoniopascotto.it\/index.php?rest_route=\/wp\/v2\/types\/post"}],"author":[{"embeddable":true,"href":"https:\/\/antoniopascotto.it\/index.php?rest_route=\/wp\/v2\/users\/2"}],"replies":[{"embeddable":true,"href":"https:\/\/antoniopascotto.it\/index.php?rest_route=%2Fwp%2Fv2%2Fcomments&post=1417"}],"version-history":[{"count":8,"href":"https:\/\/antoniopascotto.it\/index.php?rest_route=\/wp\/v2\/posts\/1417\/revisions"}],"predecessor-version":[{"id":1589,"href":"https:\/\/antoniopascotto.it\/index.php?rest_route=\/wp\/v2\/posts\/1417\/revisions\/1589"}],"wp:featuredmedia":[{"embeddable":true,"href":"https:\/\/antoniopascotto.it\/index.php?rest_route=\/wp\/v2\/media\/1418"}],"wp:attachment":[{"href":"https:\/\/antoniopascotto.it\/index.php?rest_route=%2Fwp%2Fv2%2Fmedia&parent=1417"}],"wp:term":[{"taxonomy":"category","embeddable":true,"href":"https:\/\/antoniopascotto.it\/index.php?rest_route=%2Fwp%2Fv2%2Fcategories&post=1417"},{"taxonomy":"post_tag","embeddable":true,"href":"https:\/\/antoniopascotto.it\/index.php?rest_route=%2Fwp%2Fv2%2Ftags&post=1417"}],"curies":[{"name":"wp","href":"https:\/\/api.w.org\/{rel}","templated":true}]}}