{"id":1395,"date":"2020-12-23T19:25:20","date_gmt":"2020-12-23T19:25:20","guid":{"rendered":"http:\/\/antoniopascotto.it\/?p=1395"},"modified":"2022-06-03T13:30:41","modified_gmt":"2022-06-03T13:30:41","slug":"pioggia-su-roma","status":"publish","type":"post","link":"https:\/\/antoniopascotto.it\/?p=1395","title":{"rendered":"PIOGGIA SU ROMA"},"content":{"rendered":"<p>&nbsp;<\/p>\n<p>La pioggia scende copiosa e insistente su una Roma semideserta, mentre le gocce tamburellano le lamiere dell&#8217;auto che schizza acqua dai tergicristalli, accompagnandoci lungo il percorso come il suono di un concerto. Ma nemmeno il maltempo riesce a cancellare l&#8217;atmosfera magica di una citt\u00e0 che non \u00e8 mai monotona. I vetri un po&#8217; appannati ci restituiscono comunque lo splendore delle strade, delle piazze, dei palazzi. Nonostante il cielo sia coperto da fitte nuove che non lasciano intravedere nessuna schiarita.<\/p>\n<p>Roma \u00e8 bella anche quando piove, hanno ragione cantanti e poeti. Anzi, il riflesso delle pozzanghere raddoppia la visione. Se stai in auto lo noti di meno. A piedi, anche se inzuppati e fradici, perch\u00e9 l&#8217;ombrello acquistato al momento dagli ambulanti costava troppo poco per essere vero, \u00e8 un&#8217;altra cosa.<\/p>\n<p>Da via del Corso al Pincio sembra quasi un giro turistico. Il museo a cielo aperto non chiude mai, nemmeno in tempi di pandemia. Piazza del Popolo senza popolo toglie il fiato. Piazza Augusto Imperatore fa lo stesso effetto. Il mausoleo \u00e8 colorato, sulle mura del Museo dell&#8217;Ara Pacis viene proiettata una figura che si distingue a malapena, mentre i tergicristalli seguono quasi il movimento delle palpebre.<\/p>\n<p>Anche i palazzi della politica sono colorati. Certamente meno grigi rispetto alle quotidiane cronache parlamentari condite da divisioni e polemiche che non smettono mai. Neppure quando ci sarebbe bisogno del contrario.<\/p>\n<p>Ecco corso Vittorio Emanuele. Per i romani solo corso Vittorio. Lo chiamano cos\u00ec, come si chiama un amico. E largo Argentina, piazza del Ges\u00f9, Botteghe Oscure, fino a piazza Venezia, dove troneggia Spelacchio, che tanto Spelacchio non \u00e8 pi\u00f9. Si \u00e8 riacceso spavaldo davanti al Vittoriano e sotto il famoso balcone di palazzo Venezia. Per qualcuno \u00e8 la metafora della citt\u00e0 che rinasce. Forse \u00e8 esagerato, ma stavolta l&#8217;abete non perde aghi e svetta orgoglioso sulla piazza. Poco distante si vedono le luminarie artistiche di via del corso che compongono le citazioni di versi famosi di canzoni e stornelli romaneschi.<\/p>\n<p>Anche il Campidoglio riflette il tricolore. E noi, orgogliosi quasi come Spelacchio, canticchiamo nell&#8217;abitacolo dell&#8217;auto le strofe di quelle canzoni che abbiamo letto qualche attimo prima. Piove, ma anche stasera Roma, come sempre, non fa la stupida.<\/p>\n<p><strong><a href=\"https:\/\/www.youtube.com\/watch?v=qiLkNN1Gtog\" target=\"_blank\" rel=\"noopener noreferrer\">VIDEO<\/a><\/strong><\/p>\n","protected":false},"excerpt":{"rendered":"<p>&nbsp; La pioggia scende copiosa e insistente su una Roma semideserta, mentre le gocce tamburellano le lamiere dell&#8217;auto che schizza acqua dai tergicristalli, accompagnandoci lungo il percorso come il suono di un concerto. Ma nemmeno il maltempo riesce a cancellare l&#8217;atmosfera magica di una citt\u00e0 che non \u00e8 mai monotona. I vetri un po&#8217; appannati [&hellip;]<\/p>\n","protected":false},"author":2,"featured_media":1396,"comment_status":"open","ping_status":"open","sticky":false,"template":"","format":"image","meta":{"advanced_seo_description":"","jetpack_seo_html_title":"","jetpack_seo_noindex":false,"jetpack_post_was_ever_published":false,"_jetpack_newsletter_access":"","jetpack_publicize_message":"","jetpack_is_tweetstorm":false,"jetpack_publicize_feature_enabled":true,"jetpack_social_post_already_shared":true,"jetpack_social_options":{"image_generator_settings":{"template":"highway","enabled":false}}},"categories":[9],"tags":[327,60],"jetpack_publicize_connections":[],"jetpack_featured_media_url":"https:\/\/i0.wp.com\/antoniopascotto.it\/wp-content\/uploads\/2020\/12\/PIOGGIA.png?fit=811%2C385&ssl=1","jetpack_sharing_enabled":true,"jetpack_shortlink":"https:\/\/wp.me\/p8swp8-mv","jetpack-related-posts":[{"id":2085,"url":"https:\/\/antoniopascotto.it\/?p=2085","url_meta":{"origin":1395,"position":0},"title":"ROMANZO DIGITALE. IL NUOVO LIBRO DI ANTONIO PASCOTTO PRESENTATO A BANCA GENERALI DI ROMA","author":"Antonio Pascotto","date":"Gennaio 26, 2026","format":"image","excerpt":"ROMA \u2013 Un nuovo appuntamento con il pubblico per Antonio Pascotto e il suo Romanzo Digitale. Nella sala riunioni di Banca Generali, a Roma, il giornalista Mediaset ha presentato il libro, edito da Jolly Roger, che affronta una serie di temi analizzati con gli interventi di Sara Manfuso, firma del\u2026","rel":"","context":"In &quot;Intelligenza Artificiale&quot;","block_context":{"text":"Intelligenza Artificiale","link":"https:\/\/antoniopascotto.it\/?cat=400"},"img":{"alt_text":"","src":"https:\/\/i0.wp.com\/antoniopascotto.it\/wp-content\/uploads\/2024\/09\/2024-09-24_100235.jpg?fit=904%2C331&ssl=1&resize=350%2C200","width":350,"height":200},"classes":[]},{"id":1127,"url":"https:\/\/antoniopascotto.it\/?p=1127","url_meta":{"origin":1395,"position":1},"title":"FABRIZIO, I LIBRI E IL LAVORO","author":"Antonio Pascotto","date":"Settembre 30, 2019","format":"image","excerpt":"Uno dei miei scrittori preferiti \u00e8 senza dubbio Fabrizio Falconi, amico e collega di lunga data. Lavoriamo insieme a Mediaset da quasi 27 anni. Un bel po di tempo, non c'\u00e8 che dire. Ho letto quasi tutti i suoi libri. E ho cominciato a sfogliare il suo ultimo lavoro, interessantissimo,\u2026","rel":"","context":"In &quot;Cultura&quot;","block_context":{"text":"Cultura","link":"https:\/\/antoniopascotto.it\/?cat=72"},"img":{"alt_text":"","src":"https:\/\/i0.wp.com\/antoniopascotto.it\/wp-content\/uploads\/2019\/09\/2019-09-30_082847.jpg?fit=467%2C307&ssl=1&resize=350%2C200","width":350,"height":200},"classes":[]},{"id":1429,"url":"https:\/\/antoniopascotto.it\/?p=1429","url_meta":{"origin":1395,"position":2},"title":"IL TEMPO SOSPESO","author":"Antonio Pascotto","date":"Aprile 1, 2021","format":false,"excerpt":"Il tempo, cos\u00ec misterioso. Il tempo, che misura ore, giorni, settimane, anni. Il tempo che non passa mai, o che passa troppo veloce. Il tempo libero, e quello occupato dal lavoro. Il tempo come ritmo frenetico della vita, accompagnato dallo stress e dagli orologi. La vita che scorre segnata dalla\u2026","rel":"","context":"In &quot;Attualit\u00e0&quot;","block_context":{"text":"Attualit\u00e0","link":"https:\/\/antoniopascotto.it\/?cat=37"},"img":{"alt_text":"","src":"https:\/\/i0.wp.com\/antoniopascotto.it\/wp-content\/uploads\/2021\/04\/LA-PERSISTENZA-DELLA-MEMORIA.png?fit=763%2C464&ssl=1&resize=350%2C200","width":350,"height":200},"classes":[]},{"id":897,"url":"https:\/\/antoniopascotto.it\/?p=897","url_meta":{"origin":1395,"position":3},"title":"IL MONDO SENZA INTERNET","author":"Antonio Pascotto","date":"Luglio 6, 2019","format":"image","excerpt":"Il 10 luglio a Roma la presentazione ufficiale del nuovo, sorprendente lavoro di Antonio Pascotto sul mondo improvvisamente \u201corfano\u201d della Rete e del Web Roma, Grand Hotel Plaza, via del Corso 126, ore 18.30 mercoled\u00ec 10 luglio, ore 18,30 Come sarebbe svegliarsi una mattina e scoprire che, per motivi di\u2026","rel":"","context":"In &quot;Internet&quot;","block_context":{"text":"Internet","link":"https:\/\/antoniopascotto.it\/?cat=262"},"img":{"alt_text":"","src":"https:\/\/i0.wp.com\/antoniopascotto.it\/wp-content\/uploads\/2019\/07\/2019-07-06_085109.jpg?fit=595%2C389&ssl=1&resize=350%2C200","width":350,"height":200},"classes":[]},{"id":907,"url":"https:\/\/antoniopascotto.it\/?p=907","url_meta":{"origin":1395,"position":4},"title":"IL MONDO SENZA INTERNET. IL FOTORACCONTO","author":"Antonio Pascotto","date":"Agosto 3, 2019","format":"image","excerpt":"Alla presentazione del mio libro, IL MONDO SENZA INTERNET, ci siamo proprio divertiti. Si, perch\u00e9 per me la presentazione di un lavoro \u00e8 anche un momento per stare insieme con gli amici, guardandosi negli occhi, interagendo con il fisico e con la mente. Cose che online non si possono fare.\u2026","rel":"","context":"In &quot;Digitale&quot;","block_context":{"text":"Digitale","link":"https:\/\/antoniopascotto.it\/?cat=21"},"img":{"alt_text":"","src":"https:\/\/i0.wp.com\/antoniopascotto.it\/wp-content\/uploads\/2019\/08\/2019-07-12_101142.jpg?fit=1200%2C739&ssl=1&resize=350%2C200","width":350,"height":200},"classes":[]},{"id":1481,"url":"https:\/\/antoniopascotto.it\/?p=1481","url_meta":{"origin":1395,"position":5},"title":"EVENTI","author":"Antonio Pascotto","date":"Ottobre 10, 2021","format":false,"excerpt":"Penso a una serie di eventi che oramai fanno parte della storia, e sono accaduti durante il secolo scorso. E li abbiamo vissuti. E li ricordiamo quando oramai sono trascorsi oltre vent'anni dall'inizio del nuovo secolo. Sembra strano. E in effetti non capita a tutti vivere abbastanza intensamente una serie\u2026","rel":"","context":"In &quot;Avvenimenti&quot;","block_context":{"text":"Avvenimenti","link":"https:\/\/antoniopascotto.it\/?cat=211"},"img":{"alt_text":"","src":"https:\/\/i0.wp.com\/antoniopascotto.it\/wp-content\/uploads\/2021\/10\/de-chirico.png?fit=686%2C401&ssl=1&resize=350%2C200","width":350,"height":200},"classes":[]}],"_links":{"self":[{"href":"https:\/\/antoniopascotto.it\/index.php?rest_route=\/wp\/v2\/posts\/1395"}],"collection":[{"href":"https:\/\/antoniopascotto.it\/index.php?rest_route=\/wp\/v2\/posts"}],"about":[{"href":"https:\/\/antoniopascotto.it\/index.php?rest_route=\/wp\/v2\/types\/post"}],"author":[{"embeddable":true,"href":"https:\/\/antoniopascotto.it\/index.php?rest_route=\/wp\/v2\/users\/2"}],"replies":[{"embeddable":true,"href":"https:\/\/antoniopascotto.it\/index.php?rest_route=%2Fwp%2Fv2%2Fcomments&post=1395"}],"version-history":[{"count":3,"href":"https:\/\/antoniopascotto.it\/index.php?rest_route=\/wp\/v2\/posts\/1395\/revisions"}],"predecessor-version":[{"id":1399,"href":"https:\/\/antoniopascotto.it\/index.php?rest_route=\/wp\/v2\/posts\/1395\/revisions\/1399"}],"wp:featuredmedia":[{"embeddable":true,"href":"https:\/\/antoniopascotto.it\/index.php?rest_route=\/wp\/v2\/media\/1396"}],"wp:attachment":[{"href":"https:\/\/antoniopascotto.it\/index.php?rest_route=%2Fwp%2Fv2%2Fmedia&parent=1395"}],"wp:term":[{"taxonomy":"category","embeddable":true,"href":"https:\/\/antoniopascotto.it\/index.php?rest_route=%2Fwp%2Fv2%2Fcategories&post=1395"},{"taxonomy":"post_tag","embeddable":true,"href":"https:\/\/antoniopascotto.it\/index.php?rest_route=%2Fwp%2Fv2%2Ftags&post=1395"}],"curies":[{"name":"wp","href":"https:\/\/api.w.org\/{rel}","templated":true}]}}